{"id":23090,"date":"2024-09-02T14:22:55","date_gmt":"2024-09-02T17:22:55","guid":{"rendered":"https:\/\/pc.sc.gov.br\/?p=23090"},"modified":"2024-09-02T14:25:05","modified_gmt":"2024-09-02T17:25:05","slug":"pcsc-participa-do-1o-encontro-tecnico-da-rede-nacional-de-unidades-especializadas-de-enfrentamento-as-organizacoes-criminosas","status":"publish","type":"post","link":"https:\/\/pc.sc.gov.br\/?p=23090","title":{"rendered":"PCSC participa do 1\u00ba Encontro T\u00e9cnico da Rede Nacional de Unidades Especializadas de Enfrentamento \u00e0s Organiza\u00e7\u00f5es Criminosas"},"content":{"rendered":"\t\t<div data-elementor-type=\"wp-post\" data-elementor-id=\"23090\" class=\"elementor elementor-23090\" data-elementor-post-type=\"post\">\n\t\t\t\t\t\t<section class=\"elementor-section elementor-top-section elementor-element elementor-element-0ec065d elementor-section-boxed elementor-section-height-default elementor-section-height-default\" data-id=\"0ec065d\" data-element_type=\"section\">\n\t\t\t\t\t\t<div class=\"elementor-container elementor-column-gap-default\">\n\t\t\t\t\t<div class=\"elementor-column elementor-col-100 elementor-top-column elementor-element elementor-element-8050857\" data-id=\"8050857\" data-element_type=\"column\">\n\t\t\t<div class=\"elementor-widget-wrap elementor-element-populated\">\n\t\t\t\t\t\t<div class=\"elementor-element elementor-element-f8df2f6 elementor-widget elementor-widget-heading\" data-id=\"f8df2f6\" data-element_type=\"widget\" data-widget_type=\"heading.default\">\n\t\t\t\t<div class=\"elementor-widget-container\">\n\t\t\t\t\t<h2 class=\"elementor-heading-title elementor-size-default\">PCSC participa do 1\u00ba Encontro T\u00e9cnico da Rede Nacional de Unidades Especializadas de Enfrentamento \u00e0s Organiza\u00e7\u00f5es Criminosas<\/h2>\t\t\t\t<\/div>\n\t\t\t\t<\/div>\n\t\t\t\t\t<\/div>\n\t\t<\/div>\n\t\t\t\t\t<\/div>\n\t\t<\/section>\n\t\t\t\t<section class=\"elementor-section elementor-top-section elementor-element elementor-element-d093101 elementor-section-boxed elementor-section-height-default elementor-section-height-default\" data-id=\"d093101\" data-element_type=\"section\">\n\t\t\t\t\t\t<div class=\"elementor-container elementor-column-gap-default\">\n\t\t\t\t\t<div class=\"elementor-column elementor-col-100 elementor-top-column elementor-element elementor-element-c1fcb46\" data-id=\"c1fcb46\" data-element_type=\"column\">\n\t\t\t<div class=\"elementor-widget-wrap elementor-element-populated\">\n\t\t\t\t\t\t<div class=\"elementor-element elementor-element-b6ddf6d elementor-widget elementor-widget-image\" data-id=\"b6ddf6d\" data-element_type=\"widget\" data-widget_type=\"image.default\">\n\t\t\t\t<div class=\"elementor-widget-container\">\n\t\t\t\t\t\t\t\t\t\t\t\t\t\t\t<img fetchpriority=\"high\" decoding=\"async\" width=\"696\" height=\"462\" src=\"https:\/\/pc.sc.gov.br\/\/wp-content\/uploads\/2024\/09\/eeabeb4a-1f37-4af9-948b-d61a06eab7d4-fotor-20240902142333-1024x679.jpg\" class=\"attachment-large size-large wp-image-23093\" alt=\"\" srcset=\"https:\/\/pc.sc.gov.br\/\/wp-content\/uploads\/2024\/09\/eeabeb4a-1f37-4af9-948b-d61a06eab7d4-fotor-20240902142333-1024x679.jpg 1024w, https:\/\/pc.sc.gov.br\/\/wp-content\/uploads\/2024\/09\/eeabeb4a-1f37-4af9-948b-d61a06eab7d4-fotor-20240902142333-300x199.jpg 300w, https:\/\/pc.sc.gov.br\/\/wp-content\/uploads\/2024\/09\/eeabeb4a-1f37-4af9-948b-d61a06eab7d4-fotor-20240902142333-768x509.jpg 768w, https:\/\/pc.sc.gov.br\/\/wp-content\/uploads\/2024\/09\/eeabeb4a-1f37-4af9-948b-d61a06eab7d4-fotor-20240902142333.jpg 1051w\" sizes=\"(max-width: 696px) 100vw, 696px\" \/>\t\t\t\t\t\t\t\t\t\t\t\t\t\t\t<\/div>\n\t\t\t\t<\/div>\n\t\t\t\t\t<\/div>\n\t\t<\/div>\n\t\t\t\t\t<\/div>\n\t\t<\/section>\n\t\t\t\t<section class=\"elementor-section elementor-top-section elementor-element elementor-element-8beb2c6 elementor-section-boxed elementor-section-height-default elementor-section-height-default\" data-id=\"8beb2c6\" data-element_type=\"section\">\n\t\t\t\t\t\t<div class=\"elementor-container elementor-column-gap-default\">\n\t\t\t\t\t<div class=\"elementor-column elementor-col-100 elementor-top-column elementor-element elementor-element-62fded9\" data-id=\"62fded9\" data-element_type=\"column\">\n\t\t\t<div class=\"elementor-widget-wrap elementor-element-populated\">\n\t\t\t\t\t\t<div class=\"elementor-element elementor-element-65bf868 elementor-widget elementor-widget-text-editor\" data-id=\"65bf868\" data-element_type=\"widget\" data-widget_type=\"text-editor.default\">\n\t\t\t\t<div class=\"elementor-widget-container\">\n\t\t\t\t\t\t\t\t\t<p>A Pol\u00edcia Civil de Santa Catarina est\u00e1 participando do 1\u00ba Encontro T\u00e9cnico da Rede Nacional de Unidades Especializadas de Enfrentamento das Organiza\u00e7\u00f5es Criminosas (Renorcrim). O delegado Ant\u00f4nio Cl\u00e1udio Seixas J\u00f3ca, titular da Delegacia de Repress\u00e3o ao Crime Organizado (DRACO) da Diretoria Estadual de Investiga\u00e7\u00f5es Criminais (DEIC), est\u00e1 representando a PCSC, no evento que ocorre de hoje, 2, at\u00e9 o dia 04 de setembro, em Bras\u00edlia. O encontro \u00e9 uma iniciativa da Secretaria Nacional de Justi\u00e7a, por meio da Diretoria de Opera\u00e7\u00f5es Integradas e de Intelig\u00eancia (Diopi).<\/p><p>O Encontro da Renorcrim contar\u00e1 com a participa\u00e7\u00e3o de Delegados(as) de Pol\u00edcia e Promotores(as) de Justi\u00e7a de todas as 27 Unidades Federativas, bem como do Minist\u00e9rio P\u00fablico Federal. Est\u00e3o previstas diversas palestras com a tem\u00e1tica de enfrentamento do crime organizado, focando principalmente em a\u00e7\u00f5es de integra\u00e7\u00e3o entre as institui\u00e7\u00f5es e de descapitaliza\u00e7\u00e3o das organiza\u00e7\u00f5es criminosas.<\/p><p>A Renorcrim \u00e9 composta por todos os Delegados(as) de Pol\u00edcia Civil titulares de unidades especializadas no enfrentamento das organiza\u00e7\u00f5es criminosas nas 27 Unidades Federativas. O objetivo \u00e9 fortalecer o combate \u00e0s organiza\u00e7\u00f5es criminosas por meio da promo\u00e7\u00e3o da integra\u00e7\u00e3o institucional e do compartilhamento de conhecimento entre as unidades especializadas.<\/p><p>Essa estrat\u00e9gia est\u00e1 sendo coordenada pela Diopi, que implementar\u00e1 uma abordagem inteligente e eficaz, visando desmantelar as estruturas das organiza\u00e7\u00f5es criminosas de maneira hol\u00edstica e sustent\u00e1vel. A estrat\u00e9gia incluir\u00e1 a participa\u00e7\u00e3o de outros \u00f3rg\u00e3os federais e estaduais, bem como de entidades ligadas ao Sistema de Justi\u00e7a Criminal.\u00a0<\/p>\t\t\t\t\t\t\t\t<\/div>\n\t\t\t\t<\/div>\n\t\t\t\t\t<\/div>\n\t\t<\/div>\n\t\t\t\t\t<\/div>\n\t\t<\/section>\n\t\t\t\t<\/div>\n\t\t","protected":false},"excerpt":{"rendered":"<p>PCSC participa do 1\u00ba Encontro T\u00e9cnico da Rede Nacional de Unidades Especializadas de Enfrentamento \u00e0s Organiza\u00e7\u00f5es Criminosas A Pol\u00edcia Civil de Santa Catarina est\u00e1 participando do 1\u00ba Encontro T\u00e9cnico da Rede Nacional de Unidades Especializadas de Enfrentamento das Organiza\u00e7\u00f5es Criminosas (Renorcrim). O delegado Ant\u00f4nio Cl\u00e1udio Seixas J\u00f3ca, titular da Delegacia de Repress\u00e3o ao Crime Organizado [&hellip;]<\/p>\n","protected":false},"author":5,"featured_media":23093,"comment_status":"closed","ping_status":"open","sticky":false,"template":"","format":"standard","meta":{"_monsterinsights_skip_tracking":false,"_monsterinsights_sitenote_active":false,"_monsterinsights_sitenote_note":"","_monsterinsights_sitenote_category":0,"footnotes":""},"categories":[1],"tags":[],"class_list":["post-23090","post","type-post","status-publish","format-standard","has-post-thumbnail","hentry","category-sem-categoria"],"_links":{"self":[{"href":"https:\/\/pc.sc.gov.br\/index.php?rest_route=\/wp\/v2\/posts\/23090","targetHints":{"allow":["GET"]}}],"collection":[{"href":"https:\/\/pc.sc.gov.br\/index.php?rest_route=\/wp\/v2\/posts"}],"about":[{"href":"https:\/\/pc.sc.gov.br\/index.php?rest_route=\/wp\/v2\/types\/post"}],"author":[{"embeddable":true,"href":"https:\/\/pc.sc.gov.br\/index.php?rest_route=\/wp\/v2\/users\/5"}],"replies":[{"embeddable":true,"href":"https:\/\/pc.sc.gov.br\/index.php?rest_route=%2Fwp%2Fv2%2Fcomments&post=23090"}],"version-history":[{"count":4,"href":"https:\/\/pc.sc.gov.br\/index.php?rest_route=\/wp\/v2\/posts\/23090\/revisions"}],"predecessor-version":[{"id":23096,"href":"https:\/\/pc.sc.gov.br\/index.php?rest_route=\/wp\/v2\/posts\/23090\/revisions\/23096"}],"wp:featuredmedia":[{"embeddable":true,"href":"https:\/\/pc.sc.gov.br\/index.php?rest_route=\/wp\/v2\/media\/23093"}],"wp:attachment":[{"href":"https:\/\/pc.sc.gov.br\/index.php?rest_route=%2Fwp%2Fv2%2Fmedia&parent=23090"}],"wp:term":[{"taxonomy":"category","embeddable":true,"href":"https:\/\/pc.sc.gov.br\/index.php?rest_route=%2Fwp%2Fv2%2Fcategories&post=23090"},{"taxonomy":"post_tag","embeddable":true,"href":"https:\/\/pc.sc.gov.br\/index.php?rest_route=%2Fwp%2Fv2%2Ftags&post=23090"}],"curies":[{"name":"wp","href":"https:\/\/api.w.org\/{rel}","templated":true}]}}