{"id":23103,"date":"2024-09-03T13:49:53","date_gmt":"2024-09-03T16:49:53","guid":{"rendered":"https:\/\/pc.sc.gov.br\/?p=23103"},"modified":"2024-09-03T13:51:11","modified_gmt":"2024-09-03T16:51:11","slug":"policia-civil-participa-pela-primeira-vez-da-corrida-do-fogo-simbolico-da-patria-na-capital","status":"publish","type":"post","link":"https:\/\/pc.sc.gov.br\/?p=23103","title":{"rendered":"Pol\u00edcia Civil participa pela primeira vez da Corrida do Fogo Simb\u00f3lico da P\u00e1tria na Capital"},"content":{"rendered":"\t\t<div data-elementor-type=\"wp-post\" data-elementor-id=\"23103\" class=\"elementor elementor-23103\" data-elementor-post-type=\"post\">\n\t\t\t\t\t\t<section class=\"elementor-section elementor-top-section elementor-element elementor-element-b468cab elementor-section-boxed elementor-section-height-default elementor-section-height-default\" data-id=\"b468cab\" data-element_type=\"section\">\n\t\t\t\t\t\t<div class=\"elementor-container elementor-column-gap-default\">\n\t\t\t\t\t<div class=\"elementor-column elementor-col-100 elementor-top-column elementor-element elementor-element-fe2851c\" data-id=\"fe2851c\" data-element_type=\"column\">\n\t\t\t<div class=\"elementor-widget-wrap elementor-element-populated\">\n\t\t\t\t\t\t<div class=\"elementor-element elementor-element-c05d97b elementor-widget elementor-widget-heading\" data-id=\"c05d97b\" data-element_type=\"widget\" data-widget_type=\"heading.default\">\n\t\t\t\t<div class=\"elementor-widget-container\">\n\t\t\t\t\t<h2 class=\"elementor-heading-title elementor-size-default\">Pol\u00edcia Civil participa pela primeira vez da Corrida do Fogo Simb\u00f3lico da P\u00e1tria na Capital<\/h2>\t\t\t\t<\/div>\n\t\t\t\t<\/div>\n\t\t\t\t\t<\/div>\n\t\t<\/div>\n\t\t\t\t\t<\/div>\n\t\t<\/section>\n\t\t\t\t<section class=\"elementor-section elementor-top-section elementor-element elementor-element-c045f48 elementor-section-boxed elementor-section-height-default elementor-section-height-default\" data-id=\"c045f48\" data-element_type=\"section\">\n\t\t\t\t\t\t<div class=\"elementor-container elementor-column-gap-default\">\n\t\t\t\t\t<div class=\"elementor-column elementor-col-100 elementor-top-column elementor-element elementor-element-d908dab\" data-id=\"d908dab\" data-element_type=\"column\">\n\t\t\t<div class=\"elementor-widget-wrap elementor-element-populated\">\n\t\t\t\t\t\t<div class=\"elementor-element elementor-element-0ec307d elementor-widget elementor-widget-image\" data-id=\"0ec307d\" data-element_type=\"widget\" data-widget_type=\"image.default\">\n\t\t\t\t<div class=\"elementor-widget-container\">\n\t\t\t\t\t\t\t\t\t\t\t\t\t\t\t<img fetchpriority=\"high\" decoding=\"async\" width=\"696\" height=\"464\" src=\"https:\/\/pc.sc.gov.br\/\/wp-content\/uploads\/2024\/09\/WhatsApp-Image-2024-09-03-at-09.40.24-1024x683.jpeg\" class=\"attachment-large size-large wp-image-23104\" alt=\"\" srcset=\"https:\/\/pc.sc.gov.br\/\/wp-content\/uploads\/2024\/09\/WhatsApp-Image-2024-09-03-at-09.40.24-1024x683.jpeg 1024w, https:\/\/pc.sc.gov.br\/\/wp-content\/uploads\/2024\/09\/WhatsApp-Image-2024-09-03-at-09.40.24-300x200.jpeg 300w, https:\/\/pc.sc.gov.br\/\/wp-content\/uploads\/2024\/09\/WhatsApp-Image-2024-09-03-at-09.40.24-768x512.jpeg 768w, https:\/\/pc.sc.gov.br\/\/wp-content\/uploads\/2024\/09\/WhatsApp-Image-2024-09-03-at-09.40.24-1536x1024.jpeg 1536w, https:\/\/pc.sc.gov.br\/\/wp-content\/uploads\/2024\/09\/WhatsApp-Image-2024-09-03-at-09.40.24-2048x1365.jpeg 2048w\" sizes=\"(max-width: 696px) 100vw, 696px\" \/>\t\t\t\t\t\t\t\t\t\t\t\t\t\t\t<\/div>\n\t\t\t\t<\/div>\n\t\t\t\t\t<\/div>\n\t\t<\/div>\n\t\t\t\t\t<\/div>\n\t\t<\/section>\n\t\t\t\t<section class=\"elementor-section elementor-top-section elementor-element elementor-element-6105453 elementor-section-boxed elementor-section-height-default elementor-section-height-default\" data-id=\"6105453\" data-element_type=\"section\">\n\t\t\t\t\t\t<div class=\"elementor-container elementor-column-gap-default\">\n\t\t\t\t\t<div class=\"elementor-column elementor-col-100 elementor-top-column elementor-element elementor-element-4ecc353\" data-id=\"4ecc353\" data-element_type=\"column\">\n\t\t\t<div class=\"elementor-widget-wrap elementor-element-populated\">\n\t\t\t\t\t\t<div class=\"elementor-element elementor-element-e2fd512 elementor-widget elementor-widget-text-editor\" data-id=\"e2fd512\" data-element_type=\"widget\" data-widget_type=\"text-editor.default\">\n\t\t\t\t<div class=\"elementor-widget-container\">\n\t\t\t\t\t\t\t\t\t<p>Na segunda-feira (02\/09), a Pol\u00edcia Civil de Santa Catarina participou pela primeira vez da Corrida do Fogo Simb\u00f3lico, na Solenidade de Abertura da Semana da P\u00e1tria em Florian\u00f3polis. A delegada de Pol\u00edcia Ana Silvia Serrano e o Agente de Pol\u00edcia Marcelo Seibel Schmitz Coelho representaram a institui\u00e7\u00e3o policial no evento. <br \/><br \/>O evento, tradicional na Semana da P\u00e1tria, marcou o acendimento da tocha simb\u00f3lica, que d\u00e1 in\u00edcio \u00e0s celebra\u00e7\u00f5es. A tocha saiu do Quartel Hist\u00f3rico do Corpo de Bombeiros e foi escoltada por militares das For\u00e7as Armadas (Marinha, Ex\u00e9rcito e For\u00e7a A\u00e9rea Brasileira) e das For\u00e7as Auxiliares (Pol\u00edcia Militar e Corpo de Bombeiros Militar), al\u00e9m de integrantes da Pol\u00edcia Civil, da Pol\u00edcia Cient\u00edfica, da Pol\u00edcia Penal e da Guarda Municipal de Florian\u00f3polis.<\/p><p>\u201cHoje tivemos o orgulho de representar a Pol\u00edcia Civil em sua primeira participa\u00e7\u00e3o na corrida do fogo simb\u00f3lico\u201d, destacou a delegada Ana Silvia.<\/p><p>A tocha percorreu v\u00e1rias ruas da Capital, encerrando seu trajeto no Museu Hist\u00f3rico de Santa Catarina, no Pal\u00e1cio Cruz e Sousa, onde permanecer\u00e1 at\u00e9 o dia 7 de setembro. Nesta data, a Chama Simb\u00f3lica da P\u00e1tria ser\u00e1 acesa durante o desfile c\u00edvico-militar em comemora\u00e7\u00e3o ao Dia da Independ\u00eancia, que neste ano ser\u00e1 realizado na Beira-Mar Continental.<\/p>\t\t\t\t\t\t\t\t<\/div>\n\t\t\t\t<\/div>\n\t\t\t\t\t<\/div>\n\t\t<\/div>\n\t\t\t\t\t<\/div>\n\t\t<\/section>\n\t\t\t\t<section class=\"elementor-section elementor-top-section elementor-element elementor-element-7be9298 elementor-section-boxed elementor-section-height-default elementor-section-height-default\" data-id=\"7be9298\" data-element_type=\"section\">\n\t\t\t\t\t\t<div class=\"elementor-container elementor-column-gap-default\">\n\t\t\t\t\t<div class=\"elementor-column elementor-col-100 elementor-top-column elementor-element elementor-element-76d588a\" data-id=\"76d588a\" data-element_type=\"column\">\n\t\t\t<div class=\"elementor-widget-wrap elementor-element-populated\">\n\t\t\t\t\t\t<div class=\"elementor-element elementor-element-ff02f05 elementor-widget elementor-widget-image\" data-id=\"ff02f05\" data-element_type=\"widget\" data-widget_type=\"image.default\">\n\t\t\t\t<div class=\"elementor-widget-container\">\n\t\t\t\t\t\t\t\t\t\t\t\t\t\t\t<img decoding=\"async\" width=\"696\" height=\"928\" src=\"https:\/\/pc.sc.gov.br\/\/wp-content\/uploads\/2024\/09\/WhatsApp-Image-2024-09-03-at-09.40.22-768x1024.jpeg\" class=\"attachment-large size-large wp-image-23106\" alt=\"\" srcset=\"https:\/\/pc.sc.gov.br\/\/wp-content\/uploads\/2024\/09\/WhatsApp-Image-2024-09-03-at-09.40.22-768x1024.jpeg 768w, https:\/\/pc.sc.gov.br\/\/wp-content\/uploads\/2024\/09\/WhatsApp-Image-2024-09-03-at-09.40.22-225x300.jpeg 225w, https:\/\/pc.sc.gov.br\/\/wp-content\/uploads\/2024\/09\/WhatsApp-Image-2024-09-03-at-09.40.22-1152x1536.jpeg 1152w, https:\/\/pc.sc.gov.br\/\/wp-content\/uploads\/2024\/09\/WhatsApp-Image-2024-09-03-at-09.40.22.jpeg 1200w\" sizes=\"(max-width: 696px) 100vw, 696px\" \/>\t\t\t\t\t\t\t\t\t\t\t\t\t\t\t<\/div>\n\t\t\t\t<\/div>\n\t\t\t\t\t<\/div>\n\t\t<\/div>\n\t\t\t\t\t<\/div>\n\t\t<\/section>\n\t\t\t\t<section class=\"elementor-section elementor-top-section elementor-element elementor-element-44524cd elementor-section-boxed elementor-section-height-default elementor-section-height-default\" data-id=\"44524cd\" data-element_type=\"section\">\n\t\t\t\t\t\t<div class=\"elementor-container elementor-column-gap-default\">\n\t\t\t\t\t<div class=\"elementor-column elementor-col-100 elementor-top-column elementor-element elementor-element-01a6f8d\" data-id=\"01a6f8d\" data-element_type=\"column\">\n\t\t\t<div class=\"elementor-widget-wrap elementor-element-populated\">\n\t\t\t\t\t\t<div class=\"elementor-element elementor-element-5cbd75b elementor-widget elementor-widget-image\" data-id=\"5cbd75b\" data-element_type=\"widget\" data-widget_type=\"image.default\">\n\t\t\t\t<div class=\"elementor-widget-container\">\n\t\t\t\t\t\t\t\t\t\t\t\t\t\t\t<img decoding=\"async\" width=\"696\" height=\"522\" src=\"https:\/\/pc.sc.gov.br\/\/wp-content\/uploads\/2024\/09\/WhatsApp-Image-2024-09-03-at-09.40.22-1-1024x768.jpeg\" class=\"attachment-large size-large wp-image-23105\" alt=\"\" srcset=\"https:\/\/pc.sc.gov.br\/\/wp-content\/uploads\/2024\/09\/WhatsApp-Image-2024-09-03-at-09.40.22-1-1024x768.jpeg 1024w, https:\/\/pc.sc.gov.br\/\/wp-content\/uploads\/2024\/09\/WhatsApp-Image-2024-09-03-at-09.40.22-1-300x225.jpeg 300w, https:\/\/pc.sc.gov.br\/\/wp-content\/uploads\/2024\/09\/WhatsApp-Image-2024-09-03-at-09.40.22-1-768x576.jpeg 768w, https:\/\/pc.sc.gov.br\/\/wp-content\/uploads\/2024\/09\/WhatsApp-Image-2024-09-03-at-09.40.22-1.jpeg 1280w\" sizes=\"(max-width: 696px) 100vw, 696px\" \/>\t\t\t\t\t\t\t\t\t\t\t\t\t\t\t<\/div>\n\t\t\t\t<\/div>\n\t\t\t\t\t<\/div>\n\t\t<\/div>\n\t\t\t\t\t<\/div>\n\t\t<\/section>\n\t\t\t\t<\/div>\n\t\t","protected":false},"excerpt":{"rendered":"<p>Pol\u00edcia Civil participa pela primeira vez da Corrida do Fogo Simb\u00f3lico da P\u00e1tria na Capital Na segunda-feira (02\/09), a Pol\u00edcia Civil de Santa Catarina participou pela primeira vez da Corrida do Fogo Simb\u00f3lico, na Solenidade de Abertura da Semana da P\u00e1tria em Florian\u00f3polis. A delegada de Pol\u00edcia Ana Silvia Serrano e o Agente de Pol\u00edcia [&hellip;]<\/p>\n","protected":false},"author":5,"featured_media":23104,"comment_status":"closed","ping_status":"open","sticky":false,"template":"","format":"standard","meta":{"_monsterinsights_skip_tracking":false,"_monsterinsights_sitenote_active":false,"_monsterinsights_sitenote_note":"","_monsterinsights_sitenote_category":0,"footnotes":""},"categories":[1],"tags":[],"class_list":["post-23103","post","type-post","status-publish","format-standard","has-post-thumbnail","hentry","category-sem-categoria"],"_links":{"self":[{"href":"https:\/\/pc.sc.gov.br\/index.php?rest_route=\/wp\/v2\/posts\/23103","targetHints":{"allow":["GET"]}}],"collection":[{"href":"https:\/\/pc.sc.gov.br\/index.php?rest_route=\/wp\/v2\/posts"}],"about":[{"href":"https:\/\/pc.sc.gov.br\/index.php?rest_route=\/wp\/v2\/types\/post"}],"author":[{"embeddable":true,"href":"https:\/\/pc.sc.gov.br\/index.php?rest_route=\/wp\/v2\/users\/5"}],"replies":[{"embeddable":true,"href":"https:\/\/pc.sc.gov.br\/index.php?rest_route=%2Fwp%2Fv2%2Fcomments&post=23103"}],"version-history":[{"count":4,"href":"https:\/\/pc.sc.gov.br\/index.php?rest_route=\/wp\/v2\/posts\/23103\/revisions"}],"predecessor-version":[{"id":23110,"href":"https:\/\/pc.sc.gov.br\/index.php?rest_route=\/wp\/v2\/posts\/23103\/revisions\/23110"}],"wp:featuredmedia":[{"embeddable":true,"href":"https:\/\/pc.sc.gov.br\/index.php?rest_route=\/wp\/v2\/media\/23104"}],"wp:attachment":[{"href":"https:\/\/pc.sc.gov.br\/index.php?rest_route=%2Fwp%2Fv2%2Fmedia&parent=23103"}],"wp:term":[{"taxonomy":"category","embeddable":true,"href":"https:\/\/pc.sc.gov.br\/index.php?rest_route=%2Fwp%2Fv2%2Fcategories&post=23103"},{"taxonomy":"post_tag","embeddable":true,"href":"https:\/\/pc.sc.gov.br\/index.php?rest_route=%2Fwp%2Fv2%2Ftags&post=23103"}],"curies":[{"name":"wp","href":"https:\/\/api.w.org\/{rel}","templated":true}]}}