{"id":23140,"date":"2024-09-04T12:25:02","date_gmt":"2024-09-04T15:25:02","guid":{"rendered":"https:\/\/pc.sc.gov.br\/?p=23140"},"modified":"2024-09-04T12:26:03","modified_gmt":"2024-09-04T15:26:03","slug":"policia-civil-deflagra-operacao-limpeza-urbana-em-investigacao-de-superfaturamento-no-servico-de-limpeza-em-vias-publicas-de-gaspar","status":"publish","type":"post","link":"https:\/\/pc.sc.gov.br\/?p=23140","title":{"rendered":"Pol\u00edcia Civil deflagra opera\u00e7\u00e3o \u201cLimpeza Urbana\u201d em investiga\u00e7\u00e3o de superfaturamento no servi\u00e7o de limpeza em vias p\u00fablicas de Gaspar"},"content":{"rendered":"\t\t<div data-elementor-type=\"wp-post\" data-elementor-id=\"23140\" class=\"elementor elementor-23140\" data-elementor-post-type=\"post\">\n\t\t\t\t\t\t<section class=\"elementor-section elementor-top-section elementor-element elementor-element-429a364 elementor-section-boxed elementor-section-height-default elementor-section-height-default\" data-id=\"429a364\" data-element_type=\"section\">\n\t\t\t\t\t\t<div class=\"elementor-container elementor-column-gap-default\">\n\t\t\t\t\t<div class=\"elementor-column elementor-col-100 elementor-top-column elementor-element elementor-element-0221ae1\" data-id=\"0221ae1\" data-element_type=\"column\">\n\t\t\t<div class=\"elementor-widget-wrap elementor-element-populated\">\n\t\t\t\t\t\t<div class=\"elementor-element elementor-element-f492467 elementor-widget elementor-widget-heading\" data-id=\"f492467\" data-element_type=\"widget\" data-widget_type=\"heading.default\">\n\t\t\t\t<div class=\"elementor-widget-container\">\n\t\t\t\t\t<h2 class=\"elementor-heading-title elementor-size-default\">Pol\u00edcia Civil deflagra opera\u00e7\u00e3o \u201cLimpeza Urbana\u201d em investiga\u00e7\u00e3o de superfaturamento no servi\u00e7o de limpeza em vias p\u00fablicas de Gaspar <\/h2>\t\t\t\t<\/div>\n\t\t\t\t<\/div>\n\t\t\t\t\t<\/div>\n\t\t<\/div>\n\t\t\t\t\t<\/div>\n\t\t<\/section>\n\t\t\t\t<section class=\"elementor-section elementor-top-section elementor-element elementor-element-49cc309 elementor-section-boxed elementor-section-height-default elementor-section-height-default\" data-id=\"49cc309\" data-element_type=\"section\">\n\t\t\t\t\t\t<div class=\"elementor-container elementor-column-gap-default\">\n\t\t\t\t\t<div class=\"elementor-column elementor-col-100 elementor-top-column elementor-element elementor-element-c12752f\" data-id=\"c12752f\" data-element_type=\"column\">\n\t\t\t<div class=\"elementor-widget-wrap elementor-element-populated\">\n\t\t\t\t\t\t<div class=\"elementor-element elementor-element-786027b elementor-widget elementor-widget-image\" data-id=\"786027b\" data-element_type=\"widget\" data-widget_type=\"image.default\">\n\t\t\t\t<div class=\"elementor-widget-container\">\n\t\t\t\t\t\t\t\t\t\t\t\t\t\t\t<img fetchpriority=\"high\" decoding=\"async\" width=\"678\" height=\"1024\" src=\"https:\/\/pc.sc.gov.br\/\/wp-content\/uploads\/2024\/09\/WhatsApp-Image-2024-09-04-at-07.10.16-678x1024.jpeg\" class=\"attachment-large size-large wp-image-23141\" alt=\"\" srcset=\"https:\/\/pc.sc.gov.br\/\/wp-content\/uploads\/2024\/09\/WhatsApp-Image-2024-09-04-at-07.10.16-678x1024.jpeg 678w, https:\/\/pc.sc.gov.br\/\/wp-content\/uploads\/2024\/09\/WhatsApp-Image-2024-09-04-at-07.10.16-199x300.jpeg 199w, https:\/\/pc.sc.gov.br\/\/wp-content\/uploads\/2024\/09\/WhatsApp-Image-2024-09-04-at-07.10.16-768x1159.jpeg 768w, https:\/\/pc.sc.gov.br\/\/wp-content\/uploads\/2024\/09\/WhatsApp-Image-2024-09-04-at-07.10.16.jpeg 848w\" sizes=\"(max-width: 678px) 100vw, 678px\" \/>\t\t\t\t\t\t\t\t\t\t\t\t\t\t\t<\/div>\n\t\t\t\t<\/div>\n\t\t\t\t\t<\/div>\n\t\t<\/div>\n\t\t\t\t\t<\/div>\n\t\t<\/section>\n\t\t\t\t<section class=\"elementor-section elementor-top-section elementor-element elementor-element-fd13353 elementor-section-boxed elementor-section-height-default elementor-section-height-default\" data-id=\"fd13353\" data-element_type=\"section\">\n\t\t\t\t\t\t<div class=\"elementor-container elementor-column-gap-default\">\n\t\t\t\t\t<div class=\"elementor-column elementor-col-100 elementor-top-column elementor-element elementor-element-9ba9ebf\" data-id=\"9ba9ebf\" data-element_type=\"column\">\n\t\t\t<div class=\"elementor-widget-wrap elementor-element-populated\">\n\t\t\t\t\t\t<div class=\"elementor-element elementor-element-dff9951 elementor-widget elementor-widget-text-editor\" data-id=\"dff9951\" data-element_type=\"widget\" data-widget_type=\"text-editor.default\">\n\t\t\t\t<div class=\"elementor-widget-container\">\n\t\t\t\t\t\t\t\t\t<p>Nesta quarta-feira (04\/09), a Pol\u00edcia Civil de Santa Catarina, por meio da 4\u00aa Delegacia Especializada em Combate \u00e0 Corrup\u00e7\u00e3o, deflagrou a opera\u00e7\u00e3o \u201cLimpeza Urbana\u201d, objetivando investigar esquema de superfaturamento no servi\u00e7o de limpeza urbana, anteriormente subordinado \u00e0 Secretaria de Obras do Munic\u00edpio de Gaspar, que teria ocorrido entre 2017 e 2023.<\/p><p>A Pol\u00edcia Civil recebeu documentos e informa\u00e7\u00f5es a respeito dos servi\u00e7os relacionados \u00e0 limpeza urbana, tais como varri\u00e7\u00e3o (manual e mecanizada), carpina, ro\u00e7ada, entre outros, todos realizados nas vias p\u00fablicas de Gaspar\/SC.<\/p><p>Verificou-se diversos casos de medi\u00e7\u00f5es superfaturadas, especialmente nas \u00e1reas verdes do pertencentes ao Munic\u00edpio, em que as medi\u00e7\u00f5es superavam at\u00e9 mesmo a extens\u00e3o do terreno, contando com aval de servidores p\u00fablicos respons\u00e1veis pela fiscaliza\u00e7\u00e3o do contrato.<\/p><p>A Pol\u00edcia Civil verificou ainda que o servi\u00e7o, que antes era prestado para a Secretaria de Obras (vinculada \u00e0 Prefeitura), passou a ser prestado para o SAMAE de Gaspar, sendo que a pessoa que ocupava o cargo de Secret\u00e1rio de Obras, hoje \u00e9 a mesma que est\u00e1 na presid\u00eancia do SAMAE.<\/p><p>No decorrer da Opera\u00e7\u00e3o, a Pol\u00edcia Civil cumpriu buscas nas casas dos fiscais dos contratos e tamb\u00e9m nas resid\u00eancias dos ex-secret\u00e1rios de obras que fizeram a gest\u00e3o dos servi\u00e7os em que foram identificados pagamentos superfaturados.<\/p><p>Participaram da investiga\u00e7\u00e3o a Coordenadoria Estadual de Combate \u00e0 Corrup\u00e7\u00e3o &#8211; CECOR, bem com a 1\u00aa, 2\u00aa e 3\u00aa DECOR, a DECOR\/DEIC, bem como policiais da, 1\u00aa DP de Blumenau, DIC Blumenau, al\u00e9m da Delegacia de Timb\u00f3, todas coordenadas pela 4\u00aa DECOR.<\/p>\t\t\t\t\t\t\t\t<\/div>\n\t\t\t\t<\/div>\n\t\t\t\t\t<\/div>\n\t\t<\/div>\n\t\t\t\t\t<\/div>\n\t\t<\/section>\n\t\t\t\t<section class=\"elementor-section elementor-top-section elementor-element elementor-element-54421d9 elementor-section-boxed elementor-section-height-default elementor-section-height-default\" data-id=\"54421d9\" data-element_type=\"section\">\n\t\t\t\t\t\t<div class=\"elementor-container elementor-column-gap-default\">\n\t\t\t\t\t<div class=\"elementor-column elementor-col-100 elementor-top-column elementor-element elementor-element-28c6447\" data-id=\"28c6447\" data-element_type=\"column\">\n\t\t\t<div class=\"elementor-widget-wrap elementor-element-populated\">\n\t\t\t\t\t\t<div class=\"elementor-element elementor-element-d957291 elementor-widget elementor-widget-image\" data-id=\"d957291\" data-element_type=\"widget\" data-widget_type=\"image.default\">\n\t\t\t\t<div class=\"elementor-widget-container\">\n\t\t\t\t\t\t\t\t\t\t\t\t\t\t\t<img decoding=\"async\" width=\"696\" height=\"928\" src=\"https:\/\/pc.sc.gov.br\/\/wp-content\/uploads\/2024\/09\/WhatsApp-Image-2024-09-04-at-07.10.15-768x1024.jpeg\" class=\"attachment-large size-large wp-image-23142\" alt=\"\" srcset=\"https:\/\/pc.sc.gov.br\/\/wp-content\/uploads\/2024\/09\/WhatsApp-Image-2024-09-04-at-07.10.15-768x1024.jpeg 768w, https:\/\/pc.sc.gov.br\/\/wp-content\/uploads\/2024\/09\/WhatsApp-Image-2024-09-04-at-07.10.15-225x300.jpeg 225w, https:\/\/pc.sc.gov.br\/\/wp-content\/uploads\/2024\/09\/WhatsApp-Image-2024-09-04-at-07.10.15.jpeg 960w\" sizes=\"(max-width: 696px) 100vw, 696px\" \/>\t\t\t\t\t\t\t\t\t\t\t\t\t\t\t<\/div>\n\t\t\t\t<\/div>\n\t\t\t\t\t<\/div>\n\t\t<\/div>\n\t\t\t\t\t<\/div>\n\t\t<\/section>\n\t\t\t\t<\/div>\n\t\t","protected":false},"excerpt":{"rendered":"<p>Pol\u00edcia Civil deflagra opera\u00e7\u00e3o \u201cLimpeza Urbana\u201d em investiga\u00e7\u00e3o de superfaturamento no servi\u00e7o de limpeza em vias p\u00fablicas de Gaspar Nesta quarta-feira (04\/09), a Pol\u00edcia Civil de Santa Catarina, por meio da 4\u00aa Delegacia Especializada em Combate \u00e0 Corrup\u00e7\u00e3o, deflagrou a opera\u00e7\u00e3o \u201cLimpeza Urbana\u201d, objetivando investigar esquema de superfaturamento no servi\u00e7o de limpeza urbana, anteriormente subordinado [&hellip;]<\/p>\n","protected":false},"author":5,"featured_media":23141,"comment_status":"closed","ping_status":"open","sticky":false,"template":"","format":"standard","meta":{"_monsterinsights_skip_tracking":false,"_monsterinsights_sitenote_active":false,"_monsterinsights_sitenote_note":"","_monsterinsights_sitenote_category":0,"footnotes":""},"categories":[1],"tags":[],"class_list":["post-23140","post","type-post","status-publish","format-standard","has-post-thumbnail","hentry","category-sem-categoria"],"_links":{"self":[{"href":"https:\/\/pc.sc.gov.br\/index.php?rest_route=\/wp\/v2\/posts\/23140","targetHints":{"allow":["GET"]}}],"collection":[{"href":"https:\/\/pc.sc.gov.br\/index.php?rest_route=\/wp\/v2\/posts"}],"about":[{"href":"https:\/\/pc.sc.gov.br\/index.php?rest_route=\/wp\/v2\/types\/post"}],"author":[{"embeddable":true,"href":"https:\/\/pc.sc.gov.br\/index.php?rest_route=\/wp\/v2\/users\/5"}],"replies":[{"embeddable":true,"href":"https:\/\/pc.sc.gov.br\/index.php?rest_route=%2Fwp%2Fv2%2Fcomments&post=23140"}],"version-history":[{"count":4,"href":"https:\/\/pc.sc.gov.br\/index.php?rest_route=\/wp\/v2\/posts\/23140\/revisions"}],"predecessor-version":[{"id":23146,"href":"https:\/\/pc.sc.gov.br\/index.php?rest_route=\/wp\/v2\/posts\/23140\/revisions\/23146"}],"wp:featuredmedia":[{"embeddable":true,"href":"https:\/\/pc.sc.gov.br\/index.php?rest_route=\/wp\/v2\/media\/23141"}],"wp:attachment":[{"href":"https:\/\/pc.sc.gov.br\/index.php?rest_route=%2Fwp%2Fv2%2Fmedia&parent=23140"}],"wp:term":[{"taxonomy":"category","embeddable":true,"href":"https:\/\/pc.sc.gov.br\/index.php?rest_route=%2Fwp%2Fv2%2Fcategories&post=23140"},{"taxonomy":"post_tag","embeddable":true,"href":"https:\/\/pc.sc.gov.br\/index.php?rest_route=%2Fwp%2Fv2%2Ftags&post=23140"}],"curies":[{"name":"wp","href":"https:\/\/api.w.org\/{rel}","templated":true}]}}