{"id":23174,"date":"2024-09-05T14:05:27","date_gmt":"2024-09-05T17:05:27","guid":{"rendered":"https:\/\/pc.sc.gov.br\/?p=23174"},"modified":"2024-09-05T14:23:46","modified_gmt":"2024-09-05T17:23:46","slug":"pcsc-prende-temporariamente-investigado-pelo-crime-de-homicidio-de-adolescente-em-rodeio","status":"publish","type":"post","link":"https:\/\/pc.sc.gov.br\/?p=23174","title":{"rendered":"PCSC prende temporariamente investigado pelo crime de homic\u00eddio de adolescente em Rodeio"},"content":{"rendered":"\t\t<div data-elementor-type=\"wp-post\" data-elementor-id=\"23174\" class=\"elementor elementor-23174\" data-elementor-post-type=\"post\">\n\t\t\t\t\t\t<section class=\"elementor-section elementor-top-section elementor-element elementor-element-25f621e elementor-section-boxed elementor-section-height-default elementor-section-height-default\" data-id=\"25f621e\" data-element_type=\"section\">\n\t\t\t\t\t\t<div class=\"elementor-container elementor-column-gap-default\">\n\t\t\t\t\t<div class=\"elementor-column elementor-col-100 elementor-top-column elementor-element elementor-element-f1a0c3a\" data-id=\"f1a0c3a\" data-element_type=\"column\">\n\t\t\t<div class=\"elementor-widget-wrap elementor-element-populated\">\n\t\t\t\t\t\t<div class=\"elementor-element elementor-element-487f88e elementor-widget elementor-widget-heading\" data-id=\"487f88e\" data-element_type=\"widget\" data-widget_type=\"heading.default\">\n\t\t\t\t<div class=\"elementor-widget-container\">\n\t\t\t\t\t<h2 class=\"elementor-heading-title elementor-size-default\">PCSC prende temporariamente Investigado pelo crime de homic\u00eddio de adolescente em Rodeio<\/h2>\t\t\t\t<\/div>\n\t\t\t\t<\/div>\n\t\t\t\t\t<\/div>\n\t\t<\/div>\n\t\t\t\t\t<\/div>\n\t\t<\/section>\n\t\t\t\t<section class=\"elementor-section elementor-top-section elementor-element elementor-element-24e9818 elementor-section-boxed elementor-section-height-default elementor-section-height-default\" data-id=\"24e9818\" data-element_type=\"section\">\n\t\t\t\t\t\t<div class=\"elementor-container elementor-column-gap-default\">\n\t\t\t\t\t<div class=\"elementor-column elementor-col-100 elementor-top-column elementor-element elementor-element-0931a70\" data-id=\"0931a70\" data-element_type=\"column\">\n\t\t\t<div class=\"elementor-widget-wrap elementor-element-populated\">\n\t\t\t\t\t\t<div class=\"elementor-element elementor-element-6f82f6a elementor-widget elementor-widget-image\" data-id=\"6f82f6a\" data-element_type=\"widget\" data-widget_type=\"image.default\">\n\t\t\t\t<div class=\"elementor-widget-container\">\n\t\t\t\t\t\t\t\t\t\t\t\t\t\t\t<img fetchpriority=\"high\" decoding=\"async\" width=\"499\" height=\"345\" src=\"https:\/\/pc.sc.gov.br\/\/wp-content\/uploads\/2024\/09\/a2dbb181-8fea-4491-9f21-ab050c390973-fotor-2024072216458.jpg\" class=\"attachment-large size-large wp-image-23175\" alt=\"\" srcset=\"https:\/\/pc.sc.gov.br\/\/wp-content\/uploads\/2024\/09\/a2dbb181-8fea-4491-9f21-ab050c390973-fotor-2024072216458.jpg 499w, https:\/\/pc.sc.gov.br\/\/wp-content\/uploads\/2024\/09\/a2dbb181-8fea-4491-9f21-ab050c390973-fotor-2024072216458-300x207.jpg 300w\" sizes=\"(max-width: 499px) 100vw, 499px\" \/>\t\t\t\t\t\t\t\t\t\t\t\t\t\t\t<\/div>\n\t\t\t\t<\/div>\n\t\t\t\t\t<\/div>\n\t\t<\/div>\n\t\t\t\t\t<\/div>\n\t\t<\/section>\n\t\t\t\t<section class=\"elementor-section elementor-top-section elementor-element elementor-element-24f9558 elementor-section-boxed elementor-section-height-default elementor-section-height-default\" data-id=\"24f9558\" data-element_type=\"section\">\n\t\t\t\t\t\t<div class=\"elementor-container elementor-column-gap-default\">\n\t\t\t\t\t<div class=\"elementor-column elementor-col-100 elementor-top-column elementor-element elementor-element-7330b69\" data-id=\"7330b69\" data-element_type=\"column\">\n\t\t\t<div class=\"elementor-widget-wrap elementor-element-populated\">\n\t\t\t\t\t\t<div class=\"elementor-element elementor-element-f479ff1 elementor-widget elementor-widget-text-editor\" data-id=\"f479ff1\" data-element_type=\"widget\" data-widget_type=\"text-editor.default\">\n\t\t\t\t<div class=\"elementor-widget-container\">\n\t\t\t\t\t\t\t\t\t<p>A Pol\u00edcia Civil da Comarca de Ascurra deu cumprimento a um mandado de pris\u00e3o tempor\u00e1ria&nbsp; na ter\u00e7a-feira, 3, expedido em desfavor de um homem, suspeito da pr\u00e1tica do crime de homic\u00eddio qualificado.&nbsp;<span style=\"font-family: var( --e-global-typography-text-font-family ), Sans-serif; font-size: var( --e-global-typography-text-font-size );\">A investiga\u00e7\u00e3o de homic\u00eddio iniciou no dia 09 de agosto de 2024, quando um adolescente, morador da cidade de Indaial, foi alvejado por 11 disparos de arma de fogo no interior de uma propriedade rural na cidade de Rodeio, indo a \u00f3bito no local.<\/span><\/p>\n<p>As dilig\u00eancias e oitivas realizadas pela Pol\u00edcia Civil apontaram a autoria do crime para o investigado. Com base no conjunto de elementos apurados, o Delegado Wesley de Sousa Costa representou ao Poder Judici\u00e1rio pela pris\u00e3o tempor\u00e1ria do suspeito, pleito que foi referendado pelo Minist\u00e9rio P\u00fablico, resultando na decreta\u00e7\u00e3o da pris\u00e3o tempor\u00e1ria.<\/p>\n<p>O mandado foi cumprido na cidade de Nova Trento, onde o investigado foi localizado em uma pousada. Ele ficar\u00e1 preso temporariamente por 30 dias e foi encaminhado ao sistema penitenci\u00e1rio catarinense, ficando \u00e0 disposi\u00e7\u00e3o do ju\u00edzo Criminal da Comarca de Ascurra.<\/p>\n<p><b>Colabore com a Pol\u00edcia Civil de Ascurra &#8211; Den\u00fancias atrav\u00e9s do 047-9.9793-6769 &#8211; Sigilo Absoluto<\/b><\/p>\t\t\t\t\t\t\t\t<\/div>\n\t\t\t\t<\/div>\n\t\t\t\t\t<\/div>\n\t\t<\/div>\n\t\t\t\t\t<\/div>\n\t\t<\/section>\n\t\t\t\t<\/div>\n\t\t","protected":false},"excerpt":{"rendered":"<p>PCSC prende temporariamente Investigado pelo crime de homic\u00eddio de adolescente em Rodeio A Pol\u00edcia Civil da Comarca de Ascurra deu cumprimento a um mandado de pris\u00e3o tempor\u00e1ria&nbsp; na ter\u00e7a-feira, 3, expedido em desfavor de um homem, suspeito da pr\u00e1tica do crime de homic\u00eddio qualificado.&nbsp;A investiga\u00e7\u00e3o de homic\u00eddio iniciou no dia 09 de agosto de 2024, [&hellip;]<\/p>\n","protected":false},"author":5,"featured_media":22823,"comment_status":"closed","ping_status":"open","sticky":false,"template":"","format":"standard","meta":{"_monsterinsights_skip_tracking":false,"_monsterinsights_sitenote_active":false,"_monsterinsights_sitenote_note":"","_monsterinsights_sitenote_category":0,"footnotes":""},"categories":[1],"tags":[],"class_list":["post-23174","post","type-post","status-publish","format-standard","has-post-thumbnail","hentry","category-sem-categoria"],"_links":{"self":[{"href":"https:\/\/pc.sc.gov.br\/index.php?rest_route=\/wp\/v2\/posts\/23174","targetHints":{"allow":["GET"]}}],"collection":[{"href":"https:\/\/pc.sc.gov.br\/index.php?rest_route=\/wp\/v2\/posts"}],"about":[{"href":"https:\/\/pc.sc.gov.br\/index.php?rest_route=\/wp\/v2\/types\/post"}],"author":[{"embeddable":true,"href":"https:\/\/pc.sc.gov.br\/index.php?rest_route=\/wp\/v2\/users\/5"}],"replies":[{"embeddable":true,"href":"https:\/\/pc.sc.gov.br\/index.php?rest_route=%2Fwp%2Fv2%2Fcomments&post=23174"}],"version-history":[{"count":5,"href":"https:\/\/pc.sc.gov.br\/index.php?rest_route=\/wp\/v2\/posts\/23174\/revisions"}],"predecessor-version":[{"id":23180,"href":"https:\/\/pc.sc.gov.br\/index.php?rest_route=\/wp\/v2\/posts\/23174\/revisions\/23180"}],"wp:featuredmedia":[{"embeddable":true,"href":"https:\/\/pc.sc.gov.br\/index.php?rest_route=\/wp\/v2\/media\/22823"}],"wp:attachment":[{"href":"https:\/\/pc.sc.gov.br\/index.php?rest_route=%2Fwp%2Fv2%2Fmedia&parent=23174"}],"wp:term":[{"taxonomy":"category","embeddable":true,"href":"https:\/\/pc.sc.gov.br\/index.php?rest_route=%2Fwp%2Fv2%2Fcategories&post=23174"},{"taxonomy":"post_tag","embeddable":true,"href":"https:\/\/pc.sc.gov.br\/index.php?rest_route=%2Fwp%2Fv2%2Ftags&post=23174"}],"curies":[{"name":"wp","href":"https:\/\/api.w.org\/{rel}","templated":true}]}}