{"id":23181,"date":"2024-09-05T14:13:37","date_gmt":"2024-09-05T17:13:37","guid":{"rendered":"https:\/\/pc.sc.gov.br\/?p=23181"},"modified":"2024-09-05T14:14:29","modified_gmt":"2024-09-05T17:14:29","slug":"policia-civil-prende-homem-por-descumprimento-de-medida-protetiva-em-rancho-queimado","status":"publish","type":"post","link":"https:\/\/pc.sc.gov.br\/?p=23181","title":{"rendered":"Pol\u00edcia Civil prende homem por descumprimento de medida protetiva em Rancho Queimado"},"content":{"rendered":"\t\t<div data-elementor-type=\"wp-post\" data-elementor-id=\"23181\" class=\"elementor elementor-23181\" data-elementor-post-type=\"post\">\n\t\t\t\t\t\t<section class=\"elementor-section elementor-top-section elementor-element elementor-element-0361b5f elementor-section-boxed elementor-section-height-default elementor-section-height-default\" data-id=\"0361b5f\" data-element_type=\"section\">\n\t\t\t\t\t\t<div class=\"elementor-container elementor-column-gap-default\">\n\t\t\t\t\t<div class=\"elementor-column elementor-col-100 elementor-top-column elementor-element elementor-element-19f1ae2\" data-id=\"19f1ae2\" data-element_type=\"column\">\n\t\t\t<div class=\"elementor-widget-wrap elementor-element-populated\">\n\t\t\t\t\t\t<div class=\"elementor-element elementor-element-73c847b elementor-widget elementor-widget-heading\" data-id=\"73c847b\" data-element_type=\"widget\" data-widget_type=\"heading.default\">\n\t\t\t\t<div class=\"elementor-widget-container\">\n\t\t\t\t\t<h2 class=\"elementor-heading-title elementor-size-default\">Pol\u00edcia Civil prende homem por descumprimento de medida protetiva em Rancho Queimado<\/h2>\t\t\t\t<\/div>\n\t\t\t\t<\/div>\n\t\t\t\t\t<\/div>\n\t\t<\/div>\n\t\t\t\t\t<\/div>\n\t\t<\/section>\n\t\t\t\t<section class=\"elementor-section elementor-top-section elementor-element elementor-element-a1d1bac elementor-section-boxed elementor-section-height-default elementor-section-height-default\" data-id=\"a1d1bac\" data-element_type=\"section\">\n\t\t\t\t\t\t<div class=\"elementor-container elementor-column-gap-default\">\n\t\t\t\t\t<div class=\"elementor-column elementor-col-100 elementor-top-column elementor-element elementor-element-629ff4e\" data-id=\"629ff4e\" data-element_type=\"column\">\n\t\t\t<div class=\"elementor-widget-wrap elementor-element-populated\">\n\t\t\t\t\t\t<div class=\"elementor-element elementor-element-b2d30a3 elementor-widget elementor-widget-image\" data-id=\"b2d30a3\" data-element_type=\"widget\" data-widget_type=\"image.default\">\n\t\t\t\t<div class=\"elementor-widget-container\">\n\t\t\t\t\t\t\t\t\t\t\t\t\t\t\t<img fetchpriority=\"high\" decoding=\"async\" width=\"499\" height=\"345\" src=\"https:\/\/pc.sc.gov.br\/\/wp-content\/uploads\/2024\/09\/a2dbb181-8fea-4491-9f21-ab050c390973-fotor-2024072216458.jpg\" class=\"attachment-large size-large wp-image-23175\" alt=\"\" srcset=\"https:\/\/pc.sc.gov.br\/\/wp-content\/uploads\/2024\/09\/a2dbb181-8fea-4491-9f21-ab050c390973-fotor-2024072216458.jpg 499w, https:\/\/pc.sc.gov.br\/\/wp-content\/uploads\/2024\/09\/a2dbb181-8fea-4491-9f21-ab050c390973-fotor-2024072216458-300x207.jpg 300w\" sizes=\"(max-width: 499px) 100vw, 499px\" \/>\t\t\t\t\t\t\t\t\t\t\t\t\t\t\t<\/div>\n\t\t\t\t<\/div>\n\t\t\t\t\t<\/div>\n\t\t<\/div>\n\t\t\t\t\t<\/div>\n\t\t<\/section>\n\t\t\t\t<section class=\"elementor-section elementor-top-section elementor-element elementor-element-e1c8868 elementor-section-boxed elementor-section-height-default elementor-section-height-default\" data-id=\"e1c8868\" data-element_type=\"section\">\n\t\t\t\t\t\t<div class=\"elementor-container elementor-column-gap-default\">\n\t\t\t\t\t<div class=\"elementor-column elementor-col-100 elementor-top-column elementor-element elementor-element-d908624\" data-id=\"d908624\" data-element_type=\"column\">\n\t\t\t<div class=\"elementor-widget-wrap elementor-element-populated\">\n\t\t\t\t\t\t<div class=\"elementor-element elementor-element-51ebe81 elementor-widget elementor-widget-text-editor\" data-id=\"51ebe81\" data-element_type=\"widget\" data-widget_type=\"text-editor.default\">\n\t\t\t\t<div class=\"elementor-widget-container\">\n\t\t\t\t\t\t\t\t\t<p>Na quarta-feira (04\/09), a Pol\u00edcia Civil de Santa Catarina, por meio das Delegacias de Angelina e Rancho Queimado, deu cumprimento a um mandado de pris\u00e3o preventiva em raz\u00e3o do descumprimento de medidas protetivas de urg\u00eancia. O agressor praticou viol\u00eancia dom\u00e9stica contra a namorada, fato ocorrido em Angelina, mas ele residia em Rancho Queimado, onde foi preso.<\/p><p>Ap\u00f3s ter sido notificado e tomado ci\u00eancia da MPU, logo tornou a ir \u00e0 casa da v\u00edtima e tamb\u00e9m passou a enviar \u00e1udios amea\u00e7adores, motivo pelo qual se representou pela pris\u00e3o do investigado. Agora, ele responder\u00e1 tamb\u00e9m pelo descumprimento das medidas protetivas e novas amea\u00e7as.<\/p>\t\t\t\t\t\t\t\t<\/div>\n\t\t\t\t<\/div>\n\t\t\t\t\t<\/div>\n\t\t<\/div>\n\t\t\t\t\t<\/div>\n\t\t<\/section>\n\t\t\t\t<\/div>\n\t\t","protected":false},"excerpt":{"rendered":"<p>Pol\u00edcia Civil prende homem por descumprimento de medida protetiva em Rancho Queimado Na quarta-feira (04\/09), a Pol\u00edcia Civil de Santa Catarina, por meio das Delegacias de Angelina e Rancho Queimado, deu cumprimento a um mandado de pris\u00e3o preventiva em raz\u00e3o do descumprimento de medidas protetivas de urg\u00eancia. O agressor praticou viol\u00eancia dom\u00e9stica contra a namorada, [&hellip;]<\/p>\n","protected":false},"author":5,"featured_media":23175,"comment_status":"closed","ping_status":"open","sticky":false,"template":"","format":"standard","meta":{"_monsterinsights_skip_tracking":false,"_monsterinsights_sitenote_active":false,"_monsterinsights_sitenote_note":"","_monsterinsights_sitenote_category":0,"footnotes":""},"categories":[1],"tags":[],"class_list":["post-23181","post","type-post","status-publish","format-standard","has-post-thumbnail","hentry","category-sem-categoria"],"_links":{"self":[{"href":"https:\/\/pc.sc.gov.br\/index.php?rest_route=\/wp\/v2\/posts\/23181","targetHints":{"allow":["GET"]}}],"collection":[{"href":"https:\/\/pc.sc.gov.br\/index.php?rest_route=\/wp\/v2\/posts"}],"about":[{"href":"https:\/\/pc.sc.gov.br\/index.php?rest_route=\/wp\/v2\/types\/post"}],"author":[{"embeddable":true,"href":"https:\/\/pc.sc.gov.br\/index.php?rest_route=\/wp\/v2\/users\/5"}],"replies":[{"embeddable":true,"href":"https:\/\/pc.sc.gov.br\/index.php?rest_route=%2Fwp%2Fv2%2Fcomments&post=23181"}],"version-history":[{"count":4,"href":"https:\/\/pc.sc.gov.br\/index.php?rest_route=\/wp\/v2\/posts\/23181\/revisions"}],"predecessor-version":[{"id":23185,"href":"https:\/\/pc.sc.gov.br\/index.php?rest_route=\/wp\/v2\/posts\/23181\/revisions\/23185"}],"wp:featuredmedia":[{"embeddable":true,"href":"https:\/\/pc.sc.gov.br\/index.php?rest_route=\/wp\/v2\/media\/23175"}],"wp:attachment":[{"href":"https:\/\/pc.sc.gov.br\/index.php?rest_route=%2Fwp%2Fv2%2Fmedia&parent=23181"}],"wp:term":[{"taxonomy":"category","embeddable":true,"href":"https:\/\/pc.sc.gov.br\/index.php?rest_route=%2Fwp%2Fv2%2Fcategories&post=23181"},{"taxonomy":"post_tag","embeddable":true,"href":"https:\/\/pc.sc.gov.br\/index.php?rest_route=%2Fwp%2Fv2%2Ftags&post=23181"}],"curies":[{"name":"wp","href":"https:\/\/api.w.org\/{rel}","templated":true}]}}