{"id":23186,"date":"2024-09-05T14:25:34","date_gmt":"2024-09-05T17:25:34","guid":{"rendered":"https:\/\/pc.sc.gov.br\/?p=23186"},"modified":"2024-09-05T14:27:11","modified_gmt":"2024-09-05T17:27:11","slug":"em-ascurra-homem-e-preso-apos-descumprir-medidas-protetivas-de-urgencia","status":"publish","type":"post","link":"https:\/\/pc.sc.gov.br\/?p=23186","title":{"rendered":"Em Ascurra, homem \u00e9 preso ap\u00f3s descumprir medidas protetivas de urg\u00eancia"},"content":{"rendered":"\t\t<div data-elementor-type=\"wp-post\" data-elementor-id=\"23186\" class=\"elementor elementor-23186\" data-elementor-post-type=\"post\">\n\t\t\t\t\t\t<section class=\"elementor-section elementor-top-section elementor-element elementor-element-b606ef8 elementor-section-boxed elementor-section-height-default elementor-section-height-default\" data-id=\"b606ef8\" data-element_type=\"section\">\n\t\t\t\t\t\t<div class=\"elementor-container elementor-column-gap-default\">\n\t\t\t\t\t<div class=\"elementor-column elementor-col-100 elementor-top-column elementor-element elementor-element-881f1a2\" data-id=\"881f1a2\" data-element_type=\"column\">\n\t\t\t<div class=\"elementor-widget-wrap elementor-element-populated\">\n\t\t\t\t\t\t<div class=\"elementor-element elementor-element-df2e9d8 elementor-widget elementor-widget-heading\" data-id=\"df2e9d8\" data-element_type=\"widget\" data-widget_type=\"heading.default\">\n\t\t\t\t<div class=\"elementor-widget-container\">\n\t\t\t\t\t<h2 class=\"elementor-heading-title elementor-size-default\">Em Ascurra, homem \u00e9 preso ap\u00f3s descumprir medidas protetivas de urg\u00eancia<\/h2>\t\t\t\t<\/div>\n\t\t\t\t<\/div>\n\t\t\t\t\t<\/div>\n\t\t<\/div>\n\t\t\t\t\t<\/div>\n\t\t<\/section>\n\t\t\t\t<section class=\"elementor-section elementor-top-section elementor-element elementor-element-b493a65 elementor-section-boxed elementor-section-height-default elementor-section-height-default\" data-id=\"b493a65\" data-element_type=\"section\">\n\t\t\t\t\t\t<div class=\"elementor-container elementor-column-gap-default\">\n\t\t\t\t\t<div class=\"elementor-column elementor-col-100 elementor-top-column elementor-element elementor-element-56081d4\" data-id=\"56081d4\" data-element_type=\"column\">\n\t\t\t<div class=\"elementor-widget-wrap elementor-element-populated\">\n\t\t\t\t\t\t<div class=\"elementor-element elementor-element-d90db89 elementor-widget elementor-widget-image\" data-id=\"d90db89\" data-element_type=\"widget\" data-widget_type=\"image.default\">\n\t\t\t\t<div class=\"elementor-widget-container\">\n\t\t\t\t\t\t\t\t\t\t\t\t\t\t\t<img fetchpriority=\"high\" decoding=\"async\" width=\"696\" height=\"610\" src=\"https:\/\/pc.sc.gov.br\/\/wp-content\/uploads\/2024\/09\/whatsapp-image-2021-02-23-at-105633_51467796478_o-fotor-20231101135042.jpg\" class=\"attachment-large size-large wp-image-23187\" alt=\"\" srcset=\"https:\/\/pc.sc.gov.br\/\/wp-content\/uploads\/2024\/09\/whatsapp-image-2021-02-23-at-105633_51467796478_o-fotor-20231101135042.jpg 911w, https:\/\/pc.sc.gov.br\/\/wp-content\/uploads\/2024\/09\/whatsapp-image-2021-02-23-at-105633_51467796478_o-fotor-20231101135042-300x263.jpg 300w, https:\/\/pc.sc.gov.br\/\/wp-content\/uploads\/2024\/09\/whatsapp-image-2021-02-23-at-105633_51467796478_o-fotor-20231101135042-768x673.jpg 768w\" sizes=\"(max-width: 696px) 100vw, 696px\" \/>\t\t\t\t\t\t\t\t\t\t\t\t\t\t\t<\/div>\n\t\t\t\t<\/div>\n\t\t\t\t\t<\/div>\n\t\t<\/div>\n\t\t\t\t\t<\/div>\n\t\t<\/section>\n\t\t\t\t<section class=\"elementor-section elementor-top-section elementor-element elementor-element-2df55ec elementor-section-boxed elementor-section-height-default elementor-section-height-default\" data-id=\"2df55ec\" data-element_type=\"section\">\n\t\t\t\t\t\t<div class=\"elementor-container elementor-column-gap-default\">\n\t\t\t\t\t<div class=\"elementor-column elementor-col-100 elementor-top-column elementor-element elementor-element-f127fc4\" data-id=\"f127fc4\" data-element_type=\"column\">\n\t\t\t<div class=\"elementor-widget-wrap elementor-element-populated\">\n\t\t\t\t\t\t<div class=\"elementor-element elementor-element-0c930ae elementor-widget elementor-widget-text-editor\" data-id=\"0c930ae\" data-element_type=\"widget\" data-widget_type=\"text-editor.default\">\n\t\t\t\t<div class=\"elementor-widget-container\">\n\t\t\t\t\t\t\t\t\t<p>A Pol\u00edcia Civil de Santa Catarina, por meio da DP da Comarca de Ascurra prendeu preventivamente na ter\u00e7a-feira, 3, um homem por descumprimento de medidas protetivas de urg\u00eancia. A pris\u00e3o foi decretada em regime de plant\u00e3o ap\u00f3s representa\u00e7\u00e3o do Delegado Wesley de Sousa Costa, com manifesta\u00e7\u00e3o favor\u00e1vel do Minist\u00e9rio P\u00fablico.<\/p>\n<p>O conduzido est\u00e1 sendo investigado por ter agredido e amea\u00e7ado sua companheira no dia 22 de agosto de 2023, o que motivou a concess\u00e3o de medidas protetivas de urg\u00eancia, proibindo sua aproxima\u00e7\u00e3o da v\u00edtima. No entanto, em 23 de agosto de 2024, o agressor desrespeitou novamente a decis\u00e3o judicial ao retornar \u00e0 resid\u00eancia do casal, onde utilizou um machado para destruir completamente a casa.<\/p>\n<p>N\u00e3o satisfeito, o investigado descumpriu as medidas protetivas mais uma vez no dia 01 de setembro de 2024, aproximando-se da v\u00edtima em duas ocasi\u00f5es distintas. Com a reiterada viola\u00e7\u00e3o das medidas protetivas, a Pol\u00edcia Civil instaurou inqu\u00e9rito para apurar as infra\u00e7\u00f5es e representou pela pris\u00e3o preventiva do suspeito. O Poder Judici\u00e1rio, em regime de plant\u00e3o, acatou o pedido e expediu o mandado de pris\u00e3o.<\/p>\n<p>A pris\u00e3o foi realizada no bairro Esta\u00e7\u00e3o, sem resist\u00eancia. Ap\u00f3s a deten\u00e7\u00e3o, o homem foi encaminhado diretamente ao Pres\u00eddio Regional de Blumenau, onde ficar\u00e1 \u00e0 disposi\u00e7\u00e3o da Justi\u00e7a.<\/p>\n<p><b>Colabore com a Pol\u00edcia Civil de Ascurra &#8211; Den\u00fancias atrav\u00e9s do (47) 99793-6769 &#8211; Sigilo absoluto!<\/b><span style=\"color: var( --e-global-color-text ); font-family: var( --e-global-typography-primary-font-family ), Sans-serif; font-size: var( --e-global-typography-primary-font-size ); font-weight: var( --e-global-typography-primary-font-weight ); letter-spacing: var( --e-global-typography-primary-letter-spacing );\">&nbsp;<\/span><\/p>\t\t\t\t\t\t\t\t<\/div>\n\t\t\t\t<\/div>\n\t\t\t\t\t<\/div>\n\t\t<\/div>\n\t\t\t\t\t<\/div>\n\t\t<\/section>\n\t\t\t\t<\/div>\n\t\t","protected":false},"excerpt":{"rendered":"<p>Em Ascurra, homem \u00e9 preso ap\u00f3s descumprir medidas protetivas de urg\u00eancia A Pol\u00edcia Civil de Santa Catarina, por meio da DP da Comarca de Ascurra prendeu preventivamente na ter\u00e7a-feira, 3, um homem por descumprimento de medidas protetivas de urg\u00eancia. A pris\u00e3o foi decretada em regime de plant\u00e3o ap\u00f3s representa\u00e7\u00e3o do Delegado Wesley de Sousa Costa, [&hellip;]<\/p>\n","protected":false},"author":5,"featured_media":23187,"comment_status":"closed","ping_status":"open","sticky":false,"template":"","format":"standard","meta":{"_monsterinsights_skip_tracking":false,"_monsterinsights_sitenote_active":false,"_monsterinsights_sitenote_note":"","_monsterinsights_sitenote_category":0,"footnotes":""},"categories":[1],"tags":[],"class_list":["post-23186","post","type-post","status-publish","format-standard","has-post-thumbnail","hentry","category-sem-categoria"],"_links":{"self":[{"href":"https:\/\/pc.sc.gov.br\/index.php?rest_route=\/wp\/v2\/posts\/23186","targetHints":{"allow":["GET"]}}],"collection":[{"href":"https:\/\/pc.sc.gov.br\/index.php?rest_route=\/wp\/v2\/posts"}],"about":[{"href":"https:\/\/pc.sc.gov.br\/index.php?rest_route=\/wp\/v2\/types\/post"}],"author":[{"embeddable":true,"href":"https:\/\/pc.sc.gov.br\/index.php?rest_route=\/wp\/v2\/users\/5"}],"replies":[{"embeddable":true,"href":"https:\/\/pc.sc.gov.br\/index.php?rest_route=%2Fwp%2Fv2%2Fcomments&post=23186"}],"version-history":[{"count":4,"href":"https:\/\/pc.sc.gov.br\/index.php?rest_route=\/wp\/v2\/posts\/23186\/revisions"}],"predecessor-version":[{"id":23191,"href":"https:\/\/pc.sc.gov.br\/index.php?rest_route=\/wp\/v2\/posts\/23186\/revisions\/23191"}],"wp:featuredmedia":[{"embeddable":true,"href":"https:\/\/pc.sc.gov.br\/index.php?rest_route=\/wp\/v2\/media\/23187"}],"wp:attachment":[{"href":"https:\/\/pc.sc.gov.br\/index.php?rest_route=%2Fwp%2Fv2%2Fmedia&parent=23186"}],"wp:term":[{"taxonomy":"category","embeddable":true,"href":"https:\/\/pc.sc.gov.br\/index.php?rest_route=%2Fwp%2Fv2%2Fcategories&post=23186"},{"taxonomy":"post_tag","embeddable":true,"href":"https:\/\/pc.sc.gov.br\/index.php?rest_route=%2Fwp%2Fv2%2Ftags&post=23186"}],"curies":[{"name":"wp","href":"https:\/\/api.w.org\/{rel}","templated":true}]}}