{"id":23192,"date":"2024-09-05T15:03:16","date_gmt":"2024-09-05T18:03:16","guid":{"rendered":"https:\/\/pc.sc.gov.br\/?p=23192"},"modified":"2024-09-05T15:04:11","modified_gmt":"2024-09-05T18:04:11","slug":"forcas-de-seguranca-atenderam-4-841-vitimas-durante-a-operacao-shamar-em-santa-catarina","status":"publish","type":"post","link":"https:\/\/pc.sc.gov.br\/?p=23192","title":{"rendered":"For\u00e7as de Seguran\u00e7a atenderam 4.841 v\u00edtimas durante a Opera\u00e7\u00e3o Shamar em Santa Catarina"},"content":{"rendered":"\t\t<div data-elementor-type=\"wp-post\" data-elementor-id=\"23192\" class=\"elementor elementor-23192\" data-elementor-post-type=\"post\">\n\t\t\t\t\t\t<section class=\"elementor-section elementor-top-section elementor-element elementor-element-76d43b8 elementor-section-boxed elementor-section-height-default elementor-section-height-default\" data-id=\"76d43b8\" data-element_type=\"section\">\n\t\t\t\t\t\t<div class=\"elementor-container elementor-column-gap-default\">\n\t\t\t\t\t<div class=\"elementor-column elementor-col-100 elementor-top-column elementor-element elementor-element-2216d1d\" data-id=\"2216d1d\" data-element_type=\"column\">\n\t\t\t<div class=\"elementor-widget-wrap elementor-element-populated\">\n\t\t\t\t\t\t<div class=\"elementor-element elementor-element-7d0c213 elementor-widget elementor-widget-heading\" data-id=\"7d0c213\" data-element_type=\"widget\" data-widget_type=\"heading.default\">\n\t\t\t\t<div class=\"elementor-widget-container\">\n\t\t\t\t\t<h2 class=\"elementor-heading-title elementor-size-default\">For\u00e7as de Seguran\u00e7a atenderam 4.841 v\u00edtimas durante a Opera\u00e7\u00e3o Shamar em Santa Catarina<\/h2>\t\t\t\t<\/div>\n\t\t\t\t<\/div>\n\t\t\t\t\t<\/div>\n\t\t<\/div>\n\t\t\t\t\t<\/div>\n\t\t<\/section>\n\t\t\t\t<section class=\"elementor-section elementor-top-section elementor-element elementor-element-4f9b664 elementor-section-boxed elementor-section-height-default elementor-section-height-default\" data-id=\"4f9b664\" data-element_type=\"section\">\n\t\t\t\t\t\t<div class=\"elementor-container elementor-column-gap-default\">\n\t\t\t\t\t<div class=\"elementor-column elementor-col-100 elementor-top-column elementor-element elementor-element-fb2e8d4\" data-id=\"fb2e8d4\" data-element_type=\"column\">\n\t\t\t<div class=\"elementor-widget-wrap elementor-element-populated\">\n\t\t\t\t\t\t<div class=\"elementor-element elementor-element-e9345ab elementor-widget elementor-widget-image\" data-id=\"e9345ab\" data-element_type=\"widget\" data-widget_type=\"image.default\">\n\t\t\t\t<div class=\"elementor-widget-container\">\n\t\t\t\t\t\t\t\t\t\t\t\t\t\t\t<img fetchpriority=\"high\" decoding=\"async\" width=\"696\" height=\"392\" src=\"https:\/\/pc.sc.gov.br\/\/wp-content\/uploads\/2024\/09\/WhatsApp-Image-2024-08-07-at-13.20.19-1-1024x576.jpeg\" class=\"attachment-large size-large wp-image-23193\" alt=\"\" srcset=\"https:\/\/pc.sc.gov.br\/\/wp-content\/uploads\/2024\/09\/WhatsApp-Image-2024-08-07-at-13.20.19-1-1024x576.jpeg 1024w, https:\/\/pc.sc.gov.br\/\/wp-content\/uploads\/2024\/09\/WhatsApp-Image-2024-08-07-at-13.20.19-1-300x169.jpeg 300w, https:\/\/pc.sc.gov.br\/\/wp-content\/uploads\/2024\/09\/WhatsApp-Image-2024-08-07-at-13.20.19-1-768x432.jpeg 768w, https:\/\/pc.sc.gov.br\/\/wp-content\/uploads\/2024\/09\/WhatsApp-Image-2024-08-07-at-13.20.19-1-1536x864.jpeg 1536w, https:\/\/pc.sc.gov.br\/\/wp-content\/uploads\/2024\/09\/WhatsApp-Image-2024-08-07-at-13.20.19-1.jpeg 1600w\" sizes=\"(max-width: 696px) 100vw, 696px\" \/>\t\t\t\t\t\t\t\t\t\t\t\t\t\t\t<\/div>\n\t\t\t\t<\/div>\n\t\t\t\t\t<\/div>\n\t\t<\/div>\n\t\t\t\t\t<\/div>\n\t\t<\/section>\n\t\t\t\t<section class=\"elementor-section elementor-top-section elementor-element elementor-element-d43d2d6 elementor-section-boxed elementor-section-height-default elementor-section-height-default\" data-id=\"d43d2d6\" data-element_type=\"section\">\n\t\t\t\t\t\t<div class=\"elementor-container elementor-column-gap-default\">\n\t\t\t\t\t<div class=\"elementor-column elementor-col-100 elementor-top-column elementor-element elementor-element-b22cbc7\" data-id=\"b22cbc7\" data-element_type=\"column\">\n\t\t\t<div class=\"elementor-widget-wrap elementor-element-populated\">\n\t\t\t\t\t\t<div class=\"elementor-element elementor-element-e431676 elementor-widget elementor-widget-text-editor\" data-id=\"e431676\" data-element_type=\"widget\" data-widget_type=\"text-editor.default\">\n\t\t\t\t<div class=\"elementor-widget-container\">\n\t\t\t\t\t\t\t\t\t<p>As for\u00e7as de Seguran\u00e7a de Santa Catarina \u2014 Pol\u00edcia Militar, Pol\u00edcia Civil, Corpo de Bombeiros Militar e Pol\u00edcia Cient\u00edfica \u2014 atenderam 4.841 v\u00edtimas no per\u00edodo em que foi realizada a Opera\u00e7\u00e3o Shamar. A iniciativa intensificou no estado as a\u00e7\u00f5es de preven\u00e7\u00e3o e combate \u00e0 viol\u00eancia dom\u00e9stica e familiar contra a mulher e ao feminic\u00eddio.<\/p>\n<p>Nos 30 dias de dura\u00e7\u00e3o, a Opera\u00e7\u00e3o Shamar em SC contou com efetivo de 2.525 integrantes da Seguran\u00e7a e 883 viaturas foram empregadas. Na parte preventiva, foram realizadas 225 a\u00e7\u00f5es de panfletagem e 19.277 a\u00e7\u00f5es educativas em m\u00eddia digital. Foram ministradas 456 palestras que alcan\u00e7aram 20.593 pessoas.<\/p>\n<p>Em a\u00e7\u00f5es policiais, foram apreendidas 14 armas brancas, 3 espingardas e 236 muni\u00e7\u00f5es. Os dados mostram que houve 103 a\u00e7\u00f5es de acompanhamento para retirada de pertences pessoais, 228 den\u00fancias apuradas (Ligue 180), 41 a\u00e7\u00f5es de apoio a oficiais de justi\u00e7a e 1.121 den\u00fancias apuradas (outras). Tamb\u00e9m ocorreram 2.152 dilig\u00eancias e 5.443 medidas protetivas de urg\u00eancia foram acompanhadas.<\/p>\n<p>Os dados s\u00e3o da Coordenadoria de Opera\u00e7\u00f5es Integradas da Secretaria de Estado da Seguran\u00e7a P\u00fablica de Santa Catarina (SSP-SC). Ao mesmo tempo em que destaca a mobiliza\u00e7\u00e3o das for\u00e7as de Seguran\u00e7a em agosto, o secret\u00e1rio de Seguran\u00e7a P\u00fablica de Santa Catarina (SSP) designado, coronel Fl\u00e1vio Graff, enfatiza que os trabalhos nesta \u00e1rea de preven\u00e7\u00e3o e enfrentamento da viol\u00eancia contra a mulher e feminic\u00eddios s\u00e3o prioridades do governo do Estado e continuar\u00e3o sendo realizados pelas for\u00e7as de Seguran\u00e7a.<\/p>\n<p>\u201cPrecisamos destacar a integra\u00e7\u00e3o que houve entre as for\u00e7as de Seguran\u00e7a no sentido de atender cada vez mais e melhor a popula\u00e7\u00e3o de nosso Estado. Tivemos quase cinco mil v\u00edtimas atendidas e um efetivo policial empregado de mais de 2,5 mil integrantes das for\u00e7as\u201d, pontuou.<\/p>\n<p>O secret\u00e1rio da Seguran\u00e7a afirmou que o \u201cesfor\u00e7o e o trabalho continuar\u00e3o sendo desenvolvidos para buscarmos minimizar cada vez mais esses n\u00fameros que afligem a seguran\u00e7a como um todo em Santa Catarina e no Pa\u00eds para extinguirmos os feminic\u00eddios e a viol\u00eancia contra a mulher de uma forma geral\u201d.<\/p>\n<p>Confian\u00e7a na seguran\u00e7a p\u00fablica<\/p>\n<p>A coordenadora das Delegacias de Prote\u00e7\u00e3o \u00e0 Crian\u00e7a, ao Adolescente, \u00e0 Mulher e ao Idoso (DPCAMIs) da Pol\u00edcia Civil de SC e da opera\u00e7\u00e3o Shamar no Estado, delegada Patr\u00edcia Zimmermann d\u2019\u00c1vila, ressalta que os atendimentos t\u00eam evitado o aumento dos crimes de viol\u00eancia, em que geralmente as mulheres s\u00e3o v\u00edtimas de amea\u00e7a, les\u00e3o e descumprimento de medida protetiva. \u201cEstes atendimentos t\u00eam crescido ano a ano, conforme aumenta a confian\u00e7a das mulheres na seguran\u00e7a p\u00fablica\u201d, afirma.<\/p>\n<p>Integra\u00e7\u00e3o<\/p>\n<p>A opera\u00e7\u00e3o Shamar foi nacional e coordenada pelo Minist\u00e9rio da Justi\u00e7a e Seguran\u00e7a P\u00fablica (MJSP), atrav\u00e9s da Secret\u00e1ria da Secretaria Nacional de Seguran\u00e7a P\u00fablica \u2013 SENASP. Em SC, a coordena\u00e7\u00e3o ocorreu por meio da Secretaria de Estado da Seguran\u00e7a P\u00fablica de SC.<span style=\"color: var( --e-global-color-text ); font-family: var( --e-global-typography-primary-font-family ), Sans-serif; font-size: var( --e-global-typography-primary-font-size ); font-weight: var( --e-global-typography-primary-font-weight ); letter-spacing: var( --e-global-typography-primary-letter-spacing );\">&nbsp;<\/span><\/p>\t\t\t\t\t\t\t\t<\/div>\n\t\t\t\t<\/div>\n\t\t\t\t\t<\/div>\n\t\t<\/div>\n\t\t\t\t\t<\/div>\n\t\t<\/section>\n\t\t\t\t<\/div>\n\t\t","protected":false},"excerpt":{"rendered":"<p>For\u00e7as de Seguran\u00e7a atenderam 4.841 v\u00edtimas durante a Opera\u00e7\u00e3o Shamar em Santa Catarina As for\u00e7as de Seguran\u00e7a de Santa Catarina \u2014 Pol\u00edcia Militar, Pol\u00edcia Civil, Corpo de Bombeiros Militar e Pol\u00edcia Cient\u00edfica \u2014 atenderam 4.841 v\u00edtimas no per\u00edodo em que foi realizada a Opera\u00e7\u00e3o Shamar. A iniciativa intensificou no estado as a\u00e7\u00f5es de preven\u00e7\u00e3o e [&hellip;]<\/p>\n","protected":false},"author":5,"featured_media":23193,"comment_status":"closed","ping_status":"open","sticky":false,"template":"","format":"standard","meta":{"_monsterinsights_skip_tracking":false,"_monsterinsights_sitenote_active":false,"_monsterinsights_sitenote_note":"","_monsterinsights_sitenote_category":0,"footnotes":""},"categories":[1],"tags":[],"class_list":["post-23192","post","type-post","status-publish","format-standard","has-post-thumbnail","hentry","category-sem-categoria"],"_links":{"self":[{"href":"https:\/\/pc.sc.gov.br\/index.php?rest_route=\/wp\/v2\/posts\/23192","targetHints":{"allow":["GET"]}}],"collection":[{"href":"https:\/\/pc.sc.gov.br\/index.php?rest_route=\/wp\/v2\/posts"}],"about":[{"href":"https:\/\/pc.sc.gov.br\/index.php?rest_route=\/wp\/v2\/types\/post"}],"author":[{"embeddable":true,"href":"https:\/\/pc.sc.gov.br\/index.php?rest_route=\/wp\/v2\/users\/5"}],"replies":[{"embeddable":true,"href":"https:\/\/pc.sc.gov.br\/index.php?rest_route=%2Fwp%2Fv2%2Fcomments&post=23192"}],"version-history":[{"count":4,"href":"https:\/\/pc.sc.gov.br\/index.php?rest_route=\/wp\/v2\/posts\/23192\/revisions"}],"predecessor-version":[{"id":23197,"href":"https:\/\/pc.sc.gov.br\/index.php?rest_route=\/wp\/v2\/posts\/23192\/revisions\/23197"}],"wp:featuredmedia":[{"embeddable":true,"href":"https:\/\/pc.sc.gov.br\/index.php?rest_route=\/wp\/v2\/media\/23193"}],"wp:attachment":[{"href":"https:\/\/pc.sc.gov.br\/index.php?rest_route=%2Fwp%2Fv2%2Fmedia&parent=23192"}],"wp:term":[{"taxonomy":"category","embeddable":true,"href":"https:\/\/pc.sc.gov.br\/index.php?rest_route=%2Fwp%2Fv2%2Fcategories&post=23192"},{"taxonomy":"post_tag","embeddable":true,"href":"https:\/\/pc.sc.gov.br\/index.php?rest_route=%2Fwp%2Fv2%2Ftags&post=23192"}],"curies":[{"name":"wp","href":"https:\/\/api.w.org\/{rel}","templated":true}]}}