{"id":23198,"date":"2024-09-05T16:28:51","date_gmt":"2024-09-05T19:28:51","guid":{"rendered":"https:\/\/pc.sc.gov.br\/?p=23198"},"modified":"2024-09-05T16:30:14","modified_gmt":"2024-09-05T19:30:14","slug":"policia-civil-desarticula-associacao-criminosa-que-praticava-furtos-a-farmacias-e-prende-duas-mulheres-no-parana","status":"publish","type":"post","link":"https:\/\/pc.sc.gov.br\/?p=23198","title":{"rendered":"Pol\u00edcia Civil desarticula associa\u00e7\u00e3o criminosa que praticava furtos a farm\u00e1cias e prende duas mulheres no Paran\u00e1"},"content":{"rendered":"\t\t<div data-elementor-type=\"wp-post\" data-elementor-id=\"23198\" class=\"elementor elementor-23198\" data-elementor-post-type=\"post\">\n\t\t\t\t\t\t<section class=\"elementor-section elementor-top-section elementor-element elementor-element-a8ff6c8 elementor-section-boxed elementor-section-height-default elementor-section-height-default\" data-id=\"a8ff6c8\" data-element_type=\"section\">\n\t\t\t\t\t\t<div class=\"elementor-container elementor-column-gap-default\">\n\t\t\t\t\t<div class=\"elementor-column elementor-col-100 elementor-top-column elementor-element elementor-element-9d9d487\" data-id=\"9d9d487\" data-element_type=\"column\">\n\t\t\t<div class=\"elementor-widget-wrap elementor-element-populated\">\n\t\t\t\t\t\t<div class=\"elementor-element elementor-element-502086f elementor-widget elementor-widget-heading\" data-id=\"502086f\" data-element_type=\"widget\" data-widget_type=\"heading.default\">\n\t\t\t\t<div class=\"elementor-widget-container\">\n\t\t\t\t\t<h2 class=\"elementor-heading-title elementor-size-default\">Pol\u00edcia Civil desarticula associa\u00e7\u00e3o criminosa que praticava furtos a farm\u00e1cias e prende duas mulheres no Paran\u00e1<\/h2>\t\t\t\t<\/div>\n\t\t\t\t<\/div>\n\t\t\t\t\t<\/div>\n\t\t<\/div>\n\t\t\t\t\t<\/div>\n\t\t<\/section>\n\t\t\t\t<section class=\"elementor-section elementor-top-section elementor-element elementor-element-f3bce6a elementor-section-boxed elementor-section-height-default elementor-section-height-default\" data-id=\"f3bce6a\" data-element_type=\"section\">\n\t\t\t\t\t\t<div class=\"elementor-container elementor-column-gap-default\">\n\t\t\t\t\t<div class=\"elementor-column elementor-col-100 elementor-top-column elementor-element elementor-element-80d5830\" data-id=\"80d5830\" data-element_type=\"column\">\n\t\t\t<div class=\"elementor-widget-wrap elementor-element-populated\">\n\t\t\t\t\t\t<div class=\"elementor-element elementor-element-350a56b elementor-widget elementor-widget-image\" data-id=\"350a56b\" data-element_type=\"widget\" data-widget_type=\"image.default\">\n\t\t\t\t<div class=\"elementor-widget-container\">\n\t\t\t\t\t\t\t\t\t\t\t\t\t\t\t<img fetchpriority=\"high\" decoding=\"async\" width=\"696\" height=\"529\" src=\"https:\/\/pc.sc.gov.br\/\/wp-content\/uploads\/2024\/08\/WhatsApp-Image-2024-01-30-at-16.33.05-fotor-202405031461.jpg\" class=\"attachment-large size-large wp-image-22445\" alt=\"\" srcset=\"https:\/\/pc.sc.gov.br\/\/wp-content\/uploads\/2024\/08\/WhatsApp-Image-2024-01-30-at-16.33.05-fotor-202405031461.jpg 969w, https:\/\/pc.sc.gov.br\/\/wp-content\/uploads\/2024\/08\/WhatsApp-Image-2024-01-30-at-16.33.05-fotor-202405031461-300x228.jpg 300w, https:\/\/pc.sc.gov.br\/\/wp-content\/uploads\/2024\/08\/WhatsApp-Image-2024-01-30-at-16.33.05-fotor-202405031461-768x583.jpg 768w\" sizes=\"(max-width: 696px) 100vw, 696px\" \/>\t\t\t\t\t\t\t\t\t\t\t\t\t\t\t<\/div>\n\t\t\t\t<\/div>\n\t\t\t\t\t<\/div>\n\t\t<\/div>\n\t\t\t\t\t<\/div>\n\t\t<\/section>\n\t\t\t\t<section class=\"elementor-section elementor-top-section elementor-element elementor-element-6b0c182 elementor-section-boxed elementor-section-height-default elementor-section-height-default\" data-id=\"6b0c182\" data-element_type=\"section\">\n\t\t\t\t\t\t<div class=\"elementor-container elementor-column-gap-default\">\n\t\t\t\t\t<div class=\"elementor-column elementor-col-100 elementor-top-column elementor-element elementor-element-6619ec2\" data-id=\"6619ec2\" data-element_type=\"column\">\n\t\t\t<div class=\"elementor-widget-wrap elementor-element-populated\">\n\t\t\t\t\t\t<div class=\"elementor-element elementor-element-dc0ef68 elementor-widget elementor-widget-text-editor\" data-id=\"dc0ef68\" data-element_type=\"widget\" data-widget_type=\"text-editor.default\">\n\t\t\t\t<div class=\"elementor-widget-container\">\n\t\t\t\t\t\t\t\t\t<p>A Pol\u00edcia Civil de Santa Catarina, por meio da Delegacia de Indaial, em a\u00e7\u00e3o integrada com a Pol\u00edcia Civil do Paran\u00e1, nos dias 03 e 04 deste m\u00eas, deram cumprimento a cinco mandados no estado do Paran\u00e1, sendo tr\u00eas de busca e apreens\u00e3o domiciliar e dois mandados de pris\u00e3o preventiva.<\/p><p>As investiga\u00e7\u00f5es come\u00e7aram em maio deste ano, ap\u00f3s o grupo criminoso subtrair diversos produtos de alto valor de uma farm\u00e1cia em Indaial (SC). A partir de um minucioso trabalho investigativo, constatou-se estarmos diante de um grupo criminoso do estado do Paran\u00e1 especializado em furtos de farm\u00e1cias. Pelo apurado, o grupo do Paran\u00e1 realizou furtos a diversas farm\u00e1cias no estado de Santa Catarina, nas cidades de Indaial, Blumenau, Jaragu\u00e1 do Sul, Joinville e Florian\u00f3polis.<\/p><p>Com base nos elementos informativos e probat\u00f3rios angariados pelo Setor de Investiga\u00e7\u00e3o da Delegacia de Indaial, o delegado Filipe Martins representou pelas cautelares, com manifesta\u00e7\u00e3o favor\u00e1vel do Minist\u00e9rio P\u00fablico e posterior decreta\u00e7\u00e3o da pris\u00e3o preventiva de duas investigadas.<\/p><p>As a\u00e7\u00f5es policiais foram deflagradas na cidade de Curitiba, no estado do Paran\u00e1, onde as suspeitas permanecer\u00e3o presas at\u00e9 o recambiamento ao Sistema Prisional catarinense.<\/p>\t\t\t\t\t\t\t\t<\/div>\n\t\t\t\t<\/div>\n\t\t\t\t\t<\/div>\n\t\t<\/div>\n\t\t\t\t\t<\/div>\n\t\t<\/section>\n\t\t\t\t<\/div>\n\t\t","protected":false},"excerpt":{"rendered":"<p>Pol\u00edcia Civil desarticula associa\u00e7\u00e3o criminosa que praticava furtos a farm\u00e1cias e prende duas mulheres no Paran\u00e1 A Pol\u00edcia Civil de Santa Catarina, por meio da Delegacia de Indaial, em a\u00e7\u00e3o integrada com a Pol\u00edcia Civil do Paran\u00e1, nos dias 03 e 04 deste m\u00eas, deram cumprimento a cinco mandados no estado do Paran\u00e1, sendo tr\u00eas [&hellip;]<\/p>\n","protected":false},"author":5,"featured_media":22817,"comment_status":"closed","ping_status":"open","sticky":false,"template":"","format":"standard","meta":{"_monsterinsights_skip_tracking":false,"_monsterinsights_sitenote_active":false,"_monsterinsights_sitenote_note":"","_monsterinsights_sitenote_category":0,"footnotes":""},"categories":[1],"tags":[],"class_list":["post-23198","post","type-post","status-publish","format-standard","has-post-thumbnail","hentry","category-sem-categoria"],"_links":{"self":[{"href":"https:\/\/pc.sc.gov.br\/index.php?rest_route=\/wp\/v2\/posts\/23198","targetHints":{"allow":["GET"]}}],"collection":[{"href":"https:\/\/pc.sc.gov.br\/index.php?rest_route=\/wp\/v2\/posts"}],"about":[{"href":"https:\/\/pc.sc.gov.br\/index.php?rest_route=\/wp\/v2\/types\/post"}],"author":[{"embeddable":true,"href":"https:\/\/pc.sc.gov.br\/index.php?rest_route=\/wp\/v2\/users\/5"}],"replies":[{"embeddable":true,"href":"https:\/\/pc.sc.gov.br\/index.php?rest_route=%2Fwp%2Fv2%2Fcomments&post=23198"}],"version-history":[{"count":4,"href":"https:\/\/pc.sc.gov.br\/index.php?rest_route=\/wp\/v2\/posts\/23198\/revisions"}],"predecessor-version":[{"id":23202,"href":"https:\/\/pc.sc.gov.br\/index.php?rest_route=\/wp\/v2\/posts\/23198\/revisions\/23202"}],"wp:featuredmedia":[{"embeddable":true,"href":"https:\/\/pc.sc.gov.br\/index.php?rest_route=\/wp\/v2\/media\/22817"}],"wp:attachment":[{"href":"https:\/\/pc.sc.gov.br\/index.php?rest_route=%2Fwp%2Fv2%2Fmedia&parent=23198"}],"wp:term":[{"taxonomy":"category","embeddable":true,"href":"https:\/\/pc.sc.gov.br\/index.php?rest_route=%2Fwp%2Fv2%2Fcategories&post=23198"},{"taxonomy":"post_tag","embeddable":true,"href":"https:\/\/pc.sc.gov.br\/index.php?rest_route=%2Fwp%2Fv2%2Ftags&post=23198"}],"curies":[{"name":"wp","href":"https:\/\/api.w.org\/{rel}","templated":true}]}}