{"id":23203,"date":"2024-09-05T19:05:45","date_gmt":"2024-09-05T22:05:45","guid":{"rendered":"https:\/\/pc.sc.gov.br\/?p=23203"},"modified":"2024-09-05T19:06:44","modified_gmt":"2024-09-05T22:06:44","slug":"delegacia-de-protecao-animal-da-capital-realiza-operacao-contra-rinha-do-galo-e-homem-e-conduzido-em-flagrante","status":"publish","type":"post","link":"https:\/\/pc.sc.gov.br\/?p=23203","title":{"rendered":"Delegacia de Prote\u00e7\u00e3o Animal da Capital realiza opera\u00e7\u00e3o contra rinha do galo e homem \u00e9 conduzido em flagrante"},"content":{"rendered":"\t\t<div data-elementor-type=\"wp-post\" data-elementor-id=\"23203\" class=\"elementor elementor-23203\" data-elementor-post-type=\"post\">\n\t\t\t\t\t\t<section class=\"elementor-section elementor-top-section elementor-element elementor-element-3820df1 elementor-section-boxed elementor-section-height-default elementor-section-height-default\" data-id=\"3820df1\" data-element_type=\"section\">\n\t\t\t\t\t\t<div class=\"elementor-container elementor-column-gap-default\">\n\t\t\t\t\t<div class=\"elementor-column elementor-col-100 elementor-top-column elementor-element elementor-element-88ba8bf\" data-id=\"88ba8bf\" data-element_type=\"column\">\n\t\t\t<div class=\"elementor-widget-wrap elementor-element-populated\">\n\t\t\t\t\t\t<div class=\"elementor-element elementor-element-d72ab62 elementor-widget elementor-widget-heading\" data-id=\"d72ab62\" data-element_type=\"widget\" data-widget_type=\"heading.default\">\n\t\t\t\t<div class=\"elementor-widget-container\">\n\t\t\t\t\t<h2 class=\"elementor-heading-title elementor-size-default\">Delegacia de Prote\u00e7\u00e3o Animal da Capital realiza opera\u00e7\u00e3o contra rinha do galo e homem \u00e9 conduzido em flagrante<\/h2>\t\t\t\t<\/div>\n\t\t\t\t<\/div>\n\t\t\t\t\t<\/div>\n\t\t<\/div>\n\t\t\t\t\t<\/div>\n\t\t<\/section>\n\t\t\t\t<section class=\"elementor-section elementor-top-section elementor-element elementor-element-c470dcd elementor-section-boxed elementor-section-height-default elementor-section-height-default\" data-id=\"c470dcd\" data-element_type=\"section\">\n\t\t\t\t\t\t<div class=\"elementor-container elementor-column-gap-default\">\n\t\t\t\t\t<div class=\"elementor-column elementor-col-100 elementor-top-column elementor-element elementor-element-79b8258\" data-id=\"79b8258\" data-element_type=\"column\">\n\t\t\t<div class=\"elementor-widget-wrap elementor-element-populated\">\n\t\t\t\t\t\t<div class=\"elementor-element elementor-element-1a51a34 elementor-widget elementor-widget-image\" data-id=\"1a51a34\" data-element_type=\"widget\" data-widget_type=\"image.default\">\n\t\t\t\t<div class=\"elementor-widget-container\">\n\t\t\t\t\t\t\t\t\t\t\t\t\t\t\t<img fetchpriority=\"high\" decoding=\"async\" width=\"696\" height=\"927\" src=\"https:\/\/pc.sc.gov.br\/\/wp-content\/uploads\/2024\/09\/WhatsApp-Image-2024-09-05-at-18.45.52-1-769x1024.jpeg\" class=\"attachment-large size-large wp-image-23205\" alt=\"\" srcset=\"https:\/\/pc.sc.gov.br\/\/wp-content\/uploads\/2024\/09\/WhatsApp-Image-2024-09-05-at-18.45.52-1-769x1024.jpeg 769w, https:\/\/pc.sc.gov.br\/\/wp-content\/uploads\/2024\/09\/WhatsApp-Image-2024-09-05-at-18.45.52-1-225x300.jpeg 225w, https:\/\/pc.sc.gov.br\/\/wp-content\/uploads\/2024\/09\/WhatsApp-Image-2024-09-05-at-18.45.52-1-768x1023.jpeg 768w, https:\/\/pc.sc.gov.br\/\/wp-content\/uploads\/2024\/09\/WhatsApp-Image-2024-09-05-at-18.45.52-1-1153x1536.jpeg 1153w, https:\/\/pc.sc.gov.br\/\/wp-content\/uploads\/2024\/09\/WhatsApp-Image-2024-09-05-at-18.45.52-1-1537x2048.jpeg 1537w, https:\/\/pc.sc.gov.br\/\/wp-content\/uploads\/2024\/09\/WhatsApp-Image-2024-09-05-at-18.45.52-1-scaled.jpeg 1922w\" sizes=\"(max-width: 696px) 100vw, 696px\" \/>\t\t\t\t\t\t\t\t\t\t\t\t\t\t\t<\/div>\n\t\t\t\t<\/div>\n\t\t\t\t\t<\/div>\n\t\t<\/div>\n\t\t\t\t\t<\/div>\n\t\t<\/section>\n\t\t\t\t<section class=\"elementor-section elementor-top-section elementor-element elementor-element-a100129 elementor-section-boxed elementor-section-height-default elementor-section-height-default\" data-id=\"a100129\" data-element_type=\"section\">\n\t\t\t\t\t\t<div class=\"elementor-container elementor-column-gap-default\">\n\t\t\t\t\t<div class=\"elementor-column elementor-col-100 elementor-top-column elementor-element elementor-element-8241bce\" data-id=\"8241bce\" data-element_type=\"column\">\n\t\t\t<div class=\"elementor-widget-wrap elementor-element-populated\">\n\t\t\t\t\t\t<div class=\"elementor-element elementor-element-4b8c8f2 elementor-widget elementor-widget-text-editor\" data-id=\"4b8c8f2\" data-element_type=\"widget\" data-widget_type=\"text-editor.default\">\n\t\t\t\t<div class=\"elementor-widget-container\">\n\t\t\t\t\t\t\t\t\t<p>A Pol\u00edcia Civil de Santa Catarina, por meio da Delegacia de Prote\u00e7\u00e3o Animal do Departamento de Investiga\u00e7\u00e3o Criminal da Capital (DPA\/DIC), nesta quinta-feira (05\/09), deflagrou opera\u00e7\u00e3o conjunta com a Pol\u00edcia Cient\u00edfica para verificar den\u00fancia de \u201crinha do galo\u201d, no bairro Sambaqui, em Florian\u00f3polis\/SC.<\/p><p>Ao receber informa\u00e7\u00f5es de \u00f3rg\u00e3o municipal de que, em fiscaliza\u00e7\u00e3o de crime ambiental, os fiscais depararam-se com um ringue compat\u00edvel com a pr\u00e1tica de \u201crinha de galo\u201d, a equipe da delegacia especializada organizou opera\u00e7\u00e3o conjunta com a per\u00edcia oficial para verifica\u00e7\u00e3o.<\/p><p>Durante a dilig\u00eancia, o perito m\u00e9dico-veterin\u00e1rio oficial do estado verificou as condi\u00e7\u00f5es de sa\u00fade e de ambiente dos animais, sendo constatada a pr\u00e1tica de maus-tratos. Alguns animais estavam confinados em pequenas gaiolas, com muitas sujidades de fezes e sem \u00e1gua limpa dispon\u00edvel.<\/p><p>Al\u00e9m disso, alguns deles apresentavam mutila\u00e7\u00f5es de crista, barbela, orelha e espor\u00e3o, amputa\u00e7\u00f5es feitas para a pr\u00e1tica criminosa com o intuito de melhorar o desempenho e a resist\u00eancia dos animais.<\/p><p>O respons\u00e1vel pelas aves foi conduzido \u00e0 Delegacia de Prote\u00e7\u00e3o Animal \u00a0para a lavratura do procedimento cab\u00edvel e foi nomeado fiel deposit\u00e1rio dos 36 animais envolvidos at\u00e9 a devida decis\u00e3o judicial acerca da sua destina\u00e7\u00e3o.<\/p><p>A Pol\u00edcia Civil ressalta que \u201crinha\u201d de animais configura crime de maus-tratos e, quando pessoas se associam para a pr\u00e1tica, tamb\u00e9m podem responder pelo crime de associa\u00e7\u00e3o criminosa, cujas penas m\u00e1ximas somadas s\u00e3o de at\u00e9 04 anos de pris\u00e3o, al\u00e9m de multa. Se voc\u00ea tiver qualquer informa\u00e7\u00e3o a respeito desses crimes, denuncie!<\/p>\t\t\t\t\t\t\t\t<\/div>\n\t\t\t\t<\/div>\n\t\t\t\t\t<\/div>\n\t\t<\/div>\n\t\t\t\t\t<\/div>\n\t\t<\/section>\n\t\t\t\t<section class=\"elementor-section elementor-top-section elementor-element elementor-element-89160e5 elementor-section-boxed elementor-section-height-default elementor-section-height-default\" data-id=\"89160e5\" data-element_type=\"section\">\n\t\t\t\t\t\t<div class=\"elementor-container elementor-column-gap-default\">\n\t\t\t\t\t<div class=\"elementor-column elementor-col-100 elementor-top-column elementor-element elementor-element-e816d11\" data-id=\"e816d11\" data-element_type=\"column\">\n\t\t\t<div class=\"elementor-widget-wrap elementor-element-populated\">\n\t\t\t\t\t\t<div class=\"elementor-element elementor-element-ec88c92 elementor-widget elementor-widget-image\" data-id=\"ec88c92\" data-element_type=\"widget\" data-widget_type=\"image.default\">\n\t\t\t\t<div class=\"elementor-widget-container\">\n\t\t\t\t\t\t\t\t\t\t\t\t\t\t\t<img decoding=\"async\" width=\"696\" height=\"927\" src=\"https:\/\/pc.sc.gov.br\/\/wp-content\/uploads\/2024\/09\/WhatsApp-Image-2024-09-05-at-18.45.52-769x1024.jpeg\" class=\"attachment-large size-large wp-image-23206\" alt=\"\" srcset=\"https:\/\/pc.sc.gov.br\/\/wp-content\/uploads\/2024\/09\/WhatsApp-Image-2024-09-05-at-18.45.52-769x1024.jpeg 769w, https:\/\/pc.sc.gov.br\/\/wp-content\/uploads\/2024\/09\/WhatsApp-Image-2024-09-05-at-18.45.52-225x300.jpeg 225w, https:\/\/pc.sc.gov.br\/\/wp-content\/uploads\/2024\/09\/WhatsApp-Image-2024-09-05-at-18.45.52-768x1023.jpeg 768w, https:\/\/pc.sc.gov.br\/\/wp-content\/uploads\/2024\/09\/WhatsApp-Image-2024-09-05-at-18.45.52-1153x1536.jpeg 1153w, https:\/\/pc.sc.gov.br\/\/wp-content\/uploads\/2024\/09\/WhatsApp-Image-2024-09-05-at-18.45.52-1537x2048.jpeg 1537w, https:\/\/pc.sc.gov.br\/\/wp-content\/uploads\/2024\/09\/WhatsApp-Image-2024-09-05-at-18.45.52-scaled.jpeg 1922w\" sizes=\"(max-width: 696px) 100vw, 696px\" \/>\t\t\t\t\t\t\t\t\t\t\t\t\t\t\t<\/div>\n\t\t\t\t<\/div>\n\t\t\t\t\t<\/div>\n\t\t<\/div>\n\t\t\t\t\t<\/div>\n\t\t<\/section>\n\t\t\t\t<section class=\"elementor-section elementor-top-section elementor-element elementor-element-99b4af3 elementor-section-boxed elementor-section-height-default elementor-section-height-default\" data-id=\"99b4af3\" data-element_type=\"section\">\n\t\t\t\t\t\t<div class=\"elementor-container elementor-column-gap-default\">\n\t\t\t\t\t<div class=\"elementor-column elementor-col-100 elementor-top-column elementor-element elementor-element-a7123d7\" data-id=\"a7123d7\" data-element_type=\"column\">\n\t\t\t<div class=\"elementor-widget-wrap elementor-element-populated\">\n\t\t\t\t\t\t<div class=\"elementor-element elementor-element-07b4ef5 elementor-widget elementor-widget-image\" data-id=\"07b4ef5\" data-element_type=\"widget\" data-widget_type=\"image.default\">\n\t\t\t\t<div class=\"elementor-widget-container\">\n\t\t\t\t\t\t\t\t\t\t\t\t\t\t\t<img decoding=\"async\" width=\"696\" height=\"392\" src=\"https:\/\/pc.sc.gov.br\/\/wp-content\/uploads\/2024\/09\/WhatsApp-Image-2024-09-05-at-18.46.09-1024x576.jpeg\" class=\"attachment-large size-large wp-image-23204\" alt=\"\" srcset=\"https:\/\/pc.sc.gov.br\/\/wp-content\/uploads\/2024\/09\/WhatsApp-Image-2024-09-05-at-18.46.09-1024x576.jpeg 1024w, https:\/\/pc.sc.gov.br\/\/wp-content\/uploads\/2024\/09\/WhatsApp-Image-2024-09-05-at-18.46.09-300x169.jpeg 300w, https:\/\/pc.sc.gov.br\/\/wp-content\/uploads\/2024\/09\/WhatsApp-Image-2024-09-05-at-18.46.09-768x432.jpeg 768w, https:\/\/pc.sc.gov.br\/\/wp-content\/uploads\/2024\/09\/WhatsApp-Image-2024-09-05-at-18.46.09-1536x864.jpeg 1536w, https:\/\/pc.sc.gov.br\/\/wp-content\/uploads\/2024\/09\/WhatsApp-Image-2024-09-05-at-18.46.09.jpeg 1600w\" sizes=\"(max-width: 696px) 100vw, 696px\" \/>\t\t\t\t\t\t\t\t\t\t\t\t\t\t\t<\/div>\n\t\t\t\t<\/div>\n\t\t\t\t\t<\/div>\n\t\t<\/div>\n\t\t\t\t\t<\/div>\n\t\t<\/section>\n\t\t\t\t<\/div>\n\t\t","protected":false},"excerpt":{"rendered":"<p>Delegacia de Prote\u00e7\u00e3o Animal da Capital realiza opera\u00e7\u00e3o contra rinha do galo e homem \u00e9 conduzido em flagrante A Pol\u00edcia Civil de Santa Catarina, por meio da Delegacia de Prote\u00e7\u00e3o Animal do Departamento de Investiga\u00e7\u00e3o Criminal da Capital (DPA\/DIC), nesta quinta-feira (05\/09), deflagrou opera\u00e7\u00e3o conjunta com a Pol\u00edcia Cient\u00edfica para verificar den\u00fancia de \u201crinha do [&hellip;]<\/p>\n","protected":false},"author":5,"featured_media":23205,"comment_status":"closed","ping_status":"open","sticky":false,"template":"","format":"standard","meta":{"_monsterinsights_skip_tracking":false,"_monsterinsights_sitenote_active":false,"_monsterinsights_sitenote_note":"","_monsterinsights_sitenote_category":0,"footnotes":""},"categories":[1],"tags":[],"class_list":["post-23203","post","type-post","status-publish","format-standard","has-post-thumbnail","hentry","category-sem-categoria"],"_links":{"self":[{"href":"https:\/\/pc.sc.gov.br\/index.php?rest_route=\/wp\/v2\/posts\/23203","targetHints":{"allow":["GET"]}}],"collection":[{"href":"https:\/\/pc.sc.gov.br\/index.php?rest_route=\/wp\/v2\/posts"}],"about":[{"href":"https:\/\/pc.sc.gov.br\/index.php?rest_route=\/wp\/v2\/types\/post"}],"author":[{"embeddable":true,"href":"https:\/\/pc.sc.gov.br\/index.php?rest_route=\/wp\/v2\/users\/5"}],"replies":[{"embeddable":true,"href":"https:\/\/pc.sc.gov.br\/index.php?rest_route=%2Fwp%2Fv2%2Fcomments&post=23203"}],"version-history":[{"count":4,"href":"https:\/\/pc.sc.gov.br\/index.php?rest_route=\/wp\/v2\/posts\/23203\/revisions"}],"predecessor-version":[{"id":23210,"href":"https:\/\/pc.sc.gov.br\/index.php?rest_route=\/wp\/v2\/posts\/23203\/revisions\/23210"}],"wp:featuredmedia":[{"embeddable":true,"href":"https:\/\/pc.sc.gov.br\/index.php?rest_route=\/wp\/v2\/media\/23205"}],"wp:attachment":[{"href":"https:\/\/pc.sc.gov.br\/index.php?rest_route=%2Fwp%2Fv2%2Fmedia&parent=23203"}],"wp:term":[{"taxonomy":"category","embeddable":true,"href":"https:\/\/pc.sc.gov.br\/index.php?rest_route=%2Fwp%2Fv2%2Fcategories&post=23203"},{"taxonomy":"post_tag","embeddable":true,"href":"https:\/\/pc.sc.gov.br\/index.php?rest_route=%2Fwp%2Fv2%2Ftags&post=23203"}],"curies":[{"name":"wp","href":"https:\/\/api.w.org\/{rel}","templated":true}]}}