{"id":23211,"date":"2024-09-06T12:41:36","date_gmt":"2024-09-06T15:41:36","guid":{"rendered":"https:\/\/pc.sc.gov.br\/?p=23211"},"modified":"2024-09-06T12:42:15","modified_gmt":"2024-09-06T15:42:15","slug":"policia-civil-prende-em-flagrante-suspeito-de-traficar-drogas-sinteticas-em-itajai-e-regiao","status":"publish","type":"post","link":"https:\/\/pc.sc.gov.br\/?p=23211","title":{"rendered":"Pol\u00edcia Civil prende em flagrante suspeito de traficar drogas sint\u00e9ticas em Itaja\u00ed e Regi\u00e3o"},"content":{"rendered":"\t\t<div data-elementor-type=\"wp-post\" data-elementor-id=\"23211\" class=\"elementor elementor-23211\" data-elementor-post-type=\"post\">\n\t\t\t\t\t\t<section class=\"elementor-section elementor-top-section elementor-element elementor-element-18252da elementor-section-boxed elementor-section-height-default elementor-section-height-default\" data-id=\"18252da\" data-element_type=\"section\">\n\t\t\t\t\t\t<div class=\"elementor-container elementor-column-gap-default\">\n\t\t\t\t\t<div class=\"elementor-column elementor-col-100 elementor-top-column elementor-element elementor-element-9cb51e8\" data-id=\"9cb51e8\" data-element_type=\"column\">\n\t\t\t<div class=\"elementor-widget-wrap elementor-element-populated\">\n\t\t\t\t\t\t<div class=\"elementor-element elementor-element-c5844d0 elementor-widget elementor-widget-heading\" data-id=\"c5844d0\" data-element_type=\"widget\" data-widget_type=\"heading.default\">\n\t\t\t\t<div class=\"elementor-widget-container\">\n\t\t\t\t\t<h2 class=\"elementor-heading-title elementor-size-default\">Pol\u00edcia Civil prende em flagrante suspeito de traficar drogas sint\u00e9ticas em Itaja\u00ed e Regi\u00e3o <\/h2>\t\t\t\t<\/div>\n\t\t\t\t<\/div>\n\t\t\t\t\t<\/div>\n\t\t<\/div>\n\t\t\t\t\t<\/div>\n\t\t<\/section>\n\t\t\t\t<section class=\"elementor-section elementor-top-section elementor-element elementor-element-1492f8b elementor-section-boxed elementor-section-height-default elementor-section-height-default\" data-id=\"1492f8b\" data-element_type=\"section\">\n\t\t\t\t\t\t<div class=\"elementor-container elementor-column-gap-default\">\n\t\t\t\t\t<div class=\"elementor-column elementor-col-100 elementor-top-column elementor-element elementor-element-56ed539\" data-id=\"56ed539\" data-element_type=\"column\">\n\t\t\t<div class=\"elementor-widget-wrap elementor-element-populated\">\n\t\t\t\t\t\t<div class=\"elementor-element elementor-element-caa28ed elementor-widget elementor-widget-image\" data-id=\"caa28ed\" data-element_type=\"widget\" data-widget_type=\"image.default\">\n\t\t\t\t<div class=\"elementor-widget-container\">\n\t\t\t\t\t\t\t\t\t\t\t\t\t\t\t<img fetchpriority=\"high\" decoding=\"async\" width=\"696\" height=\"928\" src=\"https:\/\/pc.sc.gov.br\/\/wp-content\/uploads\/2024\/09\/WhatsApp-Image-2024-09-05-at-20.02.29-768x1024.jpeg\" class=\"attachment-large size-large wp-image-23212\" alt=\"\" srcset=\"https:\/\/pc.sc.gov.br\/\/wp-content\/uploads\/2024\/09\/WhatsApp-Image-2024-09-05-at-20.02.29-768x1024.jpeg 768w, https:\/\/pc.sc.gov.br\/\/wp-content\/uploads\/2024\/09\/WhatsApp-Image-2024-09-05-at-20.02.29-225x300.jpeg 225w, https:\/\/pc.sc.gov.br\/\/wp-content\/uploads\/2024\/09\/WhatsApp-Image-2024-09-05-at-20.02.29-1152x1536.jpeg 1152w, https:\/\/pc.sc.gov.br\/\/wp-content\/uploads\/2024\/09\/WhatsApp-Image-2024-09-05-at-20.02.29-1536x2048.jpeg 1536w, https:\/\/pc.sc.gov.br\/\/wp-content\/uploads\/2024\/09\/WhatsApp-Image-2024-09-05-at-20.02.29-scaled.jpeg 1920w\" sizes=\"(max-width: 696px) 100vw, 696px\" \/>\t\t\t\t\t\t\t\t\t\t\t\t\t\t\t<\/div>\n\t\t\t\t<\/div>\n\t\t\t\t\t<\/div>\n\t\t<\/div>\n\t\t\t\t\t<\/div>\n\t\t<\/section>\n\t\t\t\t<section class=\"elementor-section elementor-top-section elementor-element elementor-element-5081ec1 elementor-section-boxed elementor-section-height-default elementor-section-height-default\" data-id=\"5081ec1\" data-element_type=\"section\">\n\t\t\t\t\t\t<div class=\"elementor-container elementor-column-gap-default\">\n\t\t\t\t\t<div class=\"elementor-column elementor-col-100 elementor-top-column elementor-element elementor-element-e123e09\" data-id=\"e123e09\" data-element_type=\"column\">\n\t\t\t<div class=\"elementor-widget-wrap elementor-element-populated\">\n\t\t\t\t\t\t<div class=\"elementor-element elementor-element-cf95a77 elementor-widget elementor-widget-text-editor\" data-id=\"cf95a77\" data-element_type=\"widget\" data-widget_type=\"text-editor.default\">\n\t\t\t\t<div class=\"elementor-widget-container\">\n\t\t\t\t\t\t\t\t\t<p>Na quinta-feira (05\/09), a Pol\u00edcia Civil de Santa Catarina, por meio da Delegacia de Combate \u00e0s Drogas do Departamento de Investiga\u00e7\u00f5es Criminais de Itaja\u00ed (DECOD\/DIC), deflagrou opera\u00e7\u00e3o policial para cumprimento de dois mandados de busca e apreens\u00e3o domiciliar. Trata-se de investiga\u00e7\u00e3o sobre comercializa\u00e7\u00e3o de drogas sint\u00e9ticas em Itaja\u00ed e regi\u00e3o.<\/p><p>Na primeira resid\u00eancia, no bairro Aririb\u00e1, em Balne\u00e1rio Cambori\u00fa\/SC, foram encontrados, na posse de um homem 228 comprimidos de ecstasy, oito pacotes com MDMA, balan\u00e7a de precis\u00e3o, al\u00e9m de embalagens para acondicionamento de drogas. O homem foi conduzido. Na segunda resid\u00eancia, no munic\u00edpio de Cambori\u00fa\/SC, nada de il\u00edcito foi encontrado.<\/p><p>O conduzido foi autuado em flagrante pelo crime de tr\u00e1fico de drogas e encaminhado ao Sistema Penitenci\u00e1rio, onde permanece \u00e0 disposi\u00e7\u00e3o da Justi\u00e7a.<\/p>\t\t\t\t\t\t\t\t<\/div>\n\t\t\t\t<\/div>\n\t\t\t\t\t<\/div>\n\t\t<\/div>\n\t\t\t\t\t<\/div>\n\t\t<\/section>\n\t\t\t\t<\/div>\n\t\t","protected":false},"excerpt":{"rendered":"<p>Pol\u00edcia Civil prende em flagrante suspeito de traficar drogas sint\u00e9ticas em Itaja\u00ed e Regi\u00e3o Na quinta-feira (05\/09), a Pol\u00edcia Civil de Santa Catarina, por meio da Delegacia de Combate \u00e0s Drogas do Departamento de Investiga\u00e7\u00f5es Criminais de Itaja\u00ed (DECOD\/DIC), deflagrou opera\u00e7\u00e3o policial para cumprimento de dois mandados de busca e apreens\u00e3o domiciliar. Trata-se de investiga\u00e7\u00e3o [&hellip;]<\/p>\n","protected":false},"author":5,"featured_media":23212,"comment_status":"closed","ping_status":"open","sticky":false,"template":"","format":"standard","meta":{"_monsterinsights_skip_tracking":false,"_monsterinsights_sitenote_active":false,"_monsterinsights_sitenote_note":"","_monsterinsights_sitenote_category":0,"footnotes":""},"categories":[1],"tags":[],"class_list":["post-23211","post","type-post","status-publish","format-standard","has-post-thumbnail","hentry","category-sem-categoria"],"_links":{"self":[{"href":"https:\/\/pc.sc.gov.br\/index.php?rest_route=\/wp\/v2\/posts\/23211","targetHints":{"allow":["GET"]}}],"collection":[{"href":"https:\/\/pc.sc.gov.br\/index.php?rest_route=\/wp\/v2\/posts"}],"about":[{"href":"https:\/\/pc.sc.gov.br\/index.php?rest_route=\/wp\/v2\/types\/post"}],"author":[{"embeddable":true,"href":"https:\/\/pc.sc.gov.br\/index.php?rest_route=\/wp\/v2\/users\/5"}],"replies":[{"embeddable":true,"href":"https:\/\/pc.sc.gov.br\/index.php?rest_route=%2Fwp%2Fv2%2Fcomments&post=23211"}],"version-history":[{"count":4,"href":"https:\/\/pc.sc.gov.br\/index.php?rest_route=\/wp\/v2\/posts\/23211\/revisions"}],"predecessor-version":[{"id":23216,"href":"https:\/\/pc.sc.gov.br\/index.php?rest_route=\/wp\/v2\/posts\/23211\/revisions\/23216"}],"wp:featuredmedia":[{"embeddable":true,"href":"https:\/\/pc.sc.gov.br\/index.php?rest_route=\/wp\/v2\/media\/23212"}],"wp:attachment":[{"href":"https:\/\/pc.sc.gov.br\/index.php?rest_route=%2Fwp%2Fv2%2Fmedia&parent=23211"}],"wp:term":[{"taxonomy":"category","embeddable":true,"href":"https:\/\/pc.sc.gov.br\/index.php?rest_route=%2Fwp%2Fv2%2Fcategories&post=23211"},{"taxonomy":"post_tag","embeddable":true,"href":"https:\/\/pc.sc.gov.br\/index.php?rest_route=%2Fwp%2Fv2%2Ftags&post=23211"}],"curies":[{"name":"wp","href":"https:\/\/api.w.org\/{rel}","templated":true}]}}