{"id":23222,"date":"2024-09-06T13:00:49","date_gmt":"2024-09-06T16:00:49","guid":{"rendered":"https:\/\/pc.sc.gov.br\/?p=23222"},"modified":"2024-09-06T13:12:53","modified_gmt":"2024-09-06T16:12:53","slug":"policia-civil-prende-em-flagrante-homem-por-feminicidio-em-palhoca","status":"publish","type":"post","link":"https:\/\/pc.sc.gov.br\/?p=23222","title":{"rendered":"Pol\u00edcia Civil prende em flagrante homem por tentativa de feminic\u00eddio em Palho\u00e7a"},"content":{"rendered":"\t\t<div data-elementor-type=\"wp-post\" data-elementor-id=\"23222\" class=\"elementor elementor-23222\" data-elementor-post-type=\"post\">\n\t\t\t\t\t\t<section class=\"elementor-section elementor-top-section elementor-element elementor-element-0c03869 elementor-section-boxed elementor-section-height-default elementor-section-height-default\" data-id=\"0c03869\" data-element_type=\"section\">\n\t\t\t\t\t\t<div class=\"elementor-container elementor-column-gap-default\">\n\t\t\t\t\t<div class=\"elementor-column elementor-col-100 elementor-top-column elementor-element elementor-element-921426d\" data-id=\"921426d\" data-element_type=\"column\">\n\t\t\t<div class=\"elementor-widget-wrap elementor-element-populated\">\n\t\t\t\t\t\t<div class=\"elementor-element elementor-element-6366de5 elementor-widget elementor-widget-heading\" data-id=\"6366de5\" data-element_type=\"widget\" data-widget_type=\"heading.default\">\n\t\t\t\t<div class=\"elementor-widget-container\">\n\t\t\t\t\t<h2 class=\"elementor-heading-title elementor-size-default\">Pol\u00edcia Civil prende em flagrante homem por tentativa de feminic\u00eddio em Palho\u00e7a <\/h2>\t\t\t\t<\/div>\n\t\t\t\t<\/div>\n\t\t\t\t\t<\/div>\n\t\t<\/div>\n\t\t\t\t\t<\/div>\n\t\t<\/section>\n\t\t\t\t<section class=\"elementor-section elementor-top-section elementor-element elementor-element-771db46 elementor-section-boxed elementor-section-height-default elementor-section-height-default\" data-id=\"771db46\" data-element_type=\"section\">\n\t\t\t\t\t\t<div class=\"elementor-container elementor-column-gap-default\">\n\t\t\t\t\t<div class=\"elementor-column elementor-col-100 elementor-top-column elementor-element elementor-element-f420eb4\" data-id=\"f420eb4\" data-element_type=\"column\">\n\t\t\t<div class=\"elementor-widget-wrap elementor-element-populated\">\n\t\t\t\t\t\t<div class=\"elementor-element elementor-element-d50cd0d elementor-widget elementor-widget-image\" data-id=\"d50cd0d\" data-element_type=\"widget\" data-widget_type=\"image.default\">\n\t\t\t\t<div class=\"elementor-widget-container\">\n\t\t\t\t\t\t\t\t\t\t\t\t\t\t\t<img fetchpriority=\"high\" decoding=\"async\" width=\"696\" height=\"522\" src=\"https:\/\/pc.sc.gov.br\/\/wp-content\/uploads\/2024\/07\/PCSC-PADRAO-1.jpg\" class=\"attachment-large size-large wp-image-22161\" alt=\"\" srcset=\"https:\/\/pc.sc.gov.br\/\/wp-content\/uploads\/2024\/07\/PCSC-PADRAO-1.jpg 768w, https:\/\/pc.sc.gov.br\/\/wp-content\/uploads\/2024\/07\/PCSC-PADRAO-1-300x225.jpg 300w\" sizes=\"(max-width: 696px) 100vw, 696px\" \/>\t\t\t\t\t\t\t\t\t\t\t\t\t\t\t<\/div>\n\t\t\t\t<\/div>\n\t\t\t\t\t<\/div>\n\t\t<\/div>\n\t\t\t\t\t<\/div>\n\t\t<\/section>\n\t\t\t\t<section class=\"elementor-section elementor-top-section elementor-element elementor-element-2623a94 elementor-section-boxed elementor-section-height-default elementor-section-height-default\" data-id=\"2623a94\" data-element_type=\"section\">\n\t\t\t\t\t\t<div class=\"elementor-container elementor-column-gap-default\">\n\t\t\t\t\t<div class=\"elementor-column elementor-col-100 elementor-top-column elementor-element elementor-element-69e8678\" data-id=\"69e8678\" data-element_type=\"column\">\n\t\t\t<div class=\"elementor-widget-wrap elementor-element-populated\">\n\t\t\t\t\t\t<div class=\"elementor-element elementor-element-75a5d10 elementor-widget elementor-widget-text-editor\" data-id=\"75a5d10\" data-element_type=\"widget\" data-widget_type=\"text-editor.default\">\n\t\t\t\t<div class=\"elementor-widget-container\">\n\t\t\t\t\t\t\t\t\t<p>Na quinta-feira (05\/09), a Pol\u00edcia Civil de Santa Catarina, por meio da Central de Plant\u00e3o Policial, prendeu em flagrante um homem por tentativa de feminic\u00eddio. O crime foi cometido com o uso de arma branca e a mulher foi golpeada por diversas vezes. A v\u00edtima est\u00e1 hospitalizada e o estado \u00e9 grave. A per\u00edcia foi realizada pela Pol\u00edcia Cient\u00edfica.<\/p>\n<p>O procedimento lavrado foi imediatamente submetido \u00e0 aprecia\u00e7\u00e3o do Poder Judici\u00e1rio e do Minist\u00e9rio P\u00fablico. O homem segue preso e \u00e0 disposi\u00e7\u00e3o da Justi\u00e7a. A Delegacia de Prote\u00e7\u00e3o \u00e0 Crian\u00e7a, ao Adolescente, \u00e0 Mulher e ao Idoso de Palho\u00e7a est\u00e1 \u00e0 disposi\u00e7\u00e3o para realizar as dilig\u00eancias necess\u00e1rias para o total esclarecimento do crime.<\/p>\t\t\t\t\t\t\t\t<\/div>\n\t\t\t\t<\/div>\n\t\t\t\t\t<\/div>\n\t\t<\/div>\n\t\t\t\t\t<\/div>\n\t\t<\/section>\n\t\t\t\t<\/div>\n\t\t","protected":false},"excerpt":{"rendered":"<p>Pol\u00edcia Civil prende em flagrante homem por tentativa de feminic\u00eddio em Palho\u00e7a Na quinta-feira (05\/09), a Pol\u00edcia Civil de Santa Catarina, por meio da Central de Plant\u00e3o Policial, prendeu em flagrante um homem por tentativa de feminic\u00eddio. O crime foi cometido com o uso de arma branca e a mulher foi golpeada por diversas vezes. [&hellip;]<\/p>\n","protected":false},"author":5,"featured_media":15332,"comment_status":"closed","ping_status":"open","sticky":false,"template":"","format":"standard","meta":{"_monsterinsights_skip_tracking":false,"_monsterinsights_sitenote_active":false,"_monsterinsights_sitenote_note":"","_monsterinsights_sitenote_category":0,"footnotes":""},"categories":[1],"tags":[],"class_list":["post-23222","post","type-post","status-publish","format-standard","has-post-thumbnail","hentry","category-sem-categoria"],"_links":{"self":[{"href":"https:\/\/pc.sc.gov.br\/index.php?rest_route=\/wp\/v2\/posts\/23222","targetHints":{"allow":["GET"]}}],"collection":[{"href":"https:\/\/pc.sc.gov.br\/index.php?rest_route=\/wp\/v2\/posts"}],"about":[{"href":"https:\/\/pc.sc.gov.br\/index.php?rest_route=\/wp\/v2\/types\/post"}],"author":[{"embeddable":true,"href":"https:\/\/pc.sc.gov.br\/index.php?rest_route=\/wp\/v2\/users\/5"}],"replies":[{"embeddable":true,"href":"https:\/\/pc.sc.gov.br\/index.php?rest_route=%2Fwp%2Fv2%2Fcomments&post=23222"}],"version-history":[{"count":8,"href":"https:\/\/pc.sc.gov.br\/index.php?rest_route=\/wp\/v2\/posts\/23222\/revisions"}],"predecessor-version":[{"id":23230,"href":"https:\/\/pc.sc.gov.br\/index.php?rest_route=\/wp\/v2\/posts\/23222\/revisions\/23230"}],"wp:featuredmedia":[{"embeddable":true,"href":"https:\/\/pc.sc.gov.br\/index.php?rest_route=\/wp\/v2\/media\/15332"}],"wp:attachment":[{"href":"https:\/\/pc.sc.gov.br\/index.php?rest_route=%2Fwp%2Fv2%2Fmedia&parent=23222"}],"wp:term":[{"taxonomy":"category","embeddable":true,"href":"https:\/\/pc.sc.gov.br\/index.php?rest_route=%2Fwp%2Fv2%2Fcategories&post=23222"},{"taxonomy":"post_tag","embeddable":true,"href":"https:\/\/pc.sc.gov.br\/index.php?rest_route=%2Fwp%2Fv2%2Ftags&post=23222"}],"curies":[{"name":"wp","href":"https:\/\/api.w.org\/{rel}","templated":true}]}}