{"id":23231,"date":"2024-09-06T13:21:27","date_gmt":"2024-09-06T16:21:27","guid":{"rendered":"https:\/\/pc.sc.gov.br\/?p=23231"},"modified":"2024-09-06T16:49:34","modified_gmt":"2024-09-06T19:49:34","slug":"policia-civil-deflagra-operacao-contra-o-trafico-de-drogas-e-prende-um-homem-em-palhoca","status":"publish","type":"post","link":"https:\/\/pc.sc.gov.br\/?p=23231","title":{"rendered":"Pol\u00edcia Civil deflagra opera\u00e7\u00e3o contra o tr\u00e1fico de drogas e prende um homem em Palho\u00e7a"},"content":{"rendered":"\t\t<div data-elementor-type=\"wp-post\" data-elementor-id=\"23231\" class=\"elementor elementor-23231\" data-elementor-post-type=\"post\">\n\t\t\t\t\t\t<section class=\"elementor-section elementor-top-section elementor-element elementor-element-c19cc5a elementor-section-boxed elementor-section-height-default elementor-section-height-default\" data-id=\"c19cc5a\" data-element_type=\"section\">\n\t\t\t\t\t\t<div class=\"elementor-container elementor-column-gap-default\">\n\t\t\t\t\t<div class=\"elementor-column elementor-col-100 elementor-top-column elementor-element elementor-element-9035fee\" data-id=\"9035fee\" data-element_type=\"column\">\n\t\t\t<div class=\"elementor-widget-wrap elementor-element-populated\">\n\t\t\t\t\t\t<div class=\"elementor-element elementor-element-a3f1373 elementor-widget elementor-widget-heading\" data-id=\"a3f1373\" data-element_type=\"widget\" data-widget_type=\"heading.default\">\n\t\t\t\t<div class=\"elementor-widget-container\">\n\t\t\t\t\t<h2 class=\"elementor-heading-title elementor-size-default\">Pol\u00edcia Civil deflagra opera\u00e7\u00e3o contra o tr\u00e1fico de drogas e prende um homem em Palho\u00e7a<\/h2>\t\t\t\t<\/div>\n\t\t\t\t<\/div>\n\t\t\t\t\t<\/div>\n\t\t<\/div>\n\t\t\t\t\t<\/div>\n\t\t<\/section>\n\t\t\t\t<section class=\"elementor-section elementor-top-section elementor-element elementor-element-77670fc elementor-section-boxed elementor-section-height-default elementor-section-height-default\" data-id=\"77670fc\" data-element_type=\"section\">\n\t\t\t\t\t\t<div class=\"elementor-container elementor-column-gap-default\">\n\t\t\t\t\t<div class=\"elementor-column elementor-col-100 elementor-top-column elementor-element elementor-element-0ff1ea9\" data-id=\"0ff1ea9\" data-element_type=\"column\">\n\t\t\t<div class=\"elementor-widget-wrap elementor-element-populated\">\n\t\t\t\t\t\t<div class=\"elementor-element elementor-element-9bf6f84 elementor-widget elementor-widget-image\" data-id=\"9bf6f84\" data-element_type=\"widget\" data-widget_type=\"image.default\">\n\t\t\t\t<div class=\"elementor-widget-container\">\n\t\t\t\t\t\t\t\t\t\t\t\t\t\t\t<img fetchpriority=\"high\" decoding=\"async\" width=\"696\" height=\"392\" src=\"https:\/\/pc.sc.gov.br\/\/wp-content\/uploads\/2024\/09\/WhatsApp-Image-2024-09-06-at-12.10.11-1024x576.jpeg\" class=\"attachment-large size-large wp-image-23233\" alt=\"\" srcset=\"https:\/\/pc.sc.gov.br\/\/wp-content\/uploads\/2024\/09\/WhatsApp-Image-2024-09-06-at-12.10.11-1024x576.jpeg 1024w, https:\/\/pc.sc.gov.br\/\/wp-content\/uploads\/2024\/09\/WhatsApp-Image-2024-09-06-at-12.10.11-300x169.jpeg 300w, https:\/\/pc.sc.gov.br\/\/wp-content\/uploads\/2024\/09\/WhatsApp-Image-2024-09-06-at-12.10.11-768x432.jpeg 768w, https:\/\/pc.sc.gov.br\/\/wp-content\/uploads\/2024\/09\/WhatsApp-Image-2024-09-06-at-12.10.11-1536x864.jpeg 1536w, https:\/\/pc.sc.gov.br\/\/wp-content\/uploads\/2024\/09\/WhatsApp-Image-2024-09-06-at-12.10.11.jpeg 1600w\" sizes=\"(max-width: 696px) 100vw, 696px\" \/>\t\t\t\t\t\t\t\t\t\t\t\t\t\t\t<\/div>\n\t\t\t\t<\/div>\n\t\t\t\t\t<\/div>\n\t\t<\/div>\n\t\t\t\t\t<\/div>\n\t\t<\/section>\n\t\t\t\t<section class=\"elementor-section elementor-top-section elementor-element elementor-element-da4eb31 elementor-section-boxed elementor-section-height-default elementor-section-height-default\" data-id=\"da4eb31\" data-element_type=\"section\">\n\t\t\t\t\t\t<div class=\"elementor-container elementor-column-gap-default\">\n\t\t\t\t\t<div class=\"elementor-column elementor-col-100 elementor-top-column elementor-element elementor-element-fabb4ee\" data-id=\"fabb4ee\" data-element_type=\"column\">\n\t\t\t<div class=\"elementor-widget-wrap elementor-element-populated\">\n\t\t\t\t\t\t<div class=\"elementor-element elementor-element-e4231aa elementor-widget elementor-widget-text-editor\" data-id=\"e4231aa\" data-element_type=\"widget\" data-widget_type=\"text-editor.default\">\n\t\t\t\t<div class=\"elementor-widget-container\">\n\t\t\t\t\t\t\t\t\t<p>Nesta sexta-feira (06\/09), a Pol\u00edcia Civil de Santa Catarina, por meio da Delegacia de Combate \u00e0s Drogas do Departamento de Investiga\u00e7\u00e3o Criminal de Florian\u00f3polis (DECOD\/DIC), realiza opera\u00e7\u00e3o contra tr\u00e1fico de drogas em Florian\u00f3polis e Palho\u00e7a. Foram cumpridos tr\u00eas mandados de busca e apreens\u00e3o. A opera\u00e7\u00e3o visa desmantelar uma rede de tr\u00e1fico de drogas que opera no Morro do Hor\u00e1cio, na Capital, com extens\u00e3o de atividades para a cidade de Palho\u00e7a. A a\u00e7\u00e3o contou com o apoio da DECRIM, da Coordenadoria de Opera\u00e7\u00f5es com C\u00e3es (COPC) e da Coordenadoria de Recursos Especiais (CORE).<\/p>\n<p>Durante a a\u00e7\u00e3o, foi preso um homem suspeito por gerenciar a distribui\u00e7\u00e3o de entorpecentes na regi\u00e3o. O suspeito foi capturado no bairro Passa Vinte, em Palho\u00e7a, onde mantinha quantidades de drogas em seu ponto de parada. A investiga\u00e7\u00e3o j\u00e1 vinha mapeando suas atividades ilegais, que inclu\u00edam a distribui\u00e7\u00e3o de drogas e associa\u00e7\u00e3o criminosa para o tr\u00e1fico.<\/p>\n<p>As dilig\u00eancias no Morro do Hor\u00e1cio focaram na ger\u00eancia do tr\u00e1fico local, com a continuidade da investiga\u00e7\u00e3o para identificar e prender outros membros da organiza\u00e7\u00e3o. A opera\u00e7\u00e3o reflete os esfor\u00e7os cont\u00ednuos da DECOD no combate ao tr\u00e1fico de drogas na regi\u00e3o da Grande Florian\u00f3polis.<\/p>\n<p>A DECOD reitera o convite \u00e0 popula\u00e7\u00e3o para que participe. As informa\u00e7\u00f5es podem ser enviadas anonimamente por meio do n\u00famero 181, pelo WhatsApp da Pol\u00edcia Civil de Santa Catarina (48 98844-0011), ou diretamente \u00e0 DECOD.<\/p>\t\t\t\t\t\t\t\t<\/div>\n\t\t\t\t<\/div>\n\t\t\t\t\t<\/div>\n\t\t<\/div>\n\t\t\t\t\t<\/div>\n\t\t<\/section>\n\t\t\t\t<section class=\"elementor-section elementor-top-section elementor-element elementor-element-6ac186e elementor-section-boxed elementor-section-height-default elementor-section-height-default\" data-id=\"6ac186e\" data-element_type=\"section\">\n\t\t\t\t\t\t<div class=\"elementor-container elementor-column-gap-default\">\n\t\t\t\t\t<div class=\"elementor-column elementor-col-100 elementor-top-column elementor-element elementor-element-5882639\" data-id=\"5882639\" data-element_type=\"column\">\n\t\t\t<div class=\"elementor-widget-wrap elementor-element-populated\">\n\t\t\t\t\t\t<div class=\"elementor-element elementor-element-c5e47aa elementor-widget elementor-widget-image\" data-id=\"c5e47aa\" data-element_type=\"widget\" data-widget_type=\"image.default\">\n\t\t\t\t<div class=\"elementor-widget-container\">\n\t\t\t\t\t\t\t\t\t\t\t\t\t\t\t<img decoding=\"async\" width=\"633\" height=\"1024\" src=\"https:\/\/pc.sc.gov.br\/\/wp-content\/uploads\/2024\/09\/WhatsApp-Image-2024-09-06-at-12.10.12-633x1024.jpeg\" class=\"attachment-large size-large wp-image-23232\" alt=\"\" srcset=\"https:\/\/pc.sc.gov.br\/\/wp-content\/uploads\/2024\/09\/WhatsApp-Image-2024-09-06-at-12.10.12-633x1024.jpeg 633w, https:\/\/pc.sc.gov.br\/\/wp-content\/uploads\/2024\/09\/WhatsApp-Image-2024-09-06-at-12.10.12-185x300.jpeg 185w, https:\/\/pc.sc.gov.br\/\/wp-content\/uploads\/2024\/09\/WhatsApp-Image-2024-09-06-at-12.10.12-768x1242.jpeg 768w, https:\/\/pc.sc.gov.br\/\/wp-content\/uploads\/2024\/09\/WhatsApp-Image-2024-09-06-at-12.10.12-949x1536.jpeg 949w, https:\/\/pc.sc.gov.br\/\/wp-content\/uploads\/2024\/09\/WhatsApp-Image-2024-09-06-at-12.10.12.jpeg 989w\" sizes=\"(max-width: 633px) 100vw, 633px\" \/>\t\t\t\t\t\t\t\t\t\t\t\t\t\t\t<\/div>\n\t\t\t\t<\/div>\n\t\t\t\t\t<\/div>\n\t\t<\/div>\n\t\t\t\t\t<\/div>\n\t\t<\/section>\n\t\t\t\t<\/div>\n\t\t","protected":false},"excerpt":{"rendered":"<p>Pol\u00edcia Civil deflagra opera\u00e7\u00e3o contra o tr\u00e1fico de drogas e prende um homem em Palho\u00e7a Nesta sexta-feira (06\/09), a Pol\u00edcia Civil de Santa Catarina, por meio da Delegacia de Combate \u00e0s Drogas do Departamento de Investiga\u00e7\u00e3o Criminal de Florian\u00f3polis (DECOD\/DIC), realiza opera\u00e7\u00e3o contra tr\u00e1fico de drogas em Florian\u00f3polis e Palho\u00e7a. Foram cumpridos tr\u00eas mandados de [&hellip;]<\/p>\n","protected":false},"author":5,"featured_media":23233,"comment_status":"closed","ping_status":"open","sticky":false,"template":"","format":"standard","meta":{"_monsterinsights_skip_tracking":false,"_monsterinsights_sitenote_active":false,"_monsterinsights_sitenote_note":"","_monsterinsights_sitenote_category":0,"footnotes":""},"categories":[1],"tags":[],"class_list":["post-23231","post","type-post","status-publish","format-standard","has-post-thumbnail","hentry","category-sem-categoria"],"_links":{"self":[{"href":"https:\/\/pc.sc.gov.br\/index.php?rest_route=\/wp\/v2\/posts\/23231","targetHints":{"allow":["GET"]}}],"collection":[{"href":"https:\/\/pc.sc.gov.br\/index.php?rest_route=\/wp\/v2\/posts"}],"about":[{"href":"https:\/\/pc.sc.gov.br\/index.php?rest_route=\/wp\/v2\/types\/post"}],"author":[{"embeddable":true,"href":"https:\/\/pc.sc.gov.br\/index.php?rest_route=\/wp\/v2\/users\/5"}],"replies":[{"embeddable":true,"href":"https:\/\/pc.sc.gov.br\/index.php?rest_route=%2Fwp%2Fv2%2Fcomments&post=23231"}],"version-history":[{"count":7,"href":"https:\/\/pc.sc.gov.br\/index.php?rest_route=\/wp\/v2\/posts\/23231\/revisions"}],"predecessor-version":[{"id":23261,"href":"https:\/\/pc.sc.gov.br\/index.php?rest_route=\/wp\/v2\/posts\/23231\/revisions\/23261"}],"wp:featuredmedia":[{"embeddable":true,"href":"https:\/\/pc.sc.gov.br\/index.php?rest_route=\/wp\/v2\/media\/23233"}],"wp:attachment":[{"href":"https:\/\/pc.sc.gov.br\/index.php?rest_route=%2Fwp%2Fv2%2Fmedia&parent=23231"}],"wp:term":[{"taxonomy":"category","embeddable":true,"href":"https:\/\/pc.sc.gov.br\/index.php?rest_route=%2Fwp%2Fv2%2Fcategories&post=23231"},{"taxonomy":"post_tag","embeddable":true,"href":"https:\/\/pc.sc.gov.br\/index.php?rest_route=%2Fwp%2Fv2%2Ftags&post=23231"}],"curies":[{"name":"wp","href":"https:\/\/api.w.org\/{rel}","templated":true}]}}