{"id":23239,"date":"2024-09-06T13:36:20","date_gmt":"2024-09-06T16:36:20","guid":{"rendered":"https:\/\/pc.sc.gov.br\/?p=23239"},"modified":"2024-09-06T13:37:44","modified_gmt":"2024-09-06T16:37:44","slug":"policia-civil-deflagra-2a-fase-de-operacao-que-visa-elucidar-homicidio-em-palhoca","status":"publish","type":"post","link":"https:\/\/pc.sc.gov.br\/?p=23239","title":{"rendered":"Pol\u00edcia Civil deflagra 2\u00aa fase de opera\u00e7\u00e3o que visa elucidar homic\u00eddio em Palho\u00e7a"},"content":{"rendered":"\t\t<div data-elementor-type=\"wp-post\" data-elementor-id=\"23239\" class=\"elementor elementor-23239\" data-elementor-post-type=\"post\">\n\t\t\t\t\t\t<section class=\"elementor-section elementor-top-section elementor-element elementor-element-04aea4a elementor-section-boxed elementor-section-height-default elementor-section-height-default\" data-id=\"04aea4a\" data-element_type=\"section\">\n\t\t\t\t\t\t<div class=\"elementor-container elementor-column-gap-default\">\n\t\t\t\t\t<div class=\"elementor-column elementor-col-100 elementor-top-column elementor-element elementor-element-ad0486b\" data-id=\"ad0486b\" data-element_type=\"column\">\n\t\t\t<div class=\"elementor-widget-wrap elementor-element-populated\">\n\t\t\t\t\t\t<div class=\"elementor-element elementor-element-bb935a7 elementor-widget elementor-widget-heading\" data-id=\"bb935a7\" data-element_type=\"widget\" data-widget_type=\"heading.default\">\n\t\t\t\t<div class=\"elementor-widget-container\">\n\t\t\t\t\t<h2 class=\"elementor-heading-title elementor-size-default\">Pol\u00edcia Civil deflagra 2\u00aa fase de opera\u00e7\u00e3o que visa elucidar homic\u00eddio em Palho\u00e7a<\/h2>\t\t\t\t<\/div>\n\t\t\t\t<\/div>\n\t\t\t\t\t<\/div>\n\t\t<\/div>\n\t\t\t\t\t<\/div>\n\t\t<\/section>\n\t\t\t\t<section class=\"elementor-section elementor-top-section elementor-element elementor-element-1a6a293 elementor-section-boxed elementor-section-height-default elementor-section-height-default\" data-id=\"1a6a293\" data-element_type=\"section\">\n\t\t\t\t\t\t<div class=\"elementor-container elementor-column-gap-default\">\n\t\t\t\t\t<div class=\"elementor-column elementor-col-100 elementor-top-column elementor-element elementor-element-7615bca\" data-id=\"7615bca\" data-element_type=\"column\">\n\t\t\t<div class=\"elementor-widget-wrap elementor-element-populated\">\n\t\t\t\t\t\t<div class=\"elementor-element elementor-element-7eb50a9 elementor-widget elementor-widget-image\" data-id=\"7eb50a9\" data-element_type=\"widget\" data-widget_type=\"image.default\">\n\t\t\t\t<div class=\"elementor-widget-container\">\n\t\t\t\t\t\t\t\t\t\t\t\t\t\t\t<img fetchpriority=\"high\" decoding=\"async\" width=\"696\" height=\"561\" src=\"https:\/\/pc.sc.gov.br\/\/wp-content\/uploads\/2024\/08\/WhatsApp-Image-2024-08-08-at-16.56.13-fotor-20240823135843-1024x826.jpg\" class=\"attachment-large size-large wp-image-22823\" alt=\"\" srcset=\"https:\/\/pc.sc.gov.br\/\/wp-content\/uploads\/2024\/08\/WhatsApp-Image-2024-08-08-at-16.56.13-fotor-20240823135843-1024x826.jpg 1024w, https:\/\/pc.sc.gov.br\/\/wp-content\/uploads\/2024\/08\/WhatsApp-Image-2024-08-08-at-16.56.13-fotor-20240823135843-300x242.jpg 300w, https:\/\/pc.sc.gov.br\/\/wp-content\/uploads\/2024\/08\/WhatsApp-Image-2024-08-08-at-16.56.13-fotor-20240823135843-768x619.jpg 768w, https:\/\/pc.sc.gov.br\/\/wp-content\/uploads\/2024\/08\/WhatsApp-Image-2024-08-08-at-16.56.13-fotor-20240823135843.jpg 1182w\" sizes=\"(max-width: 696px) 100vw, 696px\" \/>\t\t\t\t\t\t\t\t\t\t\t\t\t\t\t<\/div>\n\t\t\t\t<\/div>\n\t\t\t\t\t<\/div>\n\t\t<\/div>\n\t\t\t\t\t<\/div>\n\t\t<\/section>\n\t\t\t\t<section class=\"elementor-section elementor-top-section elementor-element elementor-element-389e71f elementor-section-boxed elementor-section-height-default elementor-section-height-default\" data-id=\"389e71f\" data-element_type=\"section\">\n\t\t\t\t\t\t<div class=\"elementor-container elementor-column-gap-default\">\n\t\t\t\t\t<div class=\"elementor-column elementor-col-100 elementor-top-column elementor-element elementor-element-534acb6\" data-id=\"534acb6\" data-element_type=\"column\">\n\t\t\t<div class=\"elementor-widget-wrap elementor-element-populated\">\n\t\t\t\t\t\t<div class=\"elementor-element elementor-element-e14b2bf elementor-widget elementor-widget-text-editor\" data-id=\"e14b2bf\" data-element_type=\"widget\" data-widget_type=\"text-editor.default\">\n\t\t\t\t<div class=\"elementor-widget-container\">\n\t\t\t\t\t\t\t\t\t<p>A Pol\u00edcia Civil de Santa Catarina, por meio da Divis\u00e3o de Investiga\u00e7\u00e3o Criminal de Palho\u00e7a, em trabalho conjunto com a Delegacia de Prote\u00e7\u00e3o \u00e0 Crian\u00e7a, ao Adolescente, \u00e0 Mulher e ao Idoso de Palho\u00e7a, deu cumprimento a mandados de busca e apreens\u00e3o e pris\u00f5es em desfavor de investigados por um homic\u00eddio ocorrido em 20\/11\/2023, na Servid\u00e3o das Crian\u00e7as, Ponte do Imaruim.<\/p>\n<p>Na primeira fase da opera\u00e7\u00e3o, foi dado cumprimento aos mandados de buscas e pris\u00f5es de alguns dos envolvidos, sendo arrecadados aparelhos celulares. Na oportunidade, um deles foi preso em flagrante pelo crime de tr\u00e1fico de drogas.<\/p>\n<p>Na data de ontem (05\/09), foi apreendido um dos adolescentes em posse de entorpecentes e realizadas buscas nas resid\u00eancias, sendo dada continuidade ao cumprimento dos outros mandados.&nbsp; Um dos investigados foi preso em flagrante pela pr\u00e1tica do crime de tr\u00e1fico de drogas, restando apreendido drogas, dinheiro, balan\u00e7a de precis\u00e3o e outros objetos de interesse para investiga\u00e7\u00e3o.<\/p>\n<p>Ressalta-se que o presente inqu\u00e9rito policial foi relatado, encaminhando ao F\u00f3rum, sendo decretada a pris\u00e3o preventiva de todos os envolvidos identificados.<br><br>Prestaram apoio \u00e0 opera\u00e7\u00e3o policiais da Delegacia de Homic\u00eddio de Florian\u00f3polis.<\/p>\t\t\t\t\t\t\t\t<\/div>\n\t\t\t\t<\/div>\n\t\t\t\t\t<\/div>\n\t\t<\/div>\n\t\t\t\t\t<\/div>\n\t\t<\/section>\n\t\t\t\t<\/div>\n\t\t","protected":false},"excerpt":{"rendered":"<p>Pol\u00edcia Civil deflagra 2\u00aa fase de opera\u00e7\u00e3o que visa elucidar homic\u00eddio em Palho\u00e7a A Pol\u00edcia Civil de Santa Catarina, por meio da Divis\u00e3o de Investiga\u00e7\u00e3o Criminal de Palho\u00e7a, em trabalho conjunto com a Delegacia de Prote\u00e7\u00e3o \u00e0 Crian\u00e7a, ao Adolescente, \u00e0 Mulher e ao Idoso de Palho\u00e7a, deu cumprimento a mandados de busca e apreens\u00e3o [&hellip;]<\/p>\n","protected":false},"author":5,"featured_media":22823,"comment_status":"closed","ping_status":"open","sticky":false,"template":"","format":"standard","meta":{"_monsterinsights_skip_tracking":false,"_monsterinsights_sitenote_active":false,"_monsterinsights_sitenote_note":"","_monsterinsights_sitenote_category":0,"footnotes":""},"categories":[1],"tags":[],"class_list":["post-23239","post","type-post","status-publish","format-standard","has-post-thumbnail","hentry","category-sem-categoria"],"_links":{"self":[{"href":"https:\/\/pc.sc.gov.br\/index.php?rest_route=\/wp\/v2\/posts\/23239","targetHints":{"allow":["GET"]}}],"collection":[{"href":"https:\/\/pc.sc.gov.br\/index.php?rest_route=\/wp\/v2\/posts"}],"about":[{"href":"https:\/\/pc.sc.gov.br\/index.php?rest_route=\/wp\/v2\/types\/post"}],"author":[{"embeddable":true,"href":"https:\/\/pc.sc.gov.br\/index.php?rest_route=\/wp\/v2\/users\/5"}],"replies":[{"embeddable":true,"href":"https:\/\/pc.sc.gov.br\/index.php?rest_route=%2Fwp%2Fv2%2Fcomments&post=23239"}],"version-history":[{"count":7,"href":"https:\/\/pc.sc.gov.br\/index.php?rest_route=\/wp\/v2\/posts\/23239\/revisions"}],"predecessor-version":[{"id":23246,"href":"https:\/\/pc.sc.gov.br\/index.php?rest_route=\/wp\/v2\/posts\/23239\/revisions\/23246"}],"wp:featuredmedia":[{"embeddable":true,"href":"https:\/\/pc.sc.gov.br\/index.php?rest_route=\/wp\/v2\/media\/22823"}],"wp:attachment":[{"href":"https:\/\/pc.sc.gov.br\/index.php?rest_route=%2Fwp%2Fv2%2Fmedia&parent=23239"}],"wp:term":[{"taxonomy":"category","embeddable":true,"href":"https:\/\/pc.sc.gov.br\/index.php?rest_route=%2Fwp%2Fv2%2Fcategories&post=23239"},{"taxonomy":"post_tag","embeddable":true,"href":"https:\/\/pc.sc.gov.br\/index.php?rest_route=%2Fwp%2Fv2%2Ftags&post=23239"}],"curies":[{"name":"wp","href":"https:\/\/api.w.org\/{rel}","templated":true}]}}