{"id":23247,"date":"2024-09-06T13:48:39","date_gmt":"2024-09-06T16:48:39","guid":{"rendered":"https:\/\/pc.sc.gov.br\/?p=23247"},"modified":"2024-09-06T13:49:23","modified_gmt":"2024-09-06T16:49:23","slug":"policia-civil-e-nis-tjsc-deflagram-operacao-fraude-laboral-e-cumprem-mandados-no-parana","status":"publish","type":"post","link":"https:\/\/pc.sc.gov.br\/?p=23247","title":{"rendered":"Pol\u00edcia Civil e NIS\/TJSC deflagram opera\u00e7\u00e3o \u201cFraude Laboral\u201d e cumprem mandados no Paran\u00e1"},"content":{"rendered":"\t\t<div data-elementor-type=\"wp-post\" data-elementor-id=\"23247\" class=\"elementor elementor-23247\" data-elementor-post-type=\"post\">\n\t\t\t\t\t\t<section class=\"elementor-section elementor-top-section elementor-element elementor-element-d09a2dc elementor-section-boxed elementor-section-height-default elementor-section-height-default\" data-id=\"d09a2dc\" data-element_type=\"section\">\n\t\t\t\t\t\t<div class=\"elementor-container elementor-column-gap-default\">\n\t\t\t\t\t<div class=\"elementor-column elementor-col-100 elementor-top-column elementor-element elementor-element-8221693\" data-id=\"8221693\" data-element_type=\"column\">\n\t\t\t<div class=\"elementor-widget-wrap elementor-element-populated\">\n\t\t\t\t\t\t<div class=\"elementor-element elementor-element-ecb91a2 elementor-widget elementor-widget-heading\" data-id=\"ecb91a2\" data-element_type=\"widget\" data-widget_type=\"heading.default\">\n\t\t\t\t<div class=\"elementor-widget-container\">\n\t\t\t\t\t<h2 class=\"elementor-heading-title elementor-size-default\">Pol\u00edcia Civil e NIS\/TJSC deflagram opera\u00e7\u00e3o \u201cFraude Laboral\u201d e cumprem mandados no Paran\u00e1<\/h2>\t\t\t\t<\/div>\n\t\t\t\t<\/div>\n\t\t\t\t\t<\/div>\n\t\t<\/div>\n\t\t\t\t\t<\/div>\n\t\t<\/section>\n\t\t\t\t<section class=\"elementor-section elementor-top-section elementor-element elementor-element-f2ba4c4 elementor-section-boxed elementor-section-height-default elementor-section-height-default\" data-id=\"f2ba4c4\" data-element_type=\"section\">\n\t\t\t\t\t\t<div class=\"elementor-container elementor-column-gap-default\">\n\t\t\t\t\t<div class=\"elementor-column elementor-col-100 elementor-top-column elementor-element elementor-element-e551ce5\" data-id=\"e551ce5\" data-element_type=\"column\">\n\t\t\t<div class=\"elementor-widget-wrap elementor-element-populated\">\n\t\t\t\t\t\t<div class=\"elementor-element elementor-element-3254070 elementor-widget elementor-widget-image\" data-id=\"3254070\" data-element_type=\"widget\" data-widget_type=\"image.default\">\n\t\t\t\t<div class=\"elementor-widget-container\">\n\t\t\t\t\t\t\t\t\t\t\t\t\t\t\t<img fetchpriority=\"high\" decoding=\"async\" width=\"696\" height=\"392\" src=\"https:\/\/pc.sc.gov.br\/\/wp-content\/uploads\/2024\/09\/WhatsApp-Image-2024-09-06-at-08.41.31-1024x576.jpeg\" class=\"attachment-large size-large wp-image-23248\" alt=\"\" srcset=\"https:\/\/pc.sc.gov.br\/\/wp-content\/uploads\/2024\/09\/WhatsApp-Image-2024-09-06-at-08.41.31-1024x576.jpeg 1024w, https:\/\/pc.sc.gov.br\/\/wp-content\/uploads\/2024\/09\/WhatsApp-Image-2024-09-06-at-08.41.31-300x169.jpeg 300w, https:\/\/pc.sc.gov.br\/\/wp-content\/uploads\/2024\/09\/WhatsApp-Image-2024-09-06-at-08.41.31-768x432.jpeg 768w, https:\/\/pc.sc.gov.br\/\/wp-content\/uploads\/2024\/09\/WhatsApp-Image-2024-09-06-at-08.41.31-1536x864.jpeg 1536w, https:\/\/pc.sc.gov.br\/\/wp-content\/uploads\/2024\/09\/WhatsApp-Image-2024-09-06-at-08.41.31.jpeg 1600w\" sizes=\"(max-width: 696px) 100vw, 696px\" \/>\t\t\t\t\t\t\t\t\t\t\t\t\t\t\t<\/div>\n\t\t\t\t<\/div>\n\t\t\t\t\t<\/div>\n\t\t<\/div>\n\t\t\t\t\t<\/div>\n\t\t<\/section>\n\t\t\t\t<section class=\"elementor-section elementor-top-section elementor-element elementor-element-f915b7e elementor-section-boxed elementor-section-height-default elementor-section-height-default\" data-id=\"f915b7e\" data-element_type=\"section\">\n\t\t\t\t\t\t<div class=\"elementor-container elementor-column-gap-default\">\n\t\t\t\t\t<div class=\"elementor-column elementor-col-100 elementor-top-column elementor-element elementor-element-be5878e\" data-id=\"be5878e\" data-element_type=\"column\">\n\t\t\t<div class=\"elementor-widget-wrap elementor-element-populated\">\n\t\t\t\t\t\t<div class=\"elementor-element elementor-element-caf6c22 elementor-widget elementor-widget-text-editor\" data-id=\"caf6c22\" data-element_type=\"widget\" data-widget_type=\"text-editor.default\">\n\t\t\t\t<div class=\"elementor-widget-container\">\n\t\t\t\t\t\t\t\t\t<p>Nesta sexta-feira (06\/09), a Pol\u00edcia Civil de Santa Catarina, por meio da Delegacia de Defrauda\u00e7\u00f5es da Diretoria Estadual de Investiga\u00e7\u00f5es Criminais, juntamente com o N\u00facleo de Intelig\u00eancia e Seguran\u00e7a Institucional do Tribunal de Justi\u00e7a de Santa Catarina (NIS\/TJSC), com apoio da Pol\u00edcia Civil do Paran\u00e1, deflagraram a opera\u00e7\u00e3o \u201cFraude Laboral\u201d e cumpriram quatro mandados de busca e apreens\u00e3o, nas cidades de Colombo, Campina Grande do Sul e S\u00e3o Jos\u00e9 dos Pinhais, todas no Paran\u00e1.<\/p><p>Durante a investiga\u00e7\u00e3o, foi apurado que os investigados, utilizando documentos de v\u00edtima de Santa Catarina, ofereciam falsos empregos atrav\u00e9s de plataformas online e redes sociais. Al\u00e9m disso, eles tamb\u00e9m comercializavam entorpecentes na regi\u00e3o metropolitana de Curitiba, no Paran\u00e1.<\/p><p>Foram apreendidos aparelhos eletr\u00f4nicos, que ser\u00e3o analisados para a continuidade das investiga\u00e7\u00f5es e identifica\u00e7\u00e3o dos demais envolvidos, al\u00e9m de grande quantidade de droga (coca\u00edna, maconha e crack) e apetrechos para o embalo e preparo da droga para venda. Na oportunidade, foi lavrado auto de pris\u00e3o em flagrante por tr\u00e1fico de drogas.<\/p>\t\t\t\t\t\t\t\t<\/div>\n\t\t\t\t<\/div>\n\t\t\t\t\t<\/div>\n\t\t<\/div>\n\t\t\t\t\t<\/div>\n\t\t<\/section>\n\t\t\t\t<\/div>\n\t\t","protected":false},"excerpt":{"rendered":"<p>Pol\u00edcia Civil e NIS\/TJSC deflagram opera\u00e7\u00e3o \u201cFraude Laboral\u201d e cumprem mandados no Paran\u00e1 Nesta sexta-feira (06\/09), a Pol\u00edcia Civil de Santa Catarina, por meio da Delegacia de Defrauda\u00e7\u00f5es da Diretoria Estadual de Investiga\u00e7\u00f5es Criminais, juntamente com o N\u00facleo de Intelig\u00eancia e Seguran\u00e7a Institucional do Tribunal de Justi\u00e7a de Santa Catarina (NIS\/TJSC), com apoio da Pol\u00edcia [&hellip;]<\/p>\n","protected":false},"author":5,"featured_media":23248,"comment_status":"closed","ping_status":"open","sticky":false,"template":"","format":"standard","meta":{"_monsterinsights_skip_tracking":false,"_monsterinsights_sitenote_active":false,"_monsterinsights_sitenote_note":"","_monsterinsights_sitenote_category":0,"footnotes":""},"categories":[1],"tags":[],"class_list":["post-23247","post","type-post","status-publish","format-standard","has-post-thumbnail","hentry","category-sem-categoria"],"_links":{"self":[{"href":"https:\/\/pc.sc.gov.br\/index.php?rest_route=\/wp\/v2\/posts\/23247","targetHints":{"allow":["GET"]}}],"collection":[{"href":"https:\/\/pc.sc.gov.br\/index.php?rest_route=\/wp\/v2\/posts"}],"about":[{"href":"https:\/\/pc.sc.gov.br\/index.php?rest_route=\/wp\/v2\/types\/post"}],"author":[{"embeddable":true,"href":"https:\/\/pc.sc.gov.br\/index.php?rest_route=\/wp\/v2\/users\/5"}],"replies":[{"embeddable":true,"href":"https:\/\/pc.sc.gov.br\/index.php?rest_route=%2Fwp%2Fv2%2Fcomments&post=23247"}],"version-history":[{"count":4,"href":"https:\/\/pc.sc.gov.br\/index.php?rest_route=\/wp\/v2\/posts\/23247\/revisions"}],"predecessor-version":[{"id":23252,"href":"https:\/\/pc.sc.gov.br\/index.php?rest_route=\/wp\/v2\/posts\/23247\/revisions\/23252"}],"wp:featuredmedia":[{"embeddable":true,"href":"https:\/\/pc.sc.gov.br\/index.php?rest_route=\/wp\/v2\/media\/23248"}],"wp:attachment":[{"href":"https:\/\/pc.sc.gov.br\/index.php?rest_route=%2Fwp%2Fv2%2Fmedia&parent=23247"}],"wp:term":[{"taxonomy":"category","embeddable":true,"href":"https:\/\/pc.sc.gov.br\/index.php?rest_route=%2Fwp%2Fv2%2Fcategories&post=23247"},{"taxonomy":"post_tag","embeddable":true,"href":"https:\/\/pc.sc.gov.br\/index.php?rest_route=%2Fwp%2Fv2%2Ftags&post=23247"}],"curies":[{"name":"wp","href":"https:\/\/api.w.org\/{rel}","templated":true}]}}