{"id":23291,"date":"2024-09-09T18:11:28","date_gmt":"2024-09-09T21:11:28","guid":{"rendered":"https:\/\/pc.sc.gov.br\/?p=23291"},"modified":"2024-09-09T18:13:23","modified_gmt":"2024-09-09T21:13:23","slug":"pcsc-indicia-quatro-pessoas-pelo-incendio-criminoso-a-um-caminhao-de-coleta-de-residuos-no-bairro-jurere-internacional-na-capital","status":"publish","type":"post","link":"https:\/\/pc.sc.gov.br\/?p=23291","title":{"rendered":"PCSC indicia quatro pessoas pelo inc\u00eandio criminoso a um caminh\u00e3o de coleta de res\u00edduos no bairro Jurer\u00ea Internacional, na Capital"},"content":{"rendered":"\t\t<div data-elementor-type=\"wp-post\" data-elementor-id=\"23291\" class=\"elementor elementor-23291\" data-elementor-post-type=\"post\">\n\t\t\t\t\t\t<section class=\"elementor-section elementor-top-section elementor-element elementor-element-da04913 elementor-section-boxed elementor-section-height-default elementor-section-height-default\" data-id=\"da04913\" data-element_type=\"section\">\n\t\t\t\t\t\t<div class=\"elementor-container elementor-column-gap-default\">\n\t\t\t\t\t<div class=\"elementor-column elementor-col-100 elementor-top-column elementor-element elementor-element-11e55e6\" data-id=\"11e55e6\" data-element_type=\"column\">\n\t\t\t<div class=\"elementor-widget-wrap elementor-element-populated\">\n\t\t\t\t\t\t<div class=\"elementor-element elementor-element-63ad0d4 elementor-widget elementor-widget-heading\" data-id=\"63ad0d4\" data-element_type=\"widget\" data-widget_type=\"heading.default\">\n\t\t\t\t<div class=\"elementor-widget-container\">\n\t\t\t\t\t<h2 class=\"elementor-heading-title elementor-size-default\">PCSC indicia quatro pessoas pelo inc\u00eandio criminoso a um caminh\u00e3o de coleta de res\u00edduos no bairro Jurer\u00ea Internacional, na Capital<\/h2>\t\t\t\t<\/div>\n\t\t\t\t<\/div>\n\t\t\t\t\t<\/div>\n\t\t<\/div>\n\t\t\t\t\t<\/div>\n\t\t<\/section>\n\t\t\t\t<section class=\"elementor-section elementor-top-section elementor-element elementor-element-fe2244b elementor-section-boxed elementor-section-height-default elementor-section-height-default\" data-id=\"fe2244b\" data-element_type=\"section\">\n\t\t\t\t\t\t<div class=\"elementor-container elementor-column-gap-default\">\n\t\t\t\t\t<div class=\"elementor-column elementor-col-100 elementor-top-column elementor-element elementor-element-2534fa3\" data-id=\"2534fa3\" data-element_type=\"column\">\n\t\t\t<div class=\"elementor-widget-wrap elementor-element-populated\">\n\t\t\t\t\t\t<div class=\"elementor-element elementor-element-5975937 elementor-widget elementor-widget-image\" data-id=\"5975937\" data-element_type=\"widget\" data-widget_type=\"image.default\">\n\t\t\t\t<div class=\"elementor-widget-container\">\n\t\t\t\t\t\t\t\t\t\t\t\t\t\t\t<img fetchpriority=\"high\" decoding=\"async\" width=\"696\" height=\"464\" src=\"https:\/\/pc.sc.gov.br\/\/wp-content\/uploads\/2024\/09\/VERDI-1024x683.jpg\" class=\"attachment-large size-large wp-image-23292\" alt=\"\" srcset=\"https:\/\/pc.sc.gov.br\/\/wp-content\/uploads\/2024\/09\/VERDI-1024x683.jpg 1024w, https:\/\/pc.sc.gov.br\/\/wp-content\/uploads\/2024\/09\/VERDI-300x200.jpg 300w, https:\/\/pc.sc.gov.br\/\/wp-content\/uploads\/2024\/09\/VERDI-768x512.jpg 768w, https:\/\/pc.sc.gov.br\/\/wp-content\/uploads\/2024\/09\/VERDI.jpg 1500w\" sizes=\"(max-width: 696px) 100vw, 696px\" \/>\t\t\t\t\t\t\t\t\t\t\t\t\t\t\t<\/div>\n\t\t\t\t<\/div>\n\t\t\t\t\t<\/div>\n\t\t<\/div>\n\t\t\t\t\t<\/div>\n\t\t<\/section>\n\t\t\t\t<section class=\"elementor-section elementor-top-section elementor-element elementor-element-98fe83e elementor-section-boxed elementor-section-height-default elementor-section-height-default\" data-id=\"98fe83e\" data-element_type=\"section\">\n\t\t\t\t\t\t<div class=\"elementor-container elementor-column-gap-default\">\n\t\t\t\t\t<div class=\"elementor-column elementor-col-100 elementor-top-column elementor-element elementor-element-a5920ac\" data-id=\"a5920ac\" data-element_type=\"column\">\n\t\t\t<div class=\"elementor-widget-wrap elementor-element-populated\">\n\t\t\t\t\t\t<div class=\"elementor-element elementor-element-9c0c3eb elementor-widget elementor-widget-text-editor\" data-id=\"9c0c3eb\" data-element_type=\"widget\" data-widget_type=\"text-editor.default\">\n\t\t\t\t<div class=\"elementor-widget-container\">\n\t\t\t\t\t\t\t\t\t<p>A Pol\u00edcia Civil de Santa Catarina divulgou nesta segunda-feira, 9, os resultados do inqu\u00e9rito policial sobre o inc\u00eandio a um caminh\u00e3o de coleta de res\u00edduos, ocorrido no dia 12 de mar\u00e7o, no bairro Jurer\u00ea Internacional, em Florian\u00f3polis. Quatro pessoas forma indiciadas por associa\u00e7\u00e3o criminosa, entre outros delitos.<\/p>\n<p>Em entrevista coletiva, na sede da Delegacia-Geral da PCSC, o delegado-geral, Ulisses Gabriel, destacou o trabalho realizado pela equipe da 7\u00aa DP, sob o comando do delegado Verdi Furlanetto. \u201cEm fun\u00e7\u00e3o da complexidade do fato, a apura\u00e7\u00e3o exigiu um trabalho t\u00e9cnico e imparcial pautado nas mais modernas t\u00e9cnicas de investiga\u00e7\u00e3o\u201d, disse Ulisses, ao elogiar o desempenho da equipe da 7\u00aa DP em conjunto com PMSC, Bombeiro Militar, Pol\u00edcia Cient\u00edfica e Guarda Municipal de Florian\u00f3polis.<\/p>\n<p>O titular da 7\u00aa DP, delegado Verdi Furlanetto, respons\u00e1vel pela investiga\u00e7\u00e3o, destacou que o inqu\u00e9rito \u00e9 composto por 850 p\u00e1ginas, dado o n\u00edvel de detalhamento dos fatos. O delegado Verdi fez uma linha do tempo para mostrar a cronologia dos fatos e as imagens levantadas para compor a investiga\u00e7\u00e3o.<\/p>\n<p>Dos quatro indiciados, um foi porque fez o mapeamento do local \u2013 identificando a rota e o hor\u00e1rio da passagem do caminh\u00e3o e, ap\u00f3s o crime, filmou o caminh\u00e3o em chamas e inseriu o v\u00eddeo no grupo de um sindicato. Uma segunda pessoa foi indiciada por ter cedido um carro locado pelo sindicato para o executor do crime; no seu depoimento ela n\u00e3o soube dizer para quem entregou chave do referido ve\u00edculo; um terceiro indiciado foi identificado como um dos autores do inc\u00eandio ao caminh\u00e3o, mas negou que tenha participado. Uma quarta pessoa tamb\u00e9m foi indiciada mesmo n\u00e3o participando diretamente da a\u00e7\u00e3o, mas porque pegou o carro locado, usado para o cometimento do crime, e devolveu na manh\u00e3 seguinte aos fatos para a locadora. Ele tamb\u00e9m n\u00e3o soube dizer quem lhe deu a chave do ve\u00edculo. Um quinto envolvido, que amea\u00e7ou as v\u00edtimas e ajudou a atear fogo no caminh\u00e3o, n\u00e3o foi identificado at\u00e9 o momento.&nbsp;&nbsp;<\/p>\n<p>Participaram da coletiva o secret\u00e1rio de Estado da Seguran\u00e7a P\u00fablica, Coronel Flavio Graff; Comandante do 1\u00ba Comando Regional da PMSC, Coronel Dante da Costa Chierighini; Diretor de Seguran\u00e7a Contra Inc\u00eandio do Corpo de Bombeiros Militar, Tenente Coronel Willian Fazzioni, Chefe de Gabinete da Pol\u00edcia Cient\u00edfica, perito criminal Henrique Brunel; Diretor de Pol\u00edcia da Grande Florian\u00f3polis, delegado Pedro Mendes Secret\u00e1rio Municipal de Seguran\u00e7a de Florian\u00f3polis, Coronel Ara\u00fajo Gomes.<span style=\"color: var( --e-global-color-text ); font-family: var( --e-global-typography-primary-font-family ), Sans-serif; font-size: var( --e-global-typography-primary-font-size ); font-weight: var( --e-global-typography-primary-font-weight ); letter-spacing: var( --e-global-typography-primary-letter-spacing );\">&nbsp;<\/span><\/p>\t\t\t\t\t\t\t\t<\/div>\n\t\t\t\t<\/div>\n\t\t\t\t\t<\/div>\n\t\t<\/div>\n\t\t\t\t\t<\/div>\n\t\t<\/section>\n\t\t\t\t<\/div>\n\t\t","protected":false},"excerpt":{"rendered":"<p>PCSC indicia quatro pessoas pelo inc\u00eandio criminoso a um caminh\u00e3o de coleta de res\u00edduos no bairro Jurer\u00ea Internacional, na Capital A Pol\u00edcia Civil de Santa Catarina divulgou nesta segunda-feira, 9, os resultados do inqu\u00e9rito policial sobre o inc\u00eandio a um caminh\u00e3o de coleta de res\u00edduos, ocorrido no dia 12 de mar\u00e7o, no bairro Jurer\u00ea Internacional, [&hellip;]<\/p>\n","protected":false},"author":5,"featured_media":23292,"comment_status":"closed","ping_status":"open","sticky":false,"template":"","format":"standard","meta":{"_monsterinsights_skip_tracking":false,"_monsterinsights_sitenote_active":false,"_monsterinsights_sitenote_note":"","_monsterinsights_sitenote_category":0,"footnotes":""},"categories":[1],"tags":[],"class_list":["post-23291","post","type-post","status-publish","format-standard","has-post-thumbnail","hentry","category-sem-categoria"],"_links":{"self":[{"href":"https:\/\/pc.sc.gov.br\/index.php?rest_route=\/wp\/v2\/posts\/23291","targetHints":{"allow":["GET"]}}],"collection":[{"href":"https:\/\/pc.sc.gov.br\/index.php?rest_route=\/wp\/v2\/posts"}],"about":[{"href":"https:\/\/pc.sc.gov.br\/index.php?rest_route=\/wp\/v2\/types\/post"}],"author":[{"embeddable":true,"href":"https:\/\/pc.sc.gov.br\/index.php?rest_route=\/wp\/v2\/users\/5"}],"replies":[{"embeddable":true,"href":"https:\/\/pc.sc.gov.br\/index.php?rest_route=%2Fwp%2Fv2%2Fcomments&post=23291"}],"version-history":[{"count":4,"href":"https:\/\/pc.sc.gov.br\/index.php?rest_route=\/wp\/v2\/posts\/23291\/revisions"}],"predecessor-version":[{"id":23296,"href":"https:\/\/pc.sc.gov.br\/index.php?rest_route=\/wp\/v2\/posts\/23291\/revisions\/23296"}],"wp:featuredmedia":[{"embeddable":true,"href":"https:\/\/pc.sc.gov.br\/index.php?rest_route=\/wp\/v2\/media\/23292"}],"wp:attachment":[{"href":"https:\/\/pc.sc.gov.br\/index.php?rest_route=%2Fwp%2Fv2%2Fmedia&parent=23291"}],"wp:term":[{"taxonomy":"category","embeddable":true,"href":"https:\/\/pc.sc.gov.br\/index.php?rest_route=%2Fwp%2Fv2%2Fcategories&post=23291"},{"taxonomy":"post_tag","embeddable":true,"href":"https:\/\/pc.sc.gov.br\/index.php?rest_route=%2Fwp%2Fv2%2Ftags&post=23291"}],"curies":[{"name":"wp","href":"https:\/\/api.w.org\/{rel}","templated":true}]}}