{"id":23302,"date":"2024-09-10T15:58:36","date_gmt":"2024-09-10T18:58:36","guid":{"rendered":"https:\/\/pc.sc.gov.br\/?p=23302"},"modified":"2024-09-10T16:06:02","modified_gmt":"2024-09-10T19:06:02","slug":"operacao-cyperus-pcsc-cumpre-14-mandados-judiciais-em-tres-cidades-do-sul-de-sc-em-investigacao-que-apura-delitos-em-licitacao","status":"publish","type":"post","link":"https:\/\/pc.sc.gov.br\/?p=23302","title":{"rendered":"Opera\u00e7\u00e3o Cyperus: PCSC cumpre 14 mandados judiciais em tr\u00eas cidades do Sul de SC em investiga\u00e7\u00e3o que apura delitos em licita\u00e7\u00e3o"},"content":{"rendered":"\t\t<div data-elementor-type=\"wp-post\" data-elementor-id=\"23302\" class=\"elementor elementor-23302\" data-elementor-post-type=\"post\">\n\t\t\t\t\t\t<section class=\"elementor-section elementor-top-section elementor-element elementor-element-c6e30ea elementor-section-boxed elementor-section-height-default elementor-section-height-default\" data-id=\"c6e30ea\" data-element_type=\"section\">\n\t\t\t\t\t\t<div class=\"elementor-container elementor-column-gap-default\">\n\t\t\t\t\t<div class=\"elementor-column elementor-col-100 elementor-top-column elementor-element elementor-element-36a65e0\" data-id=\"36a65e0\" data-element_type=\"column\">\n\t\t\t<div class=\"elementor-widget-wrap elementor-element-populated\">\n\t\t\t\t\t\t<div class=\"elementor-element elementor-element-2467262 elementor-widget elementor-widget-heading\" data-id=\"2467262\" data-element_type=\"widget\" data-widget_type=\"heading.default\">\n\t\t\t\t<div class=\"elementor-widget-container\">\n\t\t\t\t\t<h2 class=\"elementor-heading-title elementor-size-default\">Opera\u00e7\u00e3o Cyperus: PCSC cumpre 14 mandados judiciais em tr\u00eas cidades do Sul de SC em investiga\u00e7\u00e3o que apura delitos em licita\u00e7\u00e3o<\/h2>\t\t\t\t<\/div>\n\t\t\t\t<\/div>\n\t\t\t\t\t<\/div>\n\t\t<\/div>\n\t\t\t\t\t<\/div>\n\t\t<\/section>\n\t\t\t\t<section class=\"elementor-section elementor-top-section elementor-element elementor-element-8fdf320 elementor-section-boxed elementor-section-height-default elementor-section-height-default\" data-id=\"8fdf320\" data-element_type=\"section\">\n\t\t\t\t\t\t<div class=\"elementor-container elementor-column-gap-default\">\n\t\t\t\t\t<div class=\"elementor-column elementor-col-100 elementor-top-column elementor-element elementor-element-f22cb3a\" data-id=\"f22cb3a\" data-element_type=\"column\">\n\t\t\t<div class=\"elementor-widget-wrap elementor-element-populated\">\n\t\t\t\t\t\t<div class=\"elementor-element elementor-element-f91855d elementor-widget elementor-widget-image\" data-id=\"f91855d\" data-element_type=\"widget\" data-widget_type=\"image.default\">\n\t\t\t\t<div class=\"elementor-widget-container\">\n\t\t\t\t\t\t\t\t\t\t\t\t\t\t\t<img fetchpriority=\"high\" decoding=\"async\" width=\"696\" height=\"522\" src=\"https:\/\/pc.sc.gov.br\/\/wp-content\/uploads\/2024\/09\/WhatsApp-Image-2024-09-10-at-08.17.50-1024x768.jpeg\" class=\"attachment-large size-large wp-image-23304\" alt=\"\" srcset=\"https:\/\/pc.sc.gov.br\/\/wp-content\/uploads\/2024\/09\/WhatsApp-Image-2024-09-10-at-08.17.50-1024x768.jpeg 1024w, https:\/\/pc.sc.gov.br\/\/wp-content\/uploads\/2024\/09\/WhatsApp-Image-2024-09-10-at-08.17.50-300x225.jpeg 300w, https:\/\/pc.sc.gov.br\/\/wp-content\/uploads\/2024\/09\/WhatsApp-Image-2024-09-10-at-08.17.50-768x576.jpeg 768w, https:\/\/pc.sc.gov.br\/\/wp-content\/uploads\/2024\/09\/WhatsApp-Image-2024-09-10-at-08.17.50.jpeg 1280w\" sizes=\"(max-width: 696px) 100vw, 696px\" \/>\t\t\t\t\t\t\t\t\t\t\t\t\t\t\t<\/div>\n\t\t\t\t<\/div>\n\t\t\t\t\t<\/div>\n\t\t<\/div>\n\t\t\t\t\t<\/div>\n\t\t<\/section>\n\t\t\t\t<section class=\"elementor-section elementor-top-section elementor-element elementor-element-07fe415 elementor-section-boxed elementor-section-height-default elementor-section-height-default\" data-id=\"07fe415\" data-element_type=\"section\">\n\t\t\t\t\t\t<div class=\"elementor-container elementor-column-gap-default\">\n\t\t\t\t\t<div class=\"elementor-column elementor-col-100 elementor-top-column elementor-element elementor-element-b127cac\" data-id=\"b127cac\" data-element_type=\"column\">\n\t\t\t<div class=\"elementor-widget-wrap elementor-element-populated\">\n\t\t\t\t\t\t<div class=\"elementor-element elementor-element-5cc817f elementor-widget elementor-widget-text-editor\" data-id=\"5cc817f\" data-element_type=\"widget\" data-widget_type=\"text-editor.default\">\n\t\t\t\t<div class=\"elementor-widget-container\">\n\t\t\t\t\t\t\t\t\t<p>A Pol\u00edcia Civil de Santa Catarina, por meio da Delegacia Especializada no Combate \u00e0 Corrup\u00e7\u00e3o \u2013 DECOR\/DEIC cumpriu, nesta ter\u00e7a-feira, 10, 14 mandados de busca e apreens\u00e3o, expedidos pela Vara \u00danica da Comarca de Forquilhinha, nos munic\u00edpios de Forquilhinha, Nova Veneza e Crici\u00fama.<\/p><p>A opera\u00e7\u00e3o foi deflagrada com vistas a apurar a pr\u00e1tica dos delitos de associa\u00e7\u00e3o criminosa, falsidade ideol\u00f3gica e fraude em licita\u00e7\u00e3o, no \u00e2mbito do Preg\u00e3o Presencial n\u00ba 18\/PMF\/2021, realizado pela Prefeitura Municipal de Forquilhinha.<\/p><p>O preg\u00e3o eletr\u00f4nico destinava-se \u00e0 &#8220;contrata\u00e7\u00e3o de empresa especializada para corte de grama, poda de \u00e1rvores e limpeza dos in\u00e7os dos pisos dos p\u00e1tios e jardins e manuten\u00e7\u00e3o das pinturas dos muros interna e externamente (alvenaria, grades e telas) e meios fios das pra\u00e7as p\u00fablicas, centros comunit\u00e1rios, ruas, rodovias, pr\u00e9dios p\u00fablicos (exceto educa\u00e7\u00e3o e sa\u00fade) para o exerc\u00edcio de 2021.\u00a0<\/p><p>Ao que tudo indica, a empresa vencedora n\u00e3o possui sede, ou seja, trata-se de uma empresa de fachada. Existem elementos contundentes de que a empresa n\u00e3o realizou adequadamente os servi\u00e7os para os quais foi contratada, al\u00e9m de ter sido constitu\u00edda por interposta pessoa, vulgarmente conhecida como \u201claranja\u201d, cerca de um m\u00eas antes do lan\u00e7amento do edital, para ocultar o verdadeiro s\u00f3cio, que, \u00e0 \u00e9poca, era servidor da Prefeitura de Forquilhinha.<\/p><p>Investiga-se, ainda, o fato de o ex-servidor figurar como s\u00f3cio oculto em outras empresas constitu\u00eddas em nome de familiares, que tamb\u00e9m celebraram contratos com a Prefeitura de Forquilhinha e visavam dissimular a condi\u00e7\u00e3o do verdadeiro propriet\u00e1rio.<\/p><p>Ademais, existem elementos contundentes de que duas outras empresas atuaram para favorecer a vencedora, no Preg\u00e3o Presencial 18\/PMF\/2021. Uma delas, inclusive, foi criada especificamente para participar do preg\u00e3o investigado e jamais concorreu a outro certame.\u00a0<\/p><p>A empresa beneficiada participou de licita\u00e7\u00f5es nos munic\u00edpios de Forquilhinha, Laguna e Turvo, todavia, sagrou-se vencedora apenas em Forquilhinha.<\/p><p>Diante dos robustos ind\u00edcios da pr\u00e1tica de diversos il\u00edcitos penais, a Pol\u00edcia Civil instaurou inqu\u00e9rito policial e representou pela expedi\u00e7\u00e3o dos mandados de busca e apreens\u00e3o, suspens\u00e3o dos contratos vigentes e proibi\u00e7\u00e3o de novas contrata\u00e7\u00f5es, de todas as pessoas f\u00edsicas e jur\u00eddicas investigadas. Desse modo, empres\u00e1rios, funcion\u00e1rios, \u201claranjas\u201d, empresas e a Prefeitura de Forquilhinha foram alvo da opera\u00e7\u00e3o.<\/p><p>Durante as dilig\u00eancias, foram apreendidos documentos e equipamentos eletr\u00f4nicos, que ser\u00e3o devidamente periciados e analisados, com a finalidade de elucidar totalmente o caso e identificar eventual participa\u00e7\u00e3o de outros envolvidos.<\/p><p>Participaram da Opera\u00e7\u00e3o cerca de 50 policiais civis, lotados na Diretoria Estadual de Investiga\u00e7\u00e3o Criminal &#8211; DEIC, na Coordenadoria Estadual de Combate \u00e0 Corrup\u00e7\u00e3o, 1\u00aa DECOR, 2\u00aa DECOR, 3\u00aa DECOR, 4\u00aa DECOR, DICs de Crici\u00fama e Ararangu\u00e1 e 1\u00aa DP de Ararangu\u00e1, coordenados pela equipe de investiga\u00e7\u00e3o da DECOR\/DEIC.<\/p>\t\t\t\t\t\t\t\t<\/div>\n\t\t\t\t<\/div>\n\t\t\t\t\t<\/div>\n\t\t<\/div>\n\t\t\t\t\t<\/div>\n\t\t<\/section>\n\t\t\t\t<\/div>\n\t\t","protected":false},"excerpt":{"rendered":"<p>Opera\u00e7\u00e3o Cyperus: PCSC cumpre 14 mandados judiciais em tr\u00eas cidades do Sul de SC em investiga\u00e7\u00e3o que apura delitos em licita\u00e7\u00e3o A Pol\u00edcia Civil de Santa Catarina, por meio da Delegacia Especializada no Combate \u00e0 Corrup\u00e7\u00e3o \u2013 DECOR\/DEIC cumpriu, nesta ter\u00e7a-feira, 10, 14 mandados de busca e apreens\u00e3o, expedidos pela Vara \u00danica da Comarca de [&hellip;]<\/p>\n","protected":false},"author":5,"featured_media":23304,"comment_status":"closed","ping_status":"open","sticky":false,"template":"","format":"standard","meta":{"_monsterinsights_skip_tracking":false,"_monsterinsights_sitenote_active":false,"_monsterinsights_sitenote_note":"","_monsterinsights_sitenote_category":0,"footnotes":""},"categories":[1],"tags":[],"class_list":["post-23302","post","type-post","status-publish","format-standard","has-post-thumbnail","hentry","category-sem-categoria"],"_links":{"self":[{"href":"https:\/\/pc.sc.gov.br\/index.php?rest_route=\/wp\/v2\/posts\/23302","targetHints":{"allow":["GET"]}}],"collection":[{"href":"https:\/\/pc.sc.gov.br\/index.php?rest_route=\/wp\/v2\/posts"}],"about":[{"href":"https:\/\/pc.sc.gov.br\/index.php?rest_route=\/wp\/v2\/types\/post"}],"author":[{"embeddable":true,"href":"https:\/\/pc.sc.gov.br\/index.php?rest_route=\/wp\/v2\/users\/5"}],"replies":[{"embeddable":true,"href":"https:\/\/pc.sc.gov.br\/index.php?rest_route=%2Fwp%2Fv2%2Fcomments&post=23302"}],"version-history":[{"count":3,"href":"https:\/\/pc.sc.gov.br\/index.php?rest_route=\/wp\/v2\/posts\/23302\/revisions"}],"predecessor-version":[{"id":23310,"href":"https:\/\/pc.sc.gov.br\/index.php?rest_route=\/wp\/v2\/posts\/23302\/revisions\/23310"}],"wp:featuredmedia":[{"embeddable":true,"href":"https:\/\/pc.sc.gov.br\/index.php?rest_route=\/wp\/v2\/media\/23304"}],"wp:attachment":[{"href":"https:\/\/pc.sc.gov.br\/index.php?rest_route=%2Fwp%2Fv2%2Fmedia&parent=23302"}],"wp:term":[{"taxonomy":"category","embeddable":true,"href":"https:\/\/pc.sc.gov.br\/index.php?rest_route=%2Fwp%2Fv2%2Fcategories&post=23302"},{"taxonomy":"post_tag","embeddable":true,"href":"https:\/\/pc.sc.gov.br\/index.php?rest_route=%2Fwp%2Fv2%2Ftags&post=23302"}],"curies":[{"name":"wp","href":"https:\/\/api.w.org\/{rel}","templated":true}]}}