{"id":23311,"date":"2024-09-10T16:34:38","date_gmt":"2024-09-10T19:34:38","guid":{"rendered":"https:\/\/pc.sc.gov.br\/?p=23311"},"modified":"2024-09-10T16:34:52","modified_gmt":"2024-09-10T19:34:52","slug":"no-estado-de-sao-paulo-delegacia-de-capturas-da-deic-prende-foragido-condenado-a-mais-de-72-anos-de-prisao-por-latrocinio-cujas-vitimas-foram-tres-policiais","status":"publish","type":"post","link":"https:\/\/pc.sc.gov.br\/?p=23311","title":{"rendered":"No estado de S\u00e3o Paulo, Delegacia de Capturas da DEIC prende foragido condenado a mais de 72 anos de pris\u00e3o por latroc\u00ednio cujas v\u00edtimas foram tr\u00eas policiais"},"content":{"rendered":"\t\t<div data-elementor-type=\"wp-post\" data-elementor-id=\"23311\" class=\"elementor elementor-23311\" data-elementor-post-type=\"post\">\n\t\t\t\t\t\t<section class=\"elementor-section elementor-top-section elementor-element elementor-element-a01c7dd elementor-section-boxed elementor-section-height-default elementor-section-height-default\" data-id=\"a01c7dd\" data-element_type=\"section\">\n\t\t\t\t\t\t<div class=\"elementor-container elementor-column-gap-default\">\n\t\t\t\t\t<div class=\"elementor-column elementor-col-100 elementor-top-column elementor-element elementor-element-37b46de\" data-id=\"37b46de\" data-element_type=\"column\">\n\t\t\t<div class=\"elementor-widget-wrap elementor-element-populated\">\n\t\t\t\t\t\t<div class=\"elementor-element elementor-element-632db8d elementor-widget elementor-widget-heading\" data-id=\"632db8d\" data-element_type=\"widget\" data-widget_type=\"heading.default\">\n\t\t\t\t<div class=\"elementor-widget-container\">\n\t\t\t\t\t<h2 class=\"elementor-heading-title elementor-size-default\">No estado de S\u00e3o Paulo, Delegacia de Capturas da DEIC prende foragido condenado a mais de 72 anos de pris\u00e3o por latroc\u00ednio cujas v\u00edtimas foram tr\u00eas policiais <\/h2>\t\t\t\t<\/div>\n\t\t\t\t<\/div>\n\t\t\t\t\t<\/div>\n\t\t<\/div>\n\t\t\t\t\t<\/div>\n\t\t<\/section>\n\t\t\t\t<section class=\"elementor-section elementor-top-section elementor-element elementor-element-7dd59c5 elementor-section-boxed elementor-section-height-default elementor-section-height-default\" data-id=\"7dd59c5\" data-element_type=\"section\">\n\t\t\t\t\t\t<div class=\"elementor-container elementor-column-gap-default\">\n\t\t\t\t\t<div class=\"elementor-column elementor-col-100 elementor-top-column elementor-element elementor-element-9adab9a\" data-id=\"9adab9a\" data-element_type=\"column\">\n\t\t\t<div class=\"elementor-widget-wrap elementor-element-populated\">\n\t\t\t\t\t\t<div class=\"elementor-element elementor-element-0a5ecd2 elementor-widget elementor-widget-image\" data-id=\"0a5ecd2\" data-element_type=\"widget\" data-widget_type=\"image.default\">\n\t\t\t\t<div class=\"elementor-widget-container\">\n\t\t\t\t\t\t\t\t\t\t\t\t\t\t\t<img fetchpriority=\"high\" decoding=\"async\" width=\"696\" height=\"696\" src=\"https:\/\/pc.sc.gov.br\/\/wp-content\/uploads\/2024\/09\/ASCOM-FEED-64-2-768x768-1.jpg\" class=\"attachment-large size-large wp-image-23270\" alt=\"\" srcset=\"https:\/\/pc.sc.gov.br\/\/wp-content\/uploads\/2024\/09\/ASCOM-FEED-64-2-768x768-1.jpg 768w, https:\/\/pc.sc.gov.br\/\/wp-content\/uploads\/2024\/09\/ASCOM-FEED-64-2-768x768-1-300x300.jpg 300w, https:\/\/pc.sc.gov.br\/\/wp-content\/uploads\/2024\/09\/ASCOM-FEED-64-2-768x768-1-150x150.jpg 150w\" sizes=\"(max-width: 696px) 100vw, 696px\" \/>\t\t\t\t\t\t\t\t\t\t\t\t\t\t\t<\/div>\n\t\t\t\t<\/div>\n\t\t\t\t\t<\/div>\n\t\t<\/div>\n\t\t\t\t\t<\/div>\n\t\t<\/section>\n\t\t\t\t<section class=\"elementor-section elementor-top-section elementor-element elementor-element-a4bf32d elementor-section-boxed elementor-section-height-default elementor-section-height-default\" data-id=\"a4bf32d\" data-element_type=\"section\">\n\t\t\t\t\t\t<div class=\"elementor-container elementor-column-gap-default\">\n\t\t\t\t\t<div class=\"elementor-column elementor-col-100 elementor-top-column elementor-element elementor-element-87a1b8e\" data-id=\"87a1b8e\" data-element_type=\"column\">\n\t\t\t<div class=\"elementor-widget-wrap elementor-element-populated\">\n\t\t\t\t\t\t<div class=\"elementor-element elementor-element-0f1e6b9 elementor-widget elementor-widget-text-editor\" data-id=\"0f1e6b9\" data-element_type=\"widget\" data-widget_type=\"text-editor.default\">\n\t\t\t\t<div class=\"elementor-widget-container\">\n\t\t\t\t\t\t\t\t\t<p>Nesta ter\u00e7a-feira (10\/09), a Pol\u00edcia Civil de Santa Catarina, por meio da Delegacia de Capturas da Diretoria Estadual de Investiga\u00e7\u00f5es Criminais, deflagrou uma opera\u00e7\u00e3o, no estado de S\u00e3o Paulo, para cumprimento de mandados de busca e apreens\u00e3o e de pris\u00e3o em desfavor de um homem, que estava foragido desde 2018 e condenado a mais de 72 anos de pris\u00e3o pelo cometimento do crime de latroc\u00ednio. As v\u00edtimas do crime foram tr\u00eas policiais catarinenses. O foragido \u00e9 considerado um dos criminosos mais procurados de Santa Catarina. Seu nome consta no Portal Foragidos da PCSC.<\/p>\n<p><strong>Entenda o caso<\/strong><\/p>\n<p>O homem, que estava foragido desde 2018, foi condenado e chegou a cumprir parte da pena com nome falso de uma pessoa que sequer existe. Para conseguir ludibriar a atua\u00e7\u00e3o da Justi\u00e7a, ele criou um RG e um CPF falso quando tinha 20 anos de idade.<\/p>\n<p>O foragido integrava uma organiza\u00e7\u00e3o criminosa voltada \u00e0 pr\u00e1tica de crimes de roubos a banco que era investigada pela DEIC, na \u00e9poca. No ano de 2006, durante a fuga de um roubo a uma ag\u00eancia banc\u00e1ria, na cidade de Barra Velha, os criminosos foram abordados por uma guarni\u00e7\u00e3o da Pol\u00edcia Rodovi\u00e1ria Estadual (PMSC) e reagiram atirando contra os policiais, matando um policial militar e ferindo outros dois. O trio criminoso foi preso em flagrante ap\u00f3s o fato, tendo dois deles apresentado nomes falsos.<\/p>\n<p>Ap\u00f3s a pris\u00e3o, foram processados e julgados, tendo inclusive cumprido parte das penas com os nomes falsos. Contudo, em 2021, policiais da DEIC\/PCSC conseguiram comprovar a verdadeira identidade de um deles, vindo a captur\u00e1-lo na cidade de S\u00e3o Paulo. Esse indiv\u00edduo estava foragido desde o ano de 2019, era l\u00edder de uma fac\u00e7\u00e3o criminosa paulista em Santa Catarina e foi condenado a mais de 88 anos de pris\u00e3o.&nbsp;<\/p>\n<p>J\u00e1 na data de hoje (10\/09), a Delegacia de Capturas da DEIC, ap\u00f3s detectar a verdadeira identidade do foragido do Sistema Prisional catarinense, representou pela expedi\u00e7\u00e3o de mandados de busca e apreens\u00e3o e de mandado de pris\u00e3o em seu desfavor. Assim, os policiais localizaram e prenderam o foragido na cidade de Mongagu\u00e1, no litoral de S\u00e3o Paulo.<\/p>\n<p>A DECAP\/DEIC refor\u00e7a o seu compromisso em prol da seguran\u00e7a da sociedade catarinense e se compromete com as demais unidades policiais do estado no aux\u00edlio \u00e0 captura de foragidos.<\/p>\n<p>Den\u00fancias e informa\u00e7\u00f5es relacionadas a foragidos da Justi\u00e7a podem ser encaminhadas para o e-mail deic-capturas@pc.sc.gov.br. Al\u00e9m disso, pelo&nbsp;<b><a href=\"https:\/\/sistemas.pc.sc.gov.br\/foragidos\/\" target=\"_blank\">Portal Foragidos&nbsp;da PCSC<\/a>&nbsp;<\/b>\u00e9 poss\u00edvel conhecer a rela\u00e7\u00e3o de procurados pela Justi\u00e7a. A Pol\u00edcia Civil de Santa Catarina garante o anonimato de quem prestar informa\u00e7\u00f5es sobre foragidos.<span style=\"font-weight: var( --e-global-typography-primary-font-weight );\">&nbsp;<\/span><\/p>\t\t\t\t\t\t\t\t<\/div>\n\t\t\t\t<\/div>\n\t\t\t\t\t<\/div>\n\t\t<\/div>\n\t\t\t\t\t<\/div>\n\t\t<\/section>\n\t\t\t\t<\/div>\n\t\t","protected":false},"excerpt":{"rendered":"<p>No estado de S\u00e3o Paulo, Delegacia de Capturas da DEIC prende foragido condenado a mais de 72 anos de pris\u00e3o por latroc\u00ednio cujas v\u00edtimas foram tr\u00eas policiais Nesta ter\u00e7a-feira (10\/09), a Pol\u00edcia Civil de Santa Catarina, por meio da Delegacia de Capturas da Diretoria Estadual de Investiga\u00e7\u00f5es Criminais, deflagrou uma opera\u00e7\u00e3o, no estado de S\u00e3o [&hellip;]<\/p>\n","protected":false},"author":5,"featured_media":23270,"comment_status":"closed","ping_status":"open","sticky":false,"template":"","format":"standard","meta":{"_monsterinsights_skip_tracking":false,"_monsterinsights_sitenote_active":false,"_monsterinsights_sitenote_note":"","_monsterinsights_sitenote_category":0,"footnotes":""},"categories":[1],"tags":[],"class_list":["post-23311","post","type-post","status-publish","format-standard","has-post-thumbnail","hentry","category-sem-categoria"],"_links":{"self":[{"href":"https:\/\/pc.sc.gov.br\/index.php?rest_route=\/wp\/v2\/posts\/23311","targetHints":{"allow":["GET"]}}],"collection":[{"href":"https:\/\/pc.sc.gov.br\/index.php?rest_route=\/wp\/v2\/posts"}],"about":[{"href":"https:\/\/pc.sc.gov.br\/index.php?rest_route=\/wp\/v2\/types\/post"}],"author":[{"embeddable":true,"href":"https:\/\/pc.sc.gov.br\/index.php?rest_route=\/wp\/v2\/users\/5"}],"replies":[{"embeddable":true,"href":"https:\/\/pc.sc.gov.br\/index.php?rest_route=%2Fwp%2Fv2%2Fcomments&post=23311"}],"version-history":[{"count":4,"href":"https:\/\/pc.sc.gov.br\/index.php?rest_route=\/wp\/v2\/posts\/23311\/revisions"}],"predecessor-version":[{"id":23315,"href":"https:\/\/pc.sc.gov.br\/index.php?rest_route=\/wp\/v2\/posts\/23311\/revisions\/23315"}],"wp:featuredmedia":[{"embeddable":true,"href":"https:\/\/pc.sc.gov.br\/index.php?rest_route=\/wp\/v2\/media\/23270"}],"wp:attachment":[{"href":"https:\/\/pc.sc.gov.br\/index.php?rest_route=%2Fwp%2Fv2%2Fmedia&parent=23311"}],"wp:term":[{"taxonomy":"category","embeddable":true,"href":"https:\/\/pc.sc.gov.br\/index.php?rest_route=%2Fwp%2Fv2%2Fcategories&post=23311"},{"taxonomy":"post_tag","embeddable":true,"href":"https:\/\/pc.sc.gov.br\/index.php?rest_route=%2Fwp%2Fv2%2Ftags&post=23311"}],"curies":[{"name":"wp","href":"https:\/\/api.w.org\/{rel}","templated":true}]}}