{"id":23317,"date":"2024-09-10T17:56:07","date_gmt":"2024-09-10T20:56:07","guid":{"rendered":"https:\/\/pc.sc.gov.br\/?p=23317"},"modified":"2024-09-10T18:06:45","modified_gmt":"2024-09-10T21:06:45","slug":"em-braco-do-norte-pcsc-prende-sete-pessoas-investigadas-pelo-crime-de-trafico-de-drogas-e-associacao-para-o-trafico","status":"publish","type":"post","link":"https:\/\/pc.sc.gov.br\/?p=23317","title":{"rendered":"Em Bra\u00e7o do Norte, PCSC prende sete pessoas investigadas pelo crime de tr\u00e1fico de drogas e associa\u00e7\u00e3o para o tr\u00e1fico"},"content":{"rendered":"\t\t<div data-elementor-type=\"wp-post\" data-elementor-id=\"23317\" class=\"elementor elementor-23317\" data-elementor-post-type=\"post\">\n\t\t\t\t\t\t<section class=\"elementor-section elementor-top-section elementor-element elementor-element-c590959 elementor-section-boxed elementor-section-height-default elementor-section-height-default\" data-id=\"c590959\" data-element_type=\"section\">\n\t\t\t\t\t\t<div class=\"elementor-container elementor-column-gap-default\">\n\t\t\t\t\t<div class=\"elementor-column elementor-col-100 elementor-top-column elementor-element elementor-element-78f4549\" data-id=\"78f4549\" data-element_type=\"column\">\n\t\t\t<div class=\"elementor-widget-wrap elementor-element-populated\">\n\t\t\t\t\t\t<div class=\"elementor-element elementor-element-2b2acf0 elementor-widget elementor-widget-heading\" data-id=\"2b2acf0\" data-element_type=\"widget\" data-widget_type=\"heading.default\">\n\t\t\t\t<div class=\"elementor-widget-container\">\n\t\t\t\t\t<h2 class=\"elementor-heading-title elementor-size-default\">Em Bra\u00e7o do Norte, PCSC prende sete pessoas investigadas pelo crime de tr\u00e1fico de drogas e associa\u00e7\u00e3o para o tr\u00e1fico<\/h2>\t\t\t\t<\/div>\n\t\t\t\t<\/div>\n\t\t\t\t\t<\/div>\n\t\t<\/div>\n\t\t\t\t\t<\/div>\n\t\t<\/section>\n\t\t\t\t<section class=\"elementor-section elementor-top-section elementor-element elementor-element-b33b19d elementor-section-boxed elementor-section-height-default elementor-section-height-default\" data-id=\"b33b19d\" data-element_type=\"section\">\n\t\t\t\t\t\t<div class=\"elementor-container elementor-column-gap-default\">\n\t\t\t\t\t<div class=\"elementor-column elementor-col-100 elementor-top-column elementor-element elementor-element-369425e\" data-id=\"369425e\" data-element_type=\"column\">\n\t\t\t<div class=\"elementor-widget-wrap elementor-element-populated\">\n\t\t\t\t\t\t<div class=\"elementor-element elementor-element-a08c3af elementor-widget elementor-widget-image\" data-id=\"a08c3af\" data-element_type=\"widget\" data-widget_type=\"image.default\">\n\t\t\t\t<div class=\"elementor-widget-container\">\n\t\t\t\t\t\t\t\t\t\t\t\t\t\t\t<img fetchpriority=\"high\" decoding=\"async\" width=\"696\" height=\"469\" src=\"https:\/\/pc.sc.gov.br\/\/wp-content\/uploads\/2024\/09\/WhatsApp-Image-2024-09-10-at-17.22.49-fotor-20240910175735-1024x690.png\" class=\"attachment-large size-large wp-image-23318\" alt=\"\" srcset=\"https:\/\/pc.sc.gov.br\/\/wp-content\/uploads\/2024\/09\/WhatsApp-Image-2024-09-10-at-17.22.49-fotor-20240910175735-1024x690.png 1024w, https:\/\/pc.sc.gov.br\/\/wp-content\/uploads\/2024\/09\/WhatsApp-Image-2024-09-10-at-17.22.49-fotor-20240910175735-300x202.png 300w, https:\/\/pc.sc.gov.br\/\/wp-content\/uploads\/2024\/09\/WhatsApp-Image-2024-09-10-at-17.22.49-fotor-20240910175735-768x518.png 768w, https:\/\/pc.sc.gov.br\/\/wp-content\/uploads\/2024\/09\/WhatsApp-Image-2024-09-10-at-17.22.49-fotor-20240910175735.png 1200w\" sizes=\"(max-width: 696px) 100vw, 696px\" \/>\t\t\t\t\t\t\t\t\t\t\t\t\t\t\t<\/div>\n\t\t\t\t<\/div>\n\t\t\t\t\t<\/div>\n\t\t<\/div>\n\t\t\t\t\t<\/div>\n\t\t<\/section>\n\t\t\t\t<section class=\"elementor-section elementor-top-section elementor-element elementor-element-ad1d5e4 elementor-section-boxed elementor-section-height-default elementor-section-height-default\" data-id=\"ad1d5e4\" data-element_type=\"section\">\n\t\t\t\t\t\t<div class=\"elementor-container elementor-column-gap-default\">\n\t\t\t\t\t<div class=\"elementor-column elementor-col-100 elementor-top-column elementor-element elementor-element-8d422dd\" data-id=\"8d422dd\" data-element_type=\"column\">\n\t\t\t<div class=\"elementor-widget-wrap elementor-element-populated\">\n\t\t\t\t\t\t<div class=\"elementor-element elementor-element-d9bde1a elementor-widget elementor-widget-text-editor\" data-id=\"d9bde1a\" data-element_type=\"widget\" data-widget_type=\"text-editor.default\">\n\t\t\t\t<div class=\"elementor-widget-container\">\n\t\t\t\t\t\t\t\t\t<p>A Pol\u00edcia Civil de Santa Catarina, por interm\u00e9dio da Delegacia de Bra\u00e7o do Norte, deflagrou nesta ter\u00e7a-feira, 10, a opera\u00e7\u00e3o \u201cDomin\u00f3\u201d com o objetivo de cumprir sete mandados de pris\u00e3o e outros cinco de busca e apreens\u00e3o, em Bra\u00e7o do Norte em investiga\u00e7\u00e3o que apura tr\u00e1fico de drogas e associa\u00e7\u00e3o para o tr\u00e1fico. Para a a\u00e7\u00e3o foram mobilizados cerca de 40 policiais civis que atuam no \u00e2mbito da Delegacia Regional de Tubar\u00e3o.<\/p>\n<p>De acordo com a delegada titular de Bra\u00e7o do Norte e respons\u00e1vel pela investiga\u00e7\u00e3o, Jucin\u00eas Dilcin\u00e9ia Ferreira, ap\u00f3s sequ\u00eancia bem-sucedida de dilig\u00eancias investigativas e competente instaura\u00e7\u00e3o de Inqu\u00e9rito policial foram identificados diversos indiv\u00edduos associados para a pr\u00e1tica do tr\u00e1fico de drogas no munic\u00edpio e regi\u00e3o.&nbsp;<\/p>\n<p>Desse modo, em enorme agilidade do setor de investiga\u00e7\u00e3o e servi\u00e7o cartor\u00e1rio, a autoridade policial representou por Mandados de Busca e Apreens\u00e3o, bem como de Pris\u00e3o Preventiva, cujas medidas foram reiteradas pela representante do Minist\u00e9rio P\u00fablico e deferidas pela autoridade Judici\u00e1ria.&nbsp;<\/p>\n<p>Ap\u00f3s os procedimentos legais, os presos foram encaminhados ao sistema prisional onde permanecem \u00e0 disposi\u00e7\u00e3o da Justi\u00e7a. Tamb\u00e9m foi lavrado um Auto de Pris\u00e3o em Flagrante contra um dos investigados por posse de drogas.&nbsp;<span style=\"color: var( --e-global-color-text ); font-family: var( --e-global-typography-primary-font-family ), Sans-serif; font-size: var( --e-global-typography-primary-font-size ); font-weight: var( --e-global-typography-primary-font-weight ); letter-spacing: var( --e-global-typography-primary-letter-spacing );\">&nbsp;<\/span><\/p>\t\t\t\t\t\t\t\t<\/div>\n\t\t\t\t<\/div>\n\t\t\t\t\t<\/div>\n\t\t<\/div>\n\t\t\t\t\t<\/div>\n\t\t<\/section>\n\t\t\t\t<\/div>\n\t\t","protected":false},"excerpt":{"rendered":"<p>Em Bra\u00e7o do Norte, PCSC prende sete pessoas investigadas pelo crime de tr\u00e1fico de drogas e associa\u00e7\u00e3o para o tr\u00e1fico A Pol\u00edcia Civil de Santa Catarina, por interm\u00e9dio da Delegacia de Bra\u00e7o do Norte, deflagrou nesta ter\u00e7a-feira, 10, a opera\u00e7\u00e3o \u201cDomin\u00f3\u201d com o objetivo de cumprir sete mandados de pris\u00e3o e outros cinco de busca [&hellip;]<\/p>\n","protected":false},"author":5,"featured_media":23318,"comment_status":"closed","ping_status":"open","sticky":false,"template":"","format":"standard","meta":{"_monsterinsights_skip_tracking":false,"_monsterinsights_sitenote_active":false,"_monsterinsights_sitenote_note":"","_monsterinsights_sitenote_category":0,"footnotes":""},"categories":[1],"tags":[],"class_list":["post-23317","post","type-post","status-publish","format-standard","has-post-thumbnail","hentry","category-sem-categoria"],"_links":{"self":[{"href":"https:\/\/pc.sc.gov.br\/index.php?rest_route=\/wp\/v2\/posts\/23317","targetHints":{"allow":["GET"]}}],"collection":[{"href":"https:\/\/pc.sc.gov.br\/index.php?rest_route=\/wp\/v2\/posts"}],"about":[{"href":"https:\/\/pc.sc.gov.br\/index.php?rest_route=\/wp\/v2\/types\/post"}],"author":[{"embeddable":true,"href":"https:\/\/pc.sc.gov.br\/index.php?rest_route=\/wp\/v2\/users\/5"}],"replies":[{"embeddable":true,"href":"https:\/\/pc.sc.gov.br\/index.php?rest_route=%2Fwp%2Fv2%2Fcomments&post=23317"}],"version-history":[{"count":3,"href":"https:\/\/pc.sc.gov.br\/index.php?rest_route=\/wp\/v2\/posts\/23317\/revisions"}],"predecessor-version":[{"id":23321,"href":"https:\/\/pc.sc.gov.br\/index.php?rest_route=\/wp\/v2\/posts\/23317\/revisions\/23321"}],"wp:featuredmedia":[{"embeddable":true,"href":"https:\/\/pc.sc.gov.br\/index.php?rest_route=\/wp\/v2\/media\/23318"}],"wp:attachment":[{"href":"https:\/\/pc.sc.gov.br\/index.php?rest_route=%2Fwp%2Fv2%2Fmedia&parent=23317"}],"wp:term":[{"taxonomy":"category","embeddable":true,"href":"https:\/\/pc.sc.gov.br\/index.php?rest_route=%2Fwp%2Fv2%2Fcategories&post=23317"},{"taxonomy":"post_tag","embeddable":true,"href":"https:\/\/pc.sc.gov.br\/index.php?rest_route=%2Fwp%2Fv2%2Ftags&post=23317"}],"curies":[{"name":"wp","href":"https:\/\/api.w.org\/{rel}","templated":true}]}}