{"id":23328,"date":"2024-09-11T12:45:15","date_gmt":"2024-09-11T15:45:15","guid":{"rendered":"https:\/\/pc.sc.gov.br\/?p=23328"},"modified":"2024-09-11T12:46:16","modified_gmt":"2024-09-11T15:46:16","slug":"policia-civil-deflagra-operacao-smoke-machine-e-prende-17-pessoas-em-flagrante-por-venda-de-cigarros-eletronicos-em-bc-e-itajai","status":"publish","type":"post","link":"https:\/\/pc.sc.gov.br\/?p=23328","title":{"rendered":"Pol\u00edcia Civil deflagra opera\u00e7\u00e3o \u201cSmoke Machine\u201d e prende 17 pessoas em flagrante por venda de cigarros eletr\u00f4nicos em BC e Itaja\u00ed"},"content":{"rendered":"\t\t<div data-elementor-type=\"wp-post\" data-elementor-id=\"23328\" class=\"elementor elementor-23328\" data-elementor-post-type=\"post\">\n\t\t\t\t\t\t<section class=\"elementor-section elementor-top-section elementor-element elementor-element-cc188d0 elementor-section-boxed elementor-section-height-default elementor-section-height-default\" data-id=\"cc188d0\" data-element_type=\"section\">\n\t\t\t\t\t\t<div class=\"elementor-container elementor-column-gap-default\">\n\t\t\t\t\t<div class=\"elementor-column elementor-col-100 elementor-top-column elementor-element elementor-element-cc12045\" data-id=\"cc12045\" data-element_type=\"column\">\n\t\t\t<div class=\"elementor-widget-wrap elementor-element-populated\">\n\t\t\t\t\t\t<div class=\"elementor-element elementor-element-b3e4e83 elementor-widget elementor-widget-heading\" data-id=\"b3e4e83\" data-element_type=\"widget\" data-widget_type=\"heading.default\">\n\t\t\t\t<div class=\"elementor-widget-container\">\n\t\t\t\t\t<h2 class=\"elementor-heading-title elementor-size-default\">Pol\u00edcia Civil deflagra opera\u00e7\u00e3o \u201cSmoke Machine\u201d e prende 17 pessoas em flagrante por venda de cigarros eletr\u00f4nicos em BC e Itaja\u00ed <\/h2>\t\t\t\t<\/div>\n\t\t\t\t<\/div>\n\t\t\t\t\t<\/div>\n\t\t<\/div>\n\t\t\t\t\t<\/div>\n\t\t<\/section>\n\t\t\t\t<section class=\"elementor-section elementor-top-section elementor-element elementor-element-4a553f1 elementor-section-boxed elementor-section-height-default elementor-section-height-default\" data-id=\"4a553f1\" data-element_type=\"section\">\n\t\t\t\t\t\t<div class=\"elementor-container elementor-column-gap-default\">\n\t\t\t\t\t<div class=\"elementor-column elementor-col-100 elementor-top-column elementor-element elementor-element-abe0cd2\" data-id=\"abe0cd2\" data-element_type=\"column\">\n\t\t\t<div class=\"elementor-widget-wrap elementor-element-populated\">\n\t\t\t\t\t\t<div class=\"elementor-element elementor-element-58f9108 elementor-widget elementor-widget-image\" data-id=\"58f9108\" data-element_type=\"widget\" data-widget_type=\"image.default\">\n\t\t\t\t<div class=\"elementor-widget-container\">\n\t\t\t\t\t\t\t\t\t\t\t\t\t\t\t<img fetchpriority=\"high\" decoding=\"async\" width=\"696\" height=\"928\" src=\"https:\/\/pc.sc.gov.br\/\/wp-content\/uploads\/2024\/09\/WhatsApp-Image-2024-09-11-at-07.24.04-768x1024.jpeg\" class=\"attachment-large size-large wp-image-23330\" alt=\"\" srcset=\"https:\/\/pc.sc.gov.br\/\/wp-content\/uploads\/2024\/09\/WhatsApp-Image-2024-09-11-at-07.24.04-768x1024.jpeg 768w, https:\/\/pc.sc.gov.br\/\/wp-content\/uploads\/2024\/09\/WhatsApp-Image-2024-09-11-at-07.24.04-225x300.jpeg 225w, https:\/\/pc.sc.gov.br\/\/wp-content\/uploads\/2024\/09\/WhatsApp-Image-2024-09-11-at-07.24.04.jpeg 960w\" sizes=\"(max-width: 696px) 100vw, 696px\" \/>\t\t\t\t\t\t\t\t\t\t\t\t\t\t\t<\/div>\n\t\t\t\t<\/div>\n\t\t\t\t\t<\/div>\n\t\t<\/div>\n\t\t\t\t\t<\/div>\n\t\t<\/section>\n\t\t\t\t<section class=\"elementor-section elementor-top-section elementor-element elementor-element-9fbfed0 elementor-section-boxed elementor-section-height-default elementor-section-height-default\" data-id=\"9fbfed0\" data-element_type=\"section\">\n\t\t\t\t\t\t<div class=\"elementor-container elementor-column-gap-default\">\n\t\t\t\t\t<div class=\"elementor-column elementor-col-100 elementor-top-column elementor-element elementor-element-c081f48\" data-id=\"c081f48\" data-element_type=\"column\">\n\t\t\t<div class=\"elementor-widget-wrap elementor-element-populated\">\n\t\t\t\t\t\t<div class=\"elementor-element elementor-element-2ed667d elementor-widget elementor-widget-text-editor\" data-id=\"2ed667d\" data-element_type=\"widget\" data-widget_type=\"text-editor.default\">\n\t\t\t\t<div class=\"elementor-widget-container\">\n\t\t\t\t\t\t\t\t\t<p>Na ter\u00e7a-feira (10\/09), a Pol\u00edcia Civil de Santa Catarina, por meio de a\u00e7\u00e3o conjunta das DICs de Itaja\u00ed e de Balne\u00e1rio Cambori\u00fa, deflagrou a opera\u00e7\u00e3o \u201cSmoke Machine\u201d contra a venda de cigarros eletr\u00f4nicos na regi\u00e3o.<\/p><p>Durante a a\u00e7\u00e3o, foi realizada fiscaliza\u00e7\u00e3o no Camel\u00f3dromo de Balne\u00e1rio Cambori\u00fa, quando 11 pessoas foram presas e foram apreendidos 1.663 cigarros eletr\u00f4nicos, 363 refis e uma arma de fogo.<\/p><p>J\u00e1 na sexta-feira (06\/09), foi realizada, com apoio da Guarda Municipal de Itaja\u00ed, fiscaliza\u00e7\u00e3o nas casas noturnas da Praia Brava. Na a\u00e7\u00e3o, seis pessoas foram presas e 98 cigarros eletr\u00f4nicos foram apreendidos.<\/p><p>Os 17 presos, durante ambas as a\u00e7\u00f5es, foram autuados em flagrante por crime contra as rela\u00e7\u00f5es de consumo e encaminhados ao Sistema Penit\u00eanci\u00e1rio, onde se encontram \u00e0 disposi\u00e7\u00e3o da Justi\u00e7a.<\/p><p>A Pol\u00edcia Civil adverte que cigarros eletr\u00f4nicos s\u00e3o produtos cuja comercializa\u00e7\u00e3o \u00e9 proibida pela ANVISA por seus malef\u00edcios \u00e0 sa\u00fade e sua venda constitui crime.<\/p><p>A opera\u00e7\u00e3o contou com apoio das DPCOs de Balne\u00e1rio Cambori\u00fa, Cambori\u00fa, Itapema e Navegantes.<\/p>\t\t\t\t\t\t\t\t<\/div>\n\t\t\t\t<\/div>\n\t\t\t\t\t<\/div>\n\t\t<\/div>\n\t\t\t\t\t<\/div>\n\t\t<\/section>\n\t\t\t\t<section class=\"elementor-section elementor-top-section elementor-element elementor-element-3f065ef elementor-section-boxed elementor-section-height-default elementor-section-height-default\" data-id=\"3f065ef\" data-element_type=\"section\">\n\t\t\t\t\t\t<div class=\"elementor-container elementor-column-gap-default\">\n\t\t\t\t\t<div class=\"elementor-column elementor-col-100 elementor-top-column elementor-element elementor-element-ce825b3\" data-id=\"ce825b3\" data-element_type=\"column\">\n\t\t\t<div class=\"elementor-widget-wrap elementor-element-populated\">\n\t\t\t\t\t\t<div class=\"elementor-element elementor-element-7db62e8 elementor-widget elementor-widget-image\" data-id=\"7db62e8\" data-element_type=\"widget\" data-widget_type=\"image.default\">\n\t\t\t\t<div class=\"elementor-widget-container\">\n\t\t\t\t\t\t\t\t\t\t\t\t\t\t\t<img decoding=\"async\" width=\"696\" height=\"522\" src=\"https:\/\/pc.sc.gov.br\/\/wp-content\/uploads\/2024\/09\/WhatsApp-Image-2024-09-11-at-07.25.05-1024x768.jpeg\" class=\"attachment-large size-large wp-image-23329\" alt=\"\" srcset=\"https:\/\/pc.sc.gov.br\/\/wp-content\/uploads\/2024\/09\/WhatsApp-Image-2024-09-11-at-07.25.05-1024x768.jpeg 1024w, https:\/\/pc.sc.gov.br\/\/wp-content\/uploads\/2024\/09\/WhatsApp-Image-2024-09-11-at-07.25.05-300x225.jpeg 300w, https:\/\/pc.sc.gov.br\/\/wp-content\/uploads\/2024\/09\/WhatsApp-Image-2024-09-11-at-07.25.05-768x576.jpeg 768w, https:\/\/pc.sc.gov.br\/\/wp-content\/uploads\/2024\/09\/WhatsApp-Image-2024-09-11-at-07.25.05-1536x1152.jpeg 1536w, https:\/\/pc.sc.gov.br\/\/wp-content\/uploads\/2024\/09\/WhatsApp-Image-2024-09-11-at-07.25.05.jpeg 1600w\" sizes=\"(max-width: 696px) 100vw, 696px\" \/>\t\t\t\t\t\t\t\t\t\t\t\t\t\t\t<\/div>\n\t\t\t\t<\/div>\n\t\t\t\t\t<\/div>\n\t\t<\/div>\n\t\t\t\t\t<\/div>\n\t\t<\/section>\n\t\t\t\t<\/div>\n\t\t","protected":false},"excerpt":{"rendered":"<p>Pol\u00edcia Civil deflagra opera\u00e7\u00e3o \u201cSmoke Machine\u201d e prende 17 pessoas em flagrante por venda de cigarros eletr\u00f4nicos em BC e Itaja\u00ed Na ter\u00e7a-feira (10\/09), a Pol\u00edcia Civil de Santa Catarina, por meio de a\u00e7\u00e3o conjunta das DICs de Itaja\u00ed e de Balne\u00e1rio Cambori\u00fa, deflagrou a opera\u00e7\u00e3o \u201cSmoke Machine\u201d contra a venda de cigarros eletr\u00f4nicos na [&hellip;]<\/p>\n","protected":false},"author":5,"featured_media":23330,"comment_status":"closed","ping_status":"open","sticky":false,"template":"","format":"standard","meta":{"_monsterinsights_skip_tracking":false,"_monsterinsights_sitenote_active":false,"_monsterinsights_sitenote_note":"","_monsterinsights_sitenote_category":0,"footnotes":""},"categories":[1],"tags":[],"class_list":["post-23328","post","type-post","status-publish","format-standard","has-post-thumbnail","hentry","category-sem-categoria"],"_links":{"self":[{"href":"https:\/\/pc.sc.gov.br\/index.php?rest_route=\/wp\/v2\/posts\/23328","targetHints":{"allow":["GET"]}}],"collection":[{"href":"https:\/\/pc.sc.gov.br\/index.php?rest_route=\/wp\/v2\/posts"}],"about":[{"href":"https:\/\/pc.sc.gov.br\/index.php?rest_route=\/wp\/v2\/types\/post"}],"author":[{"embeddable":true,"href":"https:\/\/pc.sc.gov.br\/index.php?rest_route=\/wp\/v2\/users\/5"}],"replies":[{"embeddable":true,"href":"https:\/\/pc.sc.gov.br\/index.php?rest_route=%2Fwp%2Fv2%2Fcomments&post=23328"}],"version-history":[{"count":4,"href":"https:\/\/pc.sc.gov.br\/index.php?rest_route=\/wp\/v2\/posts\/23328\/revisions"}],"predecessor-version":[{"id":23334,"href":"https:\/\/pc.sc.gov.br\/index.php?rest_route=\/wp\/v2\/posts\/23328\/revisions\/23334"}],"wp:featuredmedia":[{"embeddable":true,"href":"https:\/\/pc.sc.gov.br\/index.php?rest_route=\/wp\/v2\/media\/23330"}],"wp:attachment":[{"href":"https:\/\/pc.sc.gov.br\/index.php?rest_route=%2Fwp%2Fv2%2Fmedia&parent=23328"}],"wp:term":[{"taxonomy":"category","embeddable":true,"href":"https:\/\/pc.sc.gov.br\/index.php?rest_route=%2Fwp%2Fv2%2Fcategories&post=23328"},{"taxonomy":"post_tag","embeddable":true,"href":"https:\/\/pc.sc.gov.br\/index.php?rest_route=%2Fwp%2Fv2%2Ftags&post=23328"}],"curies":[{"name":"wp","href":"https:\/\/api.w.org\/{rel}","templated":true}]}}