{"id":23347,"date":"2024-09-11T15:53:45","date_gmt":"2024-09-11T18:53:45","guid":{"rendered":"https:\/\/pc.sc.gov.br\/?p=23347"},"modified":"2024-09-11T15:55:12","modified_gmt":"2024-09-11T18:55:12","slug":"pcsc-participa-de-workshop-sobre-novas-ferramentas-para-monitoramento-e-combate-a-crimes-relacionadas-ao-meio-ambiente","status":"publish","type":"post","link":"https:\/\/pc.sc.gov.br\/?p=23347","title":{"rendered":"PCSC participa de workshop sobre novas ferramentas para monitoramento e combate a crimes relacionadas ao meio ambiente"},"content":{"rendered":"\t\t<div data-elementor-type=\"wp-post\" data-elementor-id=\"23347\" class=\"elementor elementor-23347\" data-elementor-post-type=\"post\">\n\t\t\t\t\t\t<section class=\"elementor-section elementor-top-section elementor-element elementor-element-2ff5848 elementor-section-boxed elementor-section-height-default elementor-section-height-default\" data-id=\"2ff5848\" data-element_type=\"section\">\n\t\t\t\t\t\t<div class=\"elementor-container elementor-column-gap-default\">\n\t\t\t\t\t<div class=\"elementor-column elementor-col-100 elementor-top-column elementor-element elementor-element-ce60b0f\" data-id=\"ce60b0f\" data-element_type=\"column\">\n\t\t\t<div class=\"elementor-widget-wrap elementor-element-populated\">\n\t\t\t\t\t\t<div class=\"elementor-element elementor-element-281ac38 elementor-widget elementor-widget-heading\" data-id=\"281ac38\" data-element_type=\"widget\" data-widget_type=\"heading.default\">\n\t\t\t\t<div class=\"elementor-widget-container\">\n\t\t\t\t\t<h2 class=\"elementor-heading-title elementor-size-default\">PCSC participa de workshop sobre novas ferramentas para monitoramento e combate a crimes relacionadas ao meio ambiente<\/h2>\t\t\t\t<\/div>\n\t\t\t\t<\/div>\n\t\t\t\t\t<\/div>\n\t\t<\/div>\n\t\t\t\t\t<\/div>\n\t\t<\/section>\n\t\t\t\t<section class=\"elementor-section elementor-top-section elementor-element elementor-element-4110727 elementor-section-boxed elementor-section-height-default elementor-section-height-default\" data-id=\"4110727\" data-element_type=\"section\">\n\t\t\t\t\t\t<div class=\"elementor-container elementor-column-gap-default\">\n\t\t\t\t\t<div class=\"elementor-column elementor-col-100 elementor-top-column elementor-element elementor-element-d662fb8\" data-id=\"d662fb8\" data-element_type=\"column\">\n\t\t\t<div class=\"elementor-widget-wrap elementor-element-populated\">\n\t\t\t\t\t\t<div class=\"elementor-element elementor-element-2cc5855 elementor-widget elementor-widget-image\" data-id=\"2cc5855\" data-element_type=\"widget\" data-widget_type=\"image.default\">\n\t\t\t\t<div class=\"elementor-widget-container\">\n\t\t\t\t\t\t\t\t\t\t\t\t\t\t\t<img fetchpriority=\"high\" decoding=\"async\" width=\"696\" height=\"476\" src=\"https:\/\/pc.sc.gov.br\/\/wp-content\/uploads\/2024\/09\/2f3d3291-dfd2-4e7c-8586-6abe74d7f6b3-fotor-20240911155140.jpg\" class=\"attachment-large size-large wp-image-23348\" alt=\"\" srcset=\"https:\/\/pc.sc.gov.br\/\/wp-content\/uploads\/2024\/09\/2f3d3291-dfd2-4e7c-8586-6abe74d7f6b3-fotor-20240911155140.jpg 912w, https:\/\/pc.sc.gov.br\/\/wp-content\/uploads\/2024\/09\/2f3d3291-dfd2-4e7c-8586-6abe74d7f6b3-fotor-20240911155140-300x205.jpg 300w, https:\/\/pc.sc.gov.br\/\/wp-content\/uploads\/2024\/09\/2f3d3291-dfd2-4e7c-8586-6abe74d7f6b3-fotor-20240911155140-768x525.jpg 768w\" sizes=\"(max-width: 696px) 100vw, 696px\" \/>\t\t\t\t\t\t\t\t\t\t\t\t\t\t\t<\/div>\n\t\t\t\t<\/div>\n\t\t\t\t\t<\/div>\n\t\t<\/div>\n\t\t\t\t\t<\/div>\n\t\t<\/section>\n\t\t\t\t<section class=\"elementor-section elementor-top-section elementor-element elementor-element-2ec5ff4 elementor-section-boxed elementor-section-height-default elementor-section-height-default\" data-id=\"2ec5ff4\" data-element_type=\"section\">\n\t\t\t\t\t\t<div class=\"elementor-container elementor-column-gap-default\">\n\t\t\t\t\t<div class=\"elementor-column elementor-col-100 elementor-top-column elementor-element elementor-element-2ac33ba\" data-id=\"2ac33ba\" data-element_type=\"column\">\n\t\t\t<div class=\"elementor-widget-wrap elementor-element-populated\">\n\t\t\t\t\t\t<div class=\"elementor-element elementor-element-59f55fe elementor-widget elementor-widget-text-editor\" data-id=\"59f55fe\" data-element_type=\"widget\" data-widget_type=\"text-editor.default\">\n\t\t\t\t<div class=\"elementor-widget-container\">\n\t\t\t\t\t\t\t\t\t<p>A Delegada de Pol\u00edcia Patr\u00edcia Fronza Vieira, titular da Delegacia de Investiga\u00e7\u00e3o de Crimes Ambientais (DCA\/DEIC), representou a PCSC no workshop Brasil MAIS, onde se discutiu a expans\u00e3o, desafios e fortalecimento do Programa para o SUSP (Sistema \u00danico de Seguran\u00e7a Publica), realizado em Bras\u00edlia nos dias 10 e 11 de setembro do ano em curso.<\/p>\n<p>O Programa Brasil MAIS (Meio Ambiente Integrado e Seguro) \u00e9 um projeto do Minist\u00e9rio de Justi\u00e7a e Seguran\u00e7a P\u00fablica e do Fundo Nacional de Seguran\u00e7a P\u00fablica. O programa utiliza geotecnologia e imagens de sat\u00e9lite de alta precis\u00e3o, oferecendo uma vis\u00e3o detalhada e atualizada das altera\u00e7\u00f5es ambientais e atividades il\u00edcitas, contribuindo para a realiza\u00e7\u00e3o de opera\u00e7\u00f5es de combate ao crime organizado e crimes ambientes em todo o territ\u00f3rio nacional.<\/p>\n<p>O workshop teve por objetivo fortalecer as capacidades das for\u00e7as de seguran\u00e7a no monitoramento e combate a atividades criminosas relacionadas ao meio ambiente, como desmatamento ilegal, queimadas e at\u00e9 crimes mais complexos como tr\u00e1fico de drogas e pessoas.&nbsp;<span style=\"font-family: var( --e-global-typography-primary-font-family ), Sans-serif; font-size: var( --e-global-typography-primary-font-size ); font-weight: var( --e-global-typography-primary-font-weight ); letter-spacing: var( --e-global-typography-primary-letter-spacing );\">O evento contou com a participa\u00e7\u00e3o de representantes das Policiais Civis, Pol\u00edcias Militares, Bombeiros Militares e Peritos Criminais de todas as unidades da federa\u00e7\u00e3o.<\/span><\/p>\n<p>A participa\u00e7\u00e3o da DCA\/DEIC no evento proporcionou conhecimento para ampliar o uso da ferramenta na investiga\u00e7\u00e3o dos crimes ambientais no Estado de Santa Catarina.<\/p>\t\t\t\t\t\t\t\t<\/div>\n\t\t\t\t<\/div>\n\t\t\t\t\t<\/div>\n\t\t<\/div>\n\t\t\t\t\t<\/div>\n\t\t<\/section>\n\t\t\t\t<\/div>\n\t\t","protected":false},"excerpt":{"rendered":"<p>PCSC participa de workshop sobre novas ferramentas para monitoramento e combate a crimes relacionadas ao meio ambiente A Delegada de Pol\u00edcia Patr\u00edcia Fronza Vieira, titular da Delegacia de Investiga\u00e7\u00e3o de Crimes Ambientais (DCA\/DEIC), representou a PCSC no workshop Brasil MAIS, onde se discutiu a expans\u00e3o, desafios e fortalecimento do Programa para o SUSP (Sistema \u00danico [&hellip;]<\/p>\n","protected":false},"author":5,"featured_media":23348,"comment_status":"closed","ping_status":"open","sticky":false,"template":"","format":"standard","meta":{"_monsterinsights_skip_tracking":false,"_monsterinsights_sitenote_active":false,"_monsterinsights_sitenote_note":"","_monsterinsights_sitenote_category":0,"footnotes":""},"categories":[1],"tags":[],"class_list":["post-23347","post","type-post","status-publish","format-standard","has-post-thumbnail","hentry","category-sem-categoria"],"_links":{"self":[{"href":"https:\/\/pc.sc.gov.br\/index.php?rest_route=\/wp\/v2\/posts\/23347","targetHints":{"allow":["GET"]}}],"collection":[{"href":"https:\/\/pc.sc.gov.br\/index.php?rest_route=\/wp\/v2\/posts"}],"about":[{"href":"https:\/\/pc.sc.gov.br\/index.php?rest_route=\/wp\/v2\/types\/post"}],"author":[{"embeddable":true,"href":"https:\/\/pc.sc.gov.br\/index.php?rest_route=\/wp\/v2\/users\/5"}],"replies":[{"embeddable":true,"href":"https:\/\/pc.sc.gov.br\/index.php?rest_route=%2Fwp%2Fv2%2Fcomments&post=23347"}],"version-history":[{"count":3,"href":"https:\/\/pc.sc.gov.br\/index.php?rest_route=\/wp\/v2\/posts\/23347\/revisions"}],"predecessor-version":[{"id":23351,"href":"https:\/\/pc.sc.gov.br\/index.php?rest_route=\/wp\/v2\/posts\/23347\/revisions\/23351"}],"wp:featuredmedia":[{"embeddable":true,"href":"https:\/\/pc.sc.gov.br\/index.php?rest_route=\/wp\/v2\/media\/23348"}],"wp:attachment":[{"href":"https:\/\/pc.sc.gov.br\/index.php?rest_route=%2Fwp%2Fv2%2Fmedia&parent=23347"}],"wp:term":[{"taxonomy":"category","embeddable":true,"href":"https:\/\/pc.sc.gov.br\/index.php?rest_route=%2Fwp%2Fv2%2Fcategories&post=23347"},{"taxonomy":"post_tag","embeddable":true,"href":"https:\/\/pc.sc.gov.br\/index.php?rest_route=%2Fwp%2Fv2%2Ftags&post=23347"}],"curies":[{"name":"wp","href":"https:\/\/api.w.org\/{rel}","templated":true}]}}