{"id":23356,"date":"2024-09-12T13:54:20","date_gmt":"2024-09-12T16:54:20","guid":{"rendered":"https:\/\/pc.sc.gov.br\/?p=23356"},"modified":"2024-09-12T13:55:57","modified_gmt":"2024-09-12T16:55:57","slug":"sc-e-apontada-como-exemplo-para-o-brasil-por-presidente-do-conselho-nacional-dos-secretarios-de-seguranca-em-seminario-do-tce","status":"publish","type":"post","link":"https:\/\/pc.sc.gov.br\/?p=23356","title":{"rendered":"SC \u00e9 apontada como exemplo para o Brasil por presidente do Conselho Nacional dos Secret\u00e1rios de Seguran\u00e7a, em semin\u00e1rio do TCE"},"content":{"rendered":"\t\t<div data-elementor-type=\"wp-post\" data-elementor-id=\"23356\" class=\"elementor elementor-23356\" data-elementor-post-type=\"post\">\n\t\t\t\t\t\t<section class=\"elementor-section elementor-top-section elementor-element elementor-element-12afc59 elementor-section-boxed elementor-section-height-default elementor-section-height-default\" data-id=\"12afc59\" data-element_type=\"section\">\n\t\t\t\t\t\t<div class=\"elementor-container elementor-column-gap-default\">\n\t\t\t\t\t<div class=\"elementor-column elementor-col-100 elementor-top-column elementor-element elementor-element-7049d1e\" data-id=\"7049d1e\" data-element_type=\"column\">\n\t\t\t<div class=\"elementor-widget-wrap elementor-element-populated\">\n\t\t\t\t\t\t<div class=\"elementor-element elementor-element-aeb25ec elementor-widget elementor-widget-heading\" data-id=\"aeb25ec\" data-element_type=\"widget\" data-widget_type=\"heading.default\">\n\t\t\t\t<div class=\"elementor-widget-container\">\n\t\t\t\t\t<h2 class=\"elementor-heading-title elementor-size-default\">SC \u00e9 apontada como exemplo para o Brasil por presidente do Conselho Nacional dos Secret\u00e1rios de Seguran\u00e7a, em semin\u00e1rio do TCE<\/h2>\t\t\t\t<\/div>\n\t\t\t\t<\/div>\n\t\t\t\t\t<\/div>\n\t\t<\/div>\n\t\t\t\t\t<\/div>\n\t\t<\/section>\n\t\t\t\t<section class=\"elementor-section elementor-top-section elementor-element elementor-element-d9b1101 elementor-section-boxed elementor-section-height-default elementor-section-height-default\" data-id=\"d9b1101\" data-element_type=\"section\">\n\t\t\t\t\t\t<div class=\"elementor-container elementor-column-gap-default\">\n\t\t\t\t\t<div class=\"elementor-column elementor-col-100 elementor-top-column elementor-element elementor-element-79b24fb\" data-id=\"79b24fb\" data-element_type=\"column\">\n\t\t\t<div class=\"elementor-widget-wrap elementor-element-populated\">\n\t\t\t\t\t\t<div class=\"elementor-element elementor-element-9e3fd66 elementor-widget elementor-widget-image\" data-id=\"9e3fd66\" data-element_type=\"widget\" data-widget_type=\"image.default\">\n\t\t\t\t<div class=\"elementor-widget-container\">\n\t\t\t\t\t\t\t\t\t\t\t\t\t\t\t<img fetchpriority=\"high\" decoding=\"async\" width=\"696\" height=\"522\" src=\"https:\/\/pc.sc.gov.br\/\/wp-content\/uploads\/2024\/09\/ULISSES-TCE-1024x768.jpg\" class=\"attachment-large size-large wp-image-23357\" alt=\"\" srcset=\"https:\/\/pc.sc.gov.br\/\/wp-content\/uploads\/2024\/09\/ULISSES-TCE-1024x768.jpg 1024w, https:\/\/pc.sc.gov.br\/\/wp-content\/uploads\/2024\/09\/ULISSES-TCE-300x225.jpg 300w, https:\/\/pc.sc.gov.br\/\/wp-content\/uploads\/2024\/09\/ULISSES-TCE-768x576.jpg 768w, https:\/\/pc.sc.gov.br\/\/wp-content\/uploads\/2024\/09\/ULISSES-TCE.jpg 1500w\" sizes=\"(max-width: 696px) 100vw, 696px\" \/>\t\t\t\t\t\t\t\t\t\t\t\t\t\t\t<\/div>\n\t\t\t\t<\/div>\n\t\t\t\t\t<\/div>\n\t\t<\/div>\n\t\t\t\t\t<\/div>\n\t\t<\/section>\n\t\t\t\t<section class=\"elementor-section elementor-top-section elementor-element elementor-element-b01c5ab elementor-section-boxed elementor-section-height-default elementor-section-height-default\" data-id=\"b01c5ab\" data-element_type=\"section\">\n\t\t\t\t\t\t<div class=\"elementor-container elementor-column-gap-default\">\n\t\t\t\t\t<div class=\"elementor-column elementor-col-100 elementor-top-column elementor-element elementor-element-f4943eb\" data-id=\"f4943eb\" data-element_type=\"column\">\n\t\t\t<div class=\"elementor-widget-wrap elementor-element-populated\">\n\t\t\t\t\t\t<div class=\"elementor-element elementor-element-d14b5fd elementor-widget elementor-widget-text-editor\" data-id=\"d14b5fd\" data-element_type=\"widget\" data-widget_type=\"text-editor.default\">\n\t\t\t\t<div class=\"elementor-widget-container\">\n\t\t\t\t\t\t\t\t\t<p>Ao apontar Santa Catarina como o estado com os melhores \u00edndices e o grande exemplo para o Brasil, o presidente do Conselho Nacional dos Secret\u00e1rios de Seguran\u00e7a P\u00fablica (Consesp), Sandro Avelar, que \u00e9 o secret\u00e1rio de seguran\u00e7a do Distrito Federal, deu in\u00edcio \u00e0 palestra magna do semin\u00e1rio \u201cOs Desafios na Seguran\u00e7a P\u00fablica na Sociedade Contempor\u00e2nea. O evento come\u00e7ou nesta quinta-feira, 12, em Chapec\u00f3, no Oeste do Estado e re\u00fane especialistas em seguran\u00e7a p\u00fablica. O delegado-geral da Pol\u00edcia Civil de Santa Catarina, Ulisses Gabriel, participou da solenidade abertura e ser\u00e1 um dos palestrantes do evento.<\/p>\n<p>O presidente do Consesp fez uma abordagem geral do tema no pa\u00eds e afirmou que \u00e9 preciso desenvolver estrat\u00e9gias que diminuam a sensa\u00e7\u00e3o de inseguran\u00e7a da popula\u00e7\u00e3o brasileira. Ele defendeu o engajamento da sociedade civil e a participa\u00e7\u00e3o da imprensa na causa. Tamb\u00e9m defendeu que as armas restritas recolhidas pelo governo federal sejam destinadas \u00e0s policias em vez de serem destru\u00eddas.<\/p>\n<p>O semin\u00e1rio \u00e9 promovido pelo Tribunal de Contas de Santa Catarina (TCE\/SC) em parceria com a Secretaria de Estado da Seguran\u00e7a P\u00fablica de SC (SSP-SC) e apoio do Minist\u00e9rio P\u00fablico de SC.<\/p>\n<p>Na abertura, o presidente do TCE\/SC, Herneus De Nadal, pontuou a import\u00e2ncia da preven\u00e7\u00e3o na seguran\u00e7a p\u00fablica. \u201cAssumimos, al\u00e9m da nossa compet\u00eancia constitucional, tamb\u00e9m o papel preventivo e pedag\u00f3gico em rela\u00e7\u00e3o a atua\u00e7\u00e3o de pol\u00edticas p\u00fablicas, com a cria\u00e7\u00e3o de relatorias tem\u00e1ticas em temas sens\u00edveis para a sociedade, como \u00e9 o caso da seguran\u00e7a p\u00fablica. O TCE\/SC entende que \u00e9 o destinat\u00e1rio de boa parte da esperan\u00e7a dos cidad\u00e3os, que s\u00e3o o fruto do nosso trabalho e dedica\u00e7\u00e3o, declarou.<\/p>\n<p>Para o conselheiro do TCE\/SC, Aderson Flores, relator tem\u00e1tico da seguran\u00e7a p\u00fablica no TCE\/SC e mentor do semin\u00e1rio, a integra\u00e7\u00e3o das institui\u00e7\u00f5es \u00e9 mais eficiente quando h\u00e1 participa\u00e7\u00e3o da sociedade.<\/p>\n<p>Ainda na abertura, o secret\u00e1rio de Estado da Seguran\u00e7a P\u00fablica de Santa Catarina (SSP\/SC), coronel Fl\u00e1vio Graff, ressaltou a import\u00e2ncia da integra\u00e7\u00e3o entre as institui\u00e7\u00f5es e destacou a condi\u00e7\u00e3o do Estado no cen\u00e1rio nacional. \u201cSomos refer\u00eancia no pa\u00eds, o Estado mais seguro do pa\u00eds. A realiza\u00e7\u00e3o deste semin\u00e1rio mostra que estamos preocupados em n\u00e3o baixar a guarda, em identificarmos pontos de melhoria e aperfei\u00e7oamento\u201d.<\/p>\n<p>Ao todo, cinco pain\u00e9is e uma palestra abordam temas como seguran\u00e7a nas escolas, viol\u00eancia contra a mulher, momentos de crise, desafios e reflexo da pol\u00edtica estadual junto aos munic\u00edpios.O evento prossegue na tarde desta quinta-feira com a participa\u00e7\u00e3o da vice-governadora Marilisa Boehm. Os trabalhos seguir\u00e3o at\u00e9 sexta-feira.<\/p>\n<p><span style=\"font-family: var( --e-global-typography-text-font-family ), Sans-serif; font-size: var( --e-global-typography-text-font-size );\">Tamb\u00e9m participaram do semin\u00e1rio pela manh\u00e3 o comandante-geral da Pol\u00edcia Militar de SC, coronel Aur\u00e9lio Pelozato; o delegado-geral da Pol\u00edcia Civil, Ulisses Gabriel; o comandante-geral do Corpo de Bombeiros Militar de SC, coronel Fabiano Bastos das Neves; o subprocurador-geral de Justi\u00e7a, Paulo Locatelli; o presidente do Conselho Municipal de Seguran\u00e7a de Chapec\u00f3, M\u00e1rcio Bueno; a procuradora-geral adjunta do Minist\u00e9rio P\u00fablico junto ao TCE\/SC, Cibelly Farias, o conselheiro do Tribunal de Contas do Rio Grande do Sul \u00c9dson Brum, entre outras autoridades, convidados e participantes.<\/span><\/p>\n<p>(Com informa\u00e7\u00f5es da Assessoria de Comunica\u00e7\u00e3o do TCE\/SC e da SSP)<\/p>\t\t\t\t\t\t\t\t<\/div>\n\t\t\t\t<\/div>\n\t\t\t\t\t<\/div>\n\t\t<\/div>\n\t\t\t\t\t<\/div>\n\t\t<\/section>\n\t\t\t\t<\/div>\n\t\t","protected":false},"excerpt":{"rendered":"<p>SC \u00e9 apontada como exemplo para o Brasil por presidente do Conselho Nacional dos Secret\u00e1rios de Seguran\u00e7a, em semin\u00e1rio do TCE Ao apontar Santa Catarina como o estado com os melhores \u00edndices e o grande exemplo para o Brasil, o presidente do Conselho Nacional dos Secret\u00e1rios de Seguran\u00e7a P\u00fablica (Consesp), Sandro Avelar, que \u00e9 o [&hellip;]<\/p>\n","protected":false},"author":5,"featured_media":23357,"comment_status":"closed","ping_status":"open","sticky":false,"template":"","format":"standard","meta":{"_monsterinsights_skip_tracking":false,"_monsterinsights_sitenote_active":false,"_monsterinsights_sitenote_note":"","_monsterinsights_sitenote_category":0,"footnotes":""},"categories":[1],"tags":[],"class_list":["post-23356","post","type-post","status-publish","format-standard","has-post-thumbnail","hentry","category-sem-categoria"],"_links":{"self":[{"href":"https:\/\/pc.sc.gov.br\/index.php?rest_route=\/wp\/v2\/posts\/23356","targetHints":{"allow":["GET"]}}],"collection":[{"href":"https:\/\/pc.sc.gov.br\/index.php?rest_route=\/wp\/v2\/posts"}],"about":[{"href":"https:\/\/pc.sc.gov.br\/index.php?rest_route=\/wp\/v2\/types\/post"}],"author":[{"embeddable":true,"href":"https:\/\/pc.sc.gov.br\/index.php?rest_route=\/wp\/v2\/users\/5"}],"replies":[{"embeddable":true,"href":"https:\/\/pc.sc.gov.br\/index.php?rest_route=%2Fwp%2Fv2%2Fcomments&post=23356"}],"version-history":[{"count":3,"href":"https:\/\/pc.sc.gov.br\/index.php?rest_route=\/wp\/v2\/posts\/23356\/revisions"}],"predecessor-version":[{"id":23360,"href":"https:\/\/pc.sc.gov.br\/index.php?rest_route=\/wp\/v2\/posts\/23356\/revisions\/23360"}],"wp:featuredmedia":[{"embeddable":true,"href":"https:\/\/pc.sc.gov.br\/index.php?rest_route=\/wp\/v2\/media\/23357"}],"wp:attachment":[{"href":"https:\/\/pc.sc.gov.br\/index.php?rest_route=%2Fwp%2Fv2%2Fmedia&parent=23356"}],"wp:term":[{"taxonomy":"category","embeddable":true,"href":"https:\/\/pc.sc.gov.br\/index.php?rest_route=%2Fwp%2Fv2%2Fcategories&post=23356"},{"taxonomy":"post_tag","embeddable":true,"href":"https:\/\/pc.sc.gov.br\/index.php?rest_route=%2Fwp%2Fv2%2Ftags&post=23356"}],"curies":[{"name":"wp","href":"https:\/\/api.w.org\/{rel}","templated":true}]}}