{"id":23371,"date":"2024-09-12T14:56:12","date_gmt":"2024-09-12T17:56:12","guid":{"rendered":"https:\/\/pc.sc.gov.br\/?p=23371"},"modified":"2024-09-12T14:57:53","modified_gmt":"2024-09-12T17:57:53","slug":"pcsc-recupera-tres-notebooks-furtados-de-loja-no-centro-da-capital","status":"publish","type":"post","link":"https:\/\/pc.sc.gov.br\/?p=23371","title":{"rendered":"PCSC recupera tr\u00eas notebooks furtados de loja no Centro da Capital"},"content":{"rendered":"\t\t<div data-elementor-type=\"wp-post\" data-elementor-id=\"23371\" class=\"elementor elementor-23371\" data-elementor-post-type=\"post\">\n\t\t\t\t\t\t<section class=\"elementor-section elementor-top-section elementor-element elementor-element-295ca24 elementor-section-boxed elementor-section-height-default elementor-section-height-default\" data-id=\"295ca24\" data-element_type=\"section\">\n\t\t\t\t\t\t<div class=\"elementor-container elementor-column-gap-default\">\n\t\t\t\t\t<div class=\"elementor-column elementor-col-100 elementor-top-column elementor-element elementor-element-0c5917b\" data-id=\"0c5917b\" data-element_type=\"column\">\n\t\t\t<div class=\"elementor-widget-wrap elementor-element-populated\">\n\t\t\t\t\t\t<div class=\"elementor-element elementor-element-b774192 elementor-widget elementor-widget-heading\" data-id=\"b774192\" data-element_type=\"widget\" data-widget_type=\"heading.default\">\n\t\t\t\t<div class=\"elementor-widget-container\">\n\t\t\t\t\t<h2 class=\"elementor-heading-title elementor-size-default\">PCSC recupera tr\u00eas notebooks furtados de loja no Centro da Capital<\/h2>\t\t\t\t<\/div>\n\t\t\t\t<\/div>\n\t\t\t\t\t<\/div>\n\t\t<\/div>\n\t\t\t\t\t<\/div>\n\t\t<\/section>\n\t\t\t\t<section class=\"elementor-section elementor-top-section elementor-element elementor-element-b9e813d elementor-section-boxed elementor-section-height-default elementor-section-height-default\" data-id=\"b9e813d\" data-element_type=\"section\">\n\t\t\t\t\t\t<div class=\"elementor-container elementor-column-gap-default\">\n\t\t\t\t\t<div class=\"elementor-column elementor-col-100 elementor-top-column elementor-element elementor-element-ad271fe\" data-id=\"ad271fe\" data-element_type=\"column\">\n\t\t\t<div class=\"elementor-widget-wrap elementor-element-populated\">\n\t\t\t\t\t\t<div class=\"elementor-element elementor-element-b686041 elementor-widget elementor-widget-image\" data-id=\"b686041\" data-element_type=\"widget\" data-widget_type=\"image.default\">\n\t\t\t\t<div class=\"elementor-widget-container\">\n\t\t\t\t\t\t\t\t\t\t\t\t\t\t\t<img fetchpriority=\"high\" decoding=\"async\" width=\"696\" height=\"367\" src=\"https:\/\/pc.sc.gov.br\/\/wp-content\/uploads\/2024\/09\/e14a1357-22e4-43a8-a4a5-1e7a94379337-fotor-20240912144212-1024x540.jpg\" class=\"attachment-large size-large wp-image-23364\" alt=\"\" srcset=\"https:\/\/pc.sc.gov.br\/\/wp-content\/uploads\/2024\/09\/e14a1357-22e4-43a8-a4a5-1e7a94379337-fotor-20240912144212-1024x540.jpg 1024w, https:\/\/pc.sc.gov.br\/\/wp-content\/uploads\/2024\/09\/e14a1357-22e4-43a8-a4a5-1e7a94379337-fotor-20240912144212-300x158.jpg 300w, https:\/\/pc.sc.gov.br\/\/wp-content\/uploads\/2024\/09\/e14a1357-22e4-43a8-a4a5-1e7a94379337-fotor-20240912144212-768x405.jpg 768w, https:\/\/pc.sc.gov.br\/\/wp-content\/uploads\/2024\/09\/e14a1357-22e4-43a8-a4a5-1e7a94379337-fotor-20240912144212.jpg 1520w\" sizes=\"(max-width: 696px) 100vw, 696px\" \/>\t\t\t\t\t\t\t\t\t\t\t\t\t\t\t<\/div>\n\t\t\t\t<\/div>\n\t\t\t\t\t<\/div>\n\t\t<\/div>\n\t\t\t\t\t<\/div>\n\t\t<\/section>\n\t\t\t\t<section class=\"elementor-section elementor-top-section elementor-element elementor-element-f716198 elementor-section-boxed elementor-section-height-default elementor-section-height-default\" data-id=\"f716198\" data-element_type=\"section\">\n\t\t\t\t\t\t<div class=\"elementor-container elementor-column-gap-default\">\n\t\t\t\t\t<div class=\"elementor-column elementor-col-100 elementor-top-column elementor-element elementor-element-dfbc211\" data-id=\"dfbc211\" data-element_type=\"column\">\n\t\t\t<div class=\"elementor-widget-wrap elementor-element-populated\">\n\t\t\t\t\t\t<div class=\"elementor-element elementor-element-22399d3 elementor-widget elementor-widget-text-editor\" data-id=\"22399d3\" data-element_type=\"widget\" data-widget_type=\"text-editor.default\">\n\t\t\t\t<div class=\"elementor-widget-container\">\n\t\t\t\t\t\t\t\t\t<p>A Pol\u00edcia Civil de Santa Catarina, por meio da 1\u00aa Delegacia da Capital, em cumprimento a mandado de busca e apreens\u00e3o, recuperou na ter\u00e7a-feira, 10, tr\u00eas de um total de cinco notebooks furtados de um estabelecimento comercial, localizado no Centro da Capital. Durante as dilig\u00eancias no bairro Canasvieiras, a equipe da 1\u00aa DPCap identificou o autor do crime e recuperou um dos objetos furtados.\u00a0\u00a0<\/p><p>Em continuidade \u00e0 investiga\u00e7\u00e3o os policiais da 1\u00aa DECap conseguiram localizar mais dois notebooks vinculados ao mesmo furto. A a\u00e7\u00e3o reafirma o compromisso da 1\u00aa Delegacia de Pol\u00edcia da Capital com a seguran\u00e7a e a restitui\u00e7\u00e3o dos bens \u00e0 sociedade.<\/p>\t\t\t\t\t\t\t\t<\/div>\n\t\t\t\t<\/div>\n\t\t\t\t\t<\/div>\n\t\t<\/div>\n\t\t\t\t\t<\/div>\n\t\t<\/section>\n\t\t\t\t<\/div>\n\t\t","protected":false},"excerpt":{"rendered":"<p>PCSC recupera tr\u00eas notebooks furtados de loja no Centro da Capital A Pol\u00edcia Civil de Santa Catarina, por meio da 1\u00aa Delegacia da Capital, em cumprimento a mandado de busca e apreens\u00e3o, recuperou na ter\u00e7a-feira, 10, tr\u00eas de um total de cinco notebooks furtados de um estabelecimento comercial, localizado no Centro da Capital. Durante as [&hellip;]<\/p>\n","protected":false},"author":5,"featured_media":23364,"comment_status":"closed","ping_status":"open","sticky":false,"template":"","format":"standard","meta":{"_monsterinsights_skip_tracking":false,"_monsterinsights_sitenote_active":false,"_monsterinsights_sitenote_note":"","_monsterinsights_sitenote_category":0,"footnotes":""},"categories":[1],"tags":[],"class_list":["post-23371","post","type-post","status-publish","format-standard","has-post-thumbnail","hentry","category-sem-categoria"],"_links":{"self":[{"href":"https:\/\/pc.sc.gov.br\/index.php?rest_route=\/wp\/v2\/posts\/23371","targetHints":{"allow":["GET"]}}],"collection":[{"href":"https:\/\/pc.sc.gov.br\/index.php?rest_route=\/wp\/v2\/posts"}],"about":[{"href":"https:\/\/pc.sc.gov.br\/index.php?rest_route=\/wp\/v2\/types\/post"}],"author":[{"embeddable":true,"href":"https:\/\/pc.sc.gov.br\/index.php?rest_route=\/wp\/v2\/users\/5"}],"replies":[{"embeddable":true,"href":"https:\/\/pc.sc.gov.br\/index.php?rest_route=%2Fwp%2Fv2%2Fcomments&post=23371"}],"version-history":[{"count":3,"href":"https:\/\/pc.sc.gov.br\/index.php?rest_route=\/wp\/v2\/posts\/23371\/revisions"}],"predecessor-version":[{"id":23374,"href":"https:\/\/pc.sc.gov.br\/index.php?rest_route=\/wp\/v2\/posts\/23371\/revisions\/23374"}],"wp:featuredmedia":[{"embeddable":true,"href":"https:\/\/pc.sc.gov.br\/index.php?rest_route=\/wp\/v2\/media\/23364"}],"wp:attachment":[{"href":"https:\/\/pc.sc.gov.br\/index.php?rest_route=%2Fwp%2Fv2%2Fmedia&parent=23371"}],"wp:term":[{"taxonomy":"category","embeddable":true,"href":"https:\/\/pc.sc.gov.br\/index.php?rest_route=%2Fwp%2Fv2%2Fcategories&post=23371"},{"taxonomy":"post_tag","embeddable":true,"href":"https:\/\/pc.sc.gov.br\/index.php?rest_route=%2Fwp%2Fv2%2Ftags&post=23371"}],"curies":[{"name":"wp","href":"https:\/\/api.w.org\/{rel}","templated":true}]}}