{"id":23375,"date":"2024-09-12T15:33:31","date_gmt":"2024-09-12T18:33:31","guid":{"rendered":"https:\/\/pc.sc.gov.br\/?p=23375"},"modified":"2024-09-12T15:35:03","modified_gmt":"2024-09-12T18:35:03","slug":"delegacia-de-protecao-animal-da-capital-prende-homem-que-teria-matado-cachorro-no-rio-vermelho-por-posse-irregular-de-arma-de-fogo","status":"publish","type":"post","link":"https:\/\/pc.sc.gov.br\/?p=23375","title":{"rendered":"Delegacia de Prote\u00e7\u00e3o Animal da Capital prende homem que teria matado cachorro no Rio Vermelho por posse irregular de arma de fogo"},"content":{"rendered":"\t\t<div data-elementor-type=\"wp-post\" data-elementor-id=\"23375\" class=\"elementor elementor-23375\" data-elementor-post-type=\"post\">\n\t\t\t\t\t\t<section class=\"elementor-section elementor-top-section elementor-element elementor-element-4f30b96 elementor-section-boxed elementor-section-height-default elementor-section-height-default\" data-id=\"4f30b96\" data-element_type=\"section\">\n\t\t\t\t\t\t<div class=\"elementor-container elementor-column-gap-default\">\n\t\t\t\t\t<div class=\"elementor-column elementor-col-100 elementor-top-column elementor-element elementor-element-8e66abf\" data-id=\"8e66abf\" data-element_type=\"column\">\n\t\t\t<div class=\"elementor-widget-wrap elementor-element-populated\">\n\t\t\t\t\t\t<div class=\"elementor-element elementor-element-74a81e1 elementor-widget elementor-widget-heading\" data-id=\"74a81e1\" data-element_type=\"widget\" data-widget_type=\"heading.default\">\n\t\t\t\t<div class=\"elementor-widget-container\">\n\t\t\t\t\t<h2 class=\"elementor-heading-title elementor-size-default\">Delegacia de Prote\u00e7\u00e3o Animal da Capital prende homem que teria matado cachorro no Rio Vermelho por posse irregular de arma de fogo<\/h2>\t\t\t\t<\/div>\n\t\t\t\t<\/div>\n\t\t\t\t\t<\/div>\n\t\t<\/div>\n\t\t\t\t\t<\/div>\n\t\t<\/section>\n\t\t\t\t<section class=\"elementor-section elementor-top-section elementor-element elementor-element-5bcb3ff elementor-section-boxed elementor-section-height-default elementor-section-height-default\" data-id=\"5bcb3ff\" data-element_type=\"section\">\n\t\t\t\t\t\t<div class=\"elementor-container elementor-column-gap-default\">\n\t\t\t\t\t<div class=\"elementor-column elementor-col-100 elementor-top-column elementor-element elementor-element-08b46b0\" data-id=\"08b46b0\" data-element_type=\"column\">\n\t\t\t<div class=\"elementor-widget-wrap elementor-element-populated\">\n\t\t\t\t\t\t<div class=\"elementor-element elementor-element-1fa5cf4 elementor-widget elementor-widget-image\" data-id=\"1fa5cf4\" data-element_type=\"widget\" data-widget_type=\"image.default\">\n\t\t\t\t<div class=\"elementor-widget-container\">\n\t\t\t\t\t\t\t\t\t\t\t\t\t\t\t<img fetchpriority=\"high\" decoding=\"async\" width=\"696\" height=\"928\" src=\"https:\/\/pc.sc.gov.br\/\/wp-content\/uploads\/2024\/09\/WhatsApp-Image-2024-09-12-at-14.01.12-1-768x1024.jpeg\" class=\"attachment-large size-large wp-image-23376\" alt=\"\" srcset=\"https:\/\/pc.sc.gov.br\/\/wp-content\/uploads\/2024\/09\/WhatsApp-Image-2024-09-12-at-14.01.12-1-768x1024.jpeg 768w, https:\/\/pc.sc.gov.br\/\/wp-content\/uploads\/2024\/09\/WhatsApp-Image-2024-09-12-at-14.01.12-1-225x300.jpeg 225w, https:\/\/pc.sc.gov.br\/\/wp-content\/uploads\/2024\/09\/WhatsApp-Image-2024-09-12-at-14.01.12-1.jpeg 960w\" sizes=\"(max-width: 696px) 100vw, 696px\" \/>\t\t\t\t\t\t\t\t\t\t\t\t\t\t\t<\/div>\n\t\t\t\t<\/div>\n\t\t\t\t\t<\/div>\n\t\t<\/div>\n\t\t\t\t\t<\/div>\n\t\t<\/section>\n\t\t\t\t<section class=\"elementor-section elementor-top-section elementor-element elementor-element-d2422f0 elementor-section-boxed elementor-section-height-default elementor-section-height-default\" data-id=\"d2422f0\" data-element_type=\"section\">\n\t\t\t\t\t\t<div class=\"elementor-container elementor-column-gap-default\">\n\t\t\t\t\t<div class=\"elementor-column elementor-col-100 elementor-top-column elementor-element elementor-element-c788840\" data-id=\"c788840\" data-element_type=\"column\">\n\t\t\t<div class=\"elementor-widget-wrap elementor-element-populated\">\n\t\t\t\t\t\t<div class=\"elementor-element elementor-element-02ae1e4 elementor-widget elementor-widget-text-editor\" data-id=\"02ae1e4\" data-element_type=\"widget\" data-widget_type=\"text-editor.default\">\n\t\t\t\t<div class=\"elementor-widget-container\">\n\t\t\t\t\t\t\t\t\t<p>A Pol\u00edcia Civil de Santa Catarina, por meio da Delegacia de Prote\u00e7\u00e3o Animal do Departamento de Investiga\u00e7\u00e3o Criminal da Capital (DPA\/DIC), em meio \u00e0 investiga\u00e7\u00e3o de crime de maus-tratos qualificado contra c\u00e3o majorado pela morte do animal por disparo de arma de fogo, cumpriu mandado de busca e apreens\u00e3o e prendeu o suspeito em flagrante pelo crime de posse irregular de arma de fogo e de muni\u00e7\u00f5es, em camping no bairro Rio Vermelho, em Florian\u00f3polis.<\/p>\n<p><b>Entenda o caso<\/b><\/p>\n<p>&nbsp;A Pol\u00edcia Civil recebeu den\u00fancia an\u00f4nima noticiando que um c\u00e3o comunit\u00e1rio havia sido alvejado nas depend\u00eancias de um \u201ccamping\u201d, no norte da ilha. O animal n\u00e3o resistiu, foi encaminhado \u00e0 Pol\u00edcia Cient\u00edfica e a per\u00edcia confirmou a morte decorrente de disparo de arma de fogo, cujo proj\u00e9til fora extra\u00eddo do corpo do can\u00eddeo.<\/p>\n<p>Instaurou-se inqu\u00e9rito policial e, mediante dilig\u00eancias de investiga\u00e7\u00e3o, obtiveram-se informa\u00e7\u00f5es de que o suspeito, na data dos fatos, estava ingerindo bebida alco\u00f3lica e fazendo um churrasco no seu motor home. Incomodado com um c\u00e3o comunit\u00e1rio ao redor, disparou contra o animal e, ato cont\u00ednuo, retornou para sua cidade (S\u00e3o Paulo\/SP).<\/p>\n<p>A autoridade policial representou por mandado de busca e apreens\u00e3o no motor home e ve\u00edculo do investigado, bem como a equipe de investiga\u00e7\u00e3o permaneceu monitorando o suspeito para cumprir a dilig\u00eancia quando o homem retornasse ao camping, o que aconteceu nesta data, com a apreens\u00e3o de um rev\u00f3lver calibre .38 SPL, mesmo do proj\u00e9til extra\u00eddo do corpo do animal.<\/p>\n<p>Formalizado o procedimento criminal na Central de Plant\u00e3o Policial da Capital, houve o devido encaminhamento ao Poder Judici\u00e1rio.<\/p>\t\t\t\t\t\t\t\t<\/div>\n\t\t\t\t<\/div>\n\t\t\t\t\t<\/div>\n\t\t<\/div>\n\t\t\t\t\t<\/div>\n\t\t<\/section>\n\t\t\t\t<section class=\"elementor-section elementor-top-section elementor-element elementor-element-6b74f84 elementor-section-boxed elementor-section-height-default elementor-section-height-default\" data-id=\"6b74f84\" data-element_type=\"section\">\n\t\t\t\t\t\t<div class=\"elementor-container elementor-column-gap-default\">\n\t\t\t\t\t<div class=\"elementor-column elementor-col-100 elementor-top-column elementor-element elementor-element-dfafb1f\" data-id=\"dfafb1f\" data-element_type=\"column\">\n\t\t\t<div class=\"elementor-widget-wrap elementor-element-populated\">\n\t\t\t\t\t\t<div class=\"elementor-element elementor-element-e965699 elementor-widget elementor-widget-image\" data-id=\"e965699\" data-element_type=\"widget\" data-widget_type=\"image.default\">\n\t\t\t\t<div class=\"elementor-widget-container\">\n\t\t\t\t\t\t\t\t\t\t\t\t\t\t\t<img decoding=\"async\" width=\"461\" height=\"1024\" src=\"https:\/\/pc.sc.gov.br\/\/wp-content\/uploads\/2024\/09\/WhatsApp-Image-2024-09-12-at-14.01.12-461x1024.jpeg\" class=\"attachment-large size-large wp-image-23377\" alt=\"\" srcset=\"https:\/\/pc.sc.gov.br\/\/wp-content\/uploads\/2024\/09\/WhatsApp-Image-2024-09-12-at-14.01.12-461x1024.jpeg 461w, https:\/\/pc.sc.gov.br\/\/wp-content\/uploads\/2024\/09\/WhatsApp-Image-2024-09-12-at-14.01.12-135x300.jpeg 135w, https:\/\/pc.sc.gov.br\/\/wp-content\/uploads\/2024\/09\/WhatsApp-Image-2024-09-12-at-14.01.12.jpeg 576w\" sizes=\"(max-width: 461px) 100vw, 461px\" \/>\t\t\t\t\t\t\t\t\t\t\t\t\t\t\t<\/div>\n\t\t\t\t<\/div>\n\t\t\t\t\t<\/div>\n\t\t<\/div>\n\t\t\t\t\t<\/div>\n\t\t<\/section>\n\t\t\t\t<\/div>\n\t\t","protected":false},"excerpt":{"rendered":"<p>Delegacia de Prote\u00e7\u00e3o Animal da Capital prende homem que teria matado cachorro no Rio Vermelho por posse irregular de arma de fogo A Pol\u00edcia Civil de Santa Catarina, por meio da Delegacia de Prote\u00e7\u00e3o Animal do Departamento de Investiga\u00e7\u00e3o Criminal da Capital (DPA\/DIC), em meio \u00e0 investiga\u00e7\u00e3o de crime de maus-tratos qualificado contra c\u00e3o majorado [&hellip;]<\/p>\n","protected":false},"author":5,"featured_media":23376,"comment_status":"closed","ping_status":"open","sticky":false,"template":"","format":"standard","meta":{"_monsterinsights_skip_tracking":false,"_monsterinsights_sitenote_active":false,"_monsterinsights_sitenote_note":"","_monsterinsights_sitenote_category":0,"footnotes":""},"categories":[1],"tags":[],"class_list":["post-23375","post","type-post","status-publish","format-standard","has-post-thumbnail","hentry","category-sem-categoria"],"_links":{"self":[{"href":"https:\/\/pc.sc.gov.br\/index.php?rest_route=\/wp\/v2\/posts\/23375","targetHints":{"allow":["GET"]}}],"collection":[{"href":"https:\/\/pc.sc.gov.br\/index.php?rest_route=\/wp\/v2\/posts"}],"about":[{"href":"https:\/\/pc.sc.gov.br\/index.php?rest_route=\/wp\/v2\/types\/post"}],"author":[{"embeddable":true,"href":"https:\/\/pc.sc.gov.br\/index.php?rest_route=\/wp\/v2\/users\/5"}],"replies":[{"embeddable":true,"href":"https:\/\/pc.sc.gov.br\/index.php?rest_route=%2Fwp%2Fv2%2Fcomments&post=23375"}],"version-history":[{"count":4,"href":"https:\/\/pc.sc.gov.br\/index.php?rest_route=\/wp\/v2\/posts\/23375\/revisions"}],"predecessor-version":[{"id":23381,"href":"https:\/\/pc.sc.gov.br\/index.php?rest_route=\/wp\/v2\/posts\/23375\/revisions\/23381"}],"wp:featuredmedia":[{"embeddable":true,"href":"https:\/\/pc.sc.gov.br\/index.php?rest_route=\/wp\/v2\/media\/23376"}],"wp:attachment":[{"href":"https:\/\/pc.sc.gov.br\/index.php?rest_route=%2Fwp%2Fv2%2Fmedia&parent=23375"}],"wp:term":[{"taxonomy":"category","embeddable":true,"href":"https:\/\/pc.sc.gov.br\/index.php?rest_route=%2Fwp%2Fv2%2Fcategories&post=23375"},{"taxonomy":"post_tag","embeddable":true,"href":"https:\/\/pc.sc.gov.br\/index.php?rest_route=%2Fwp%2Fv2%2Ftags&post=23375"}],"curies":[{"name":"wp","href":"https:\/\/api.w.org\/{rel}","templated":true}]}}