{"id":23382,"date":"2024-09-12T15:52:35","date_gmt":"2024-09-12T18:52:35","guid":{"rendered":"https:\/\/pc.sc.gov.br\/?p=23382"},"modified":"2024-09-12T16:04:49","modified_gmt":"2024-09-12T19:04:49","slug":"draco-deic-prende-membro-de-organizacao-criminosa-gaucha-em-florianopolis","status":"publish","type":"post","link":"https:\/\/pc.sc.gov.br\/?p=23382","title":{"rendered":"DRACO\/DEIC prende membro de organiza\u00e7\u00e3o criminosa ga\u00facha em Florian\u00f3polis"},"content":{"rendered":"\t\t<div data-elementor-type=\"wp-post\" data-elementor-id=\"23382\" class=\"elementor elementor-23382\" data-elementor-post-type=\"post\">\n\t\t\t\t\t\t<section class=\"elementor-section elementor-top-section elementor-element elementor-element-4dfd7a3 elementor-section-boxed elementor-section-height-default elementor-section-height-default\" data-id=\"4dfd7a3\" data-element_type=\"section\">\n\t\t\t\t\t\t<div class=\"elementor-container elementor-column-gap-default\">\n\t\t\t\t\t<div class=\"elementor-column elementor-col-100 elementor-top-column elementor-element elementor-element-9dd9748\" data-id=\"9dd9748\" data-element_type=\"column\">\n\t\t\t<div class=\"elementor-widget-wrap elementor-element-populated\">\n\t\t\t\t\t\t<div class=\"elementor-element elementor-element-207e5e8 elementor-widget elementor-widget-heading\" data-id=\"207e5e8\" data-element_type=\"widget\" data-widget_type=\"heading.default\">\n\t\t\t\t<div class=\"elementor-widget-container\">\n\t\t\t\t\t<h2 class=\"elementor-heading-title elementor-size-default\">equipe da DRACO\/DEIC prende membro de organiza\u00e7\u00e3o criminosa ga\u00facha, em Florian\u00f3polis<\/h2>\t\t\t\t<\/div>\n\t\t\t\t<\/div>\n\t\t\t\t\t<\/div>\n\t\t<\/div>\n\t\t\t\t\t<\/div>\n\t\t<\/section>\n\t\t\t\t<section class=\"elementor-section elementor-top-section elementor-element elementor-element-08ecf17 elementor-section-boxed elementor-section-height-default elementor-section-height-default\" data-id=\"08ecf17\" data-element_type=\"section\">\n\t\t\t\t\t\t<div class=\"elementor-container elementor-column-gap-default\">\n\t\t\t\t\t<div class=\"elementor-column elementor-col-100 elementor-top-column elementor-element elementor-element-44f479b\" data-id=\"44f479b\" data-element_type=\"column\">\n\t\t\t<div class=\"elementor-widget-wrap elementor-element-populated\">\n\t\t\t\t\t\t<div class=\"elementor-element elementor-element-70c3bd5 elementor-widget elementor-widget-image\" data-id=\"70c3bd5\" data-element_type=\"widget\" data-widget_type=\"image.default\">\n\t\t\t\t<div class=\"elementor-widget-container\">\n\t\t\t\t\t\t\t\t\t\t\t\t\t\t\t<img fetchpriority=\"high\" decoding=\"async\" width=\"696\" height=\"375\" src=\"https:\/\/pc.sc.gov.br\/\/wp-content\/uploads\/2024\/09\/49687924-ef11-40ac-9805-4043c3777214-fotor-20240912155152.jpg\" class=\"attachment-large size-large wp-image-23383\" alt=\"\" srcset=\"https:\/\/pc.sc.gov.br\/\/wp-content\/uploads\/2024\/09\/49687924-ef11-40ac-9805-4043c3777214-fotor-20240912155152.jpg 973w, https:\/\/pc.sc.gov.br\/\/wp-content\/uploads\/2024\/09\/49687924-ef11-40ac-9805-4043c3777214-fotor-20240912155152-300x162.jpg 300w, https:\/\/pc.sc.gov.br\/\/wp-content\/uploads\/2024\/09\/49687924-ef11-40ac-9805-4043c3777214-fotor-20240912155152-768x414.jpg 768w\" sizes=\"(max-width: 696px) 100vw, 696px\" \/>\t\t\t\t\t\t\t\t\t\t\t\t\t\t\t<\/div>\n\t\t\t\t<\/div>\n\t\t\t\t\t<\/div>\n\t\t<\/div>\n\t\t\t\t\t<\/div>\n\t\t<\/section>\n\t\t\t\t<section class=\"elementor-section elementor-top-section elementor-element elementor-element-33e30bb elementor-section-boxed elementor-section-height-default elementor-section-height-default\" data-id=\"33e30bb\" data-element_type=\"section\">\n\t\t\t\t\t\t<div class=\"elementor-container elementor-column-gap-default\">\n\t\t\t\t\t<div class=\"elementor-column elementor-col-100 elementor-top-column elementor-element elementor-element-12c8366\" data-id=\"12c8366\" data-element_type=\"column\">\n\t\t\t<div class=\"elementor-widget-wrap elementor-element-populated\">\n\t\t\t\t\t\t<div class=\"elementor-element elementor-element-576bcf6 elementor-widget elementor-widget-text-editor\" data-id=\"576bcf6\" data-element_type=\"widget\" data-widget_type=\"text-editor.default\">\n\t\t\t\t<div class=\"elementor-widget-container\">\n\t\t\t\t\t\t\t\t\t<p><span style=\"font-family: var( --e-global-typography-text-font-family ), Sans-serif; font-size: var( --e-global-typography-text-font-size );\">A <\/span><span style=\"font-family: var( --e-global-typography-text-font-family ), Sans-serif; font-size: var( --e-global-typography-text-font-size );\">Policia Civil de Santa Catarina, por meio da Delegacia de Repress\u00e3o ao Crime Organizado (DRACO\/DEIC) nessa quinta-feira, 12, cumpriu 1 mandado de busca e apreens\u00e3o e 1 de pris\u00e3o preventiva em desfavor de integrante de organiza\u00e7\u00e3o criminosa gaucha, no bairro Rio Tavares, em Florian\u00f3polis, em apoio a DRACO de Bag\u00e9 (RS).<\/span><\/p>\n<p>Ap\u00f3s investiga\u00e7\u00f5es da DRACO da cidade de Bag\u00e9, a equipe da DRACO\/DEIC auxiliou nos levantamentos e demais dilig\u00eancias aqui em Santa Catarina para poder identificar o paradeiro do investigado, um homem com diversas passagens policiais. As investiga\u00e7\u00f5es policiais indicam que ele como o respons\u00e1vel pelo paiol da organiza\u00e7\u00e3o criminosa ga\u00facha. Ele estava escondido em Santa Catarina ap\u00f3s a apreens\u00e3o de diversas armas de fogo, em sua resid\u00eancia, localizada no RS.<\/p>\n<p>Dessa forma, nesta quinta-feira, as duas equipes deram cumprimento de mandado de busca em uma resid\u00eancia no bairro Rio Tavares, encontrando e prendendo o membro de organiza\u00e7\u00e3o criminosa. Ap\u00f3s a pris\u00e3o, o homem foi encaminhado para audi\u00eancia de cust\u00f3dia e posterior ao sistema prisional.<\/p>\n<p>A DRACO\/DEIC refor\u00e7a seu compromisso em combater as organiza\u00e7\u00f5es criminosas que atuam no estado.&nbsp;<\/p>\t\t\t\t\t\t\t\t<\/div>\n\t\t\t\t<\/div>\n\t\t\t\t\t<\/div>\n\t\t<\/div>\n\t\t\t\t\t<\/div>\n\t\t<\/section>\n\t\t\t\t<\/div>\n\t\t","protected":false},"excerpt":{"rendered":"<p>equipe da DRACO\/DEIC prende membro de organiza\u00e7\u00e3o criminosa ga\u00facha, em Florian\u00f3polis A Policia Civil de Santa Catarina, por meio da Delegacia de Repress\u00e3o ao Crime Organizado (DRACO\/DEIC) nessa quinta-feira, 12, cumpriu 1 mandado de busca e apreens\u00e3o e 1 de pris\u00e3o preventiva em desfavor de integrante de organiza\u00e7\u00e3o criminosa gaucha, no bairro Rio Tavares, em [&hellip;]<\/p>\n","protected":false},"author":5,"featured_media":23383,"comment_status":"closed","ping_status":"open","sticky":false,"template":"","format":"standard","meta":{"_monsterinsights_skip_tracking":false,"_monsterinsights_sitenote_active":false,"_monsterinsights_sitenote_note":"","_monsterinsights_sitenote_category":0,"footnotes":""},"categories":[1],"tags":[],"class_list":["post-23382","post","type-post","status-publish","format-standard","has-post-thumbnail","hentry","category-sem-categoria"],"_links":{"self":[{"href":"https:\/\/pc.sc.gov.br\/index.php?rest_route=\/wp\/v2\/posts\/23382","targetHints":{"allow":["GET"]}}],"collection":[{"href":"https:\/\/pc.sc.gov.br\/index.php?rest_route=\/wp\/v2\/posts"}],"about":[{"href":"https:\/\/pc.sc.gov.br\/index.php?rest_route=\/wp\/v2\/types\/post"}],"author":[{"embeddable":true,"href":"https:\/\/pc.sc.gov.br\/index.php?rest_route=\/wp\/v2\/users\/5"}],"replies":[{"embeddable":true,"href":"https:\/\/pc.sc.gov.br\/index.php?rest_route=%2Fwp%2Fv2%2Fcomments&post=23382"}],"version-history":[{"count":7,"href":"https:\/\/pc.sc.gov.br\/index.php?rest_route=\/wp\/v2\/posts\/23382\/revisions"}],"predecessor-version":[{"id":23395,"href":"https:\/\/pc.sc.gov.br\/index.php?rest_route=\/wp\/v2\/posts\/23382\/revisions\/23395"}],"wp:featuredmedia":[{"embeddable":true,"href":"https:\/\/pc.sc.gov.br\/index.php?rest_route=\/wp\/v2\/media\/23383"}],"wp:attachment":[{"href":"https:\/\/pc.sc.gov.br\/index.php?rest_route=%2Fwp%2Fv2%2Fmedia&parent=23382"}],"wp:term":[{"taxonomy":"category","embeddable":true,"href":"https:\/\/pc.sc.gov.br\/index.php?rest_route=%2Fwp%2Fv2%2Fcategories&post=23382"},{"taxonomy":"post_tag","embeddable":true,"href":"https:\/\/pc.sc.gov.br\/index.php?rest_route=%2Fwp%2Fv2%2Ftags&post=23382"}],"curies":[{"name":"wp","href":"https:\/\/api.w.org\/{rel}","templated":true}]}}