{"id":23408,"date":"2024-09-12T18:03:05","date_gmt":"2024-09-12T21:03:05","guid":{"rendered":"https:\/\/pc.sc.gov.br\/?p=23408"},"modified":"2024-09-12T18:13:56","modified_gmt":"2024-09-12T21:13:56","slug":"em-alfredo-wagner-pcsc-prende-foragido-da-justica","status":"publish","type":"post","link":"https:\/\/pc.sc.gov.br\/?p=23408","title":{"rendered":"Em Alfredo Wagner, PCSC prende foragido da Justi\u00e7a"},"content":{"rendered":"\t\t<div data-elementor-type=\"wp-post\" data-elementor-id=\"23408\" class=\"elementor elementor-23408\" data-elementor-post-type=\"post\">\n\t\t\t\t\t\t<section class=\"elementor-section elementor-top-section elementor-element elementor-element-734f7ac elementor-section-boxed elementor-section-height-default elementor-section-height-default\" data-id=\"734f7ac\" data-element_type=\"section\">\n\t\t\t\t\t\t<div class=\"elementor-container elementor-column-gap-default\">\n\t\t\t\t\t<div class=\"elementor-column elementor-col-100 elementor-top-column elementor-element elementor-element-4fcb60f\" data-id=\"4fcb60f\" data-element_type=\"column\">\n\t\t\t<div class=\"elementor-widget-wrap elementor-element-populated\">\n\t\t\t\t\t\t<div class=\"elementor-element elementor-element-5a5fcee elementor-widget elementor-widget-heading\" data-id=\"5a5fcee\" data-element_type=\"widget\" data-widget_type=\"heading.default\">\n\t\t\t\t<div class=\"elementor-widget-container\">\n\t\t\t\t\t<h2 class=\"elementor-heading-title elementor-size-default\">Em Alfredo Wagner, PCSC prende foragido da Justi\u00e7a<\/h2>\t\t\t\t<\/div>\n\t\t\t\t<\/div>\n\t\t\t\t\t<\/div>\n\t\t<\/div>\n\t\t\t\t\t<\/div>\n\t\t<\/section>\n\t\t\t\t<section class=\"elementor-section elementor-top-section elementor-element elementor-element-847e589 elementor-section-boxed elementor-section-height-default elementor-section-height-default\" data-id=\"847e589\" data-element_type=\"section\">\n\t\t\t\t\t\t<div class=\"elementor-container elementor-column-gap-default\">\n\t\t\t\t\t<div class=\"elementor-column elementor-col-100 elementor-top-column elementor-element elementor-element-7b8ac8d\" data-id=\"7b8ac8d\" data-element_type=\"column\">\n\t\t\t<div class=\"elementor-widget-wrap elementor-element-populated\">\n\t\t\t\t\t\t<div class=\"elementor-element elementor-element-97ead07 elementor-widget elementor-widget-image\" data-id=\"97ead07\" data-element_type=\"widget\" data-widget_type=\"image.default\">\n\t\t\t\t<div class=\"elementor-widget-container\">\n\t\t\t\t\t\t\t\t\t\t\t\t\t\t\t<img fetchpriority=\"high\" decoding=\"async\" width=\"696\" height=\"453\" src=\"https:\/\/pc.sc.gov.br\/\/wp-content\/uploads\/2024\/09\/8f880998-8383-41c8-b232-a0c3eb0afb03-fotor-2024091218154.jpg\" class=\"attachment-large size-large wp-image-23409\" alt=\"\" srcset=\"https:\/\/pc.sc.gov.br\/\/wp-content\/uploads\/2024\/09\/8f880998-8383-41c8-b232-a0c3eb0afb03-fotor-2024091218154.jpg 924w, https:\/\/pc.sc.gov.br\/\/wp-content\/uploads\/2024\/09\/8f880998-8383-41c8-b232-a0c3eb0afb03-fotor-2024091218154-300x195.jpg 300w, https:\/\/pc.sc.gov.br\/\/wp-content\/uploads\/2024\/09\/8f880998-8383-41c8-b232-a0c3eb0afb03-fotor-2024091218154-768x500.jpg 768w\" sizes=\"(max-width: 696px) 100vw, 696px\" \/>\t\t\t\t\t\t\t\t\t\t\t\t\t\t\t<\/div>\n\t\t\t\t<\/div>\n\t\t\t\t\t<\/div>\n\t\t<\/div>\n\t\t\t\t\t<\/div>\n\t\t<\/section>\n\t\t\t\t<section class=\"elementor-section elementor-top-section elementor-element elementor-element-cde3cbc elementor-section-boxed elementor-section-height-default elementor-section-height-default\" data-id=\"cde3cbc\" data-element_type=\"section\">\n\t\t\t\t\t\t<div class=\"elementor-container elementor-column-gap-default\">\n\t\t\t\t\t<div class=\"elementor-column elementor-col-100 elementor-top-column elementor-element elementor-element-c53c79d\" data-id=\"c53c79d\" data-element_type=\"column\">\n\t\t\t<div class=\"elementor-widget-wrap elementor-element-populated\">\n\t\t\t\t\t\t<div class=\"elementor-element elementor-element-e577177 elementor-widget elementor-widget-text-editor\" data-id=\"e577177\" data-element_type=\"widget\" data-widget_type=\"text-editor.default\">\n\t\t\t\t<div class=\"elementor-widget-container\">\n\t\t\t\t\t\t\t\t\t<p>A Pol\u00edcia Civil de Santa Catarina, por meio da Delegacia de Pol\u00edcia de Bom Retiro, realizou na tarde desta quinta-feira (12), no munic\u00edpio de Alfredo Wagner, a pris\u00e3o de um indiv\u00edduo foragido da Justi\u00e7a, condenado pela pr\u00e1tica do crime de tr\u00e1fico de drogas.&nbsp;<\/p>\n<p>O crime praticado pelo investigado ocorreu no ano de 2018, em Florian\u00f3polis. Ap\u00f3s a realiza\u00e7\u00e3o da pris\u00e3o, o conduzido foi encaminhado para Unidade Prisional de Lages.<\/p>\t\t\t\t\t\t\t\t<\/div>\n\t\t\t\t<\/div>\n\t\t\t\t\t<\/div>\n\t\t<\/div>\n\t\t\t\t\t<\/div>\n\t\t<\/section>\n\t\t\t\t<\/div>\n\t\t","protected":false},"excerpt":{"rendered":"<p>Em Alfredo Wagner, PCSC prende foragido da Justi\u00e7a A Pol\u00edcia Civil de Santa Catarina, por meio da Delegacia de Pol\u00edcia de Bom Retiro, realizou na tarde desta quinta-feira (12), no munic\u00edpio de Alfredo Wagner, a pris\u00e3o de um indiv\u00edduo foragido da Justi\u00e7a, condenado pela pr\u00e1tica do crime de tr\u00e1fico de drogas.&nbsp; O crime praticado pelo [&hellip;]<\/p>\n","protected":false},"author":5,"featured_media":23409,"comment_status":"closed","ping_status":"open","sticky":false,"template":"","format":"standard","meta":{"_monsterinsights_skip_tracking":false,"_monsterinsights_sitenote_active":false,"_monsterinsights_sitenote_note":"","_monsterinsights_sitenote_category":0,"footnotes":""},"categories":[1],"tags":[],"class_list":["post-23408","post","type-post","status-publish","format-standard","has-post-thumbnail","hentry","category-sem-categoria"],"_links":{"self":[{"href":"https:\/\/pc.sc.gov.br\/index.php?rest_route=\/wp\/v2\/posts\/23408","targetHints":{"allow":["GET"]}}],"collection":[{"href":"https:\/\/pc.sc.gov.br\/index.php?rest_route=\/wp\/v2\/posts"}],"about":[{"href":"https:\/\/pc.sc.gov.br\/index.php?rest_route=\/wp\/v2\/types\/post"}],"author":[{"embeddable":true,"href":"https:\/\/pc.sc.gov.br\/index.php?rest_route=\/wp\/v2\/users\/5"}],"replies":[{"embeddable":true,"href":"https:\/\/pc.sc.gov.br\/index.php?rest_route=%2Fwp%2Fv2%2Fcomments&post=23408"}],"version-history":[{"count":7,"href":"https:\/\/pc.sc.gov.br\/index.php?rest_route=\/wp\/v2\/posts\/23408\/revisions"}],"predecessor-version":[{"id":23423,"href":"https:\/\/pc.sc.gov.br\/index.php?rest_route=\/wp\/v2\/posts\/23408\/revisions\/23423"}],"wp:featuredmedia":[{"embeddable":true,"href":"https:\/\/pc.sc.gov.br\/index.php?rest_route=\/wp\/v2\/media\/23409"}],"wp:attachment":[{"href":"https:\/\/pc.sc.gov.br\/index.php?rest_route=%2Fwp%2Fv2%2Fmedia&parent=23408"}],"wp:term":[{"taxonomy":"category","embeddable":true,"href":"https:\/\/pc.sc.gov.br\/index.php?rest_route=%2Fwp%2Fv2%2Fcategories&post=23408"},{"taxonomy":"post_tag","embeddable":true,"href":"https:\/\/pc.sc.gov.br\/index.php?rest_route=%2Fwp%2Fv2%2Ftags&post=23408"}],"curies":[{"name":"wp","href":"https:\/\/api.w.org\/{rel}","templated":true}]}}