{"id":23414,"date":"2024-09-12T18:07:31","date_gmt":"2024-09-12T21:07:31","guid":{"rendered":"https:\/\/pc.sc.gov.br\/?p=23414"},"modified":"2024-09-12T18:08:43","modified_gmt":"2024-09-12T21:08:43","slug":"policias-civil-e-militar-prende-homem-em-flagrante-por-trafico-de-drogas-em-sombrio","status":"publish","type":"post","link":"https:\/\/pc.sc.gov.br\/?p=23414","title":{"rendered":"Pol\u00edcias Civil e Militar prendem homem em flagrante por tr\u00e1fico de drogas em Sombrio"},"content":{"rendered":"\t\t<div data-elementor-type=\"wp-post\" data-elementor-id=\"23414\" class=\"elementor elementor-23414\" data-elementor-post-type=\"post\">\n\t\t\t\t\t\t<section class=\"elementor-section elementor-top-section elementor-element elementor-element-daee5d8 elementor-section-boxed elementor-section-height-default elementor-section-height-default\" data-id=\"daee5d8\" data-element_type=\"section\">\n\t\t\t\t\t\t<div class=\"elementor-container elementor-column-gap-default\">\n\t\t\t\t\t<div class=\"elementor-column elementor-col-100 elementor-top-column elementor-element elementor-element-5611711\" data-id=\"5611711\" data-element_type=\"column\">\n\t\t\t<div class=\"elementor-widget-wrap elementor-element-populated\">\n\t\t\t\t\t\t<div class=\"elementor-element elementor-element-50787f3 elementor-widget elementor-widget-heading\" data-id=\"50787f3\" data-element_type=\"widget\" data-widget_type=\"heading.default\">\n\t\t\t\t<div class=\"elementor-widget-container\">\n\t\t\t\t\t<h2 class=\"elementor-heading-title elementor-size-default\">Pol\u00edcias Civil e Militar prendem homem em flagrante por tr\u00e1fico de drogas em Sombrio<\/h2>\t\t\t\t<\/div>\n\t\t\t\t<\/div>\n\t\t\t\t\t<\/div>\n\t\t<\/div>\n\t\t\t\t\t<\/div>\n\t\t<\/section>\n\t\t\t\t<section class=\"elementor-section elementor-top-section elementor-element elementor-element-ef2e494 elementor-section-boxed elementor-section-height-default elementor-section-height-default\" data-id=\"ef2e494\" data-element_type=\"section\">\n\t\t\t\t\t\t<div class=\"elementor-container elementor-column-gap-default\">\n\t\t\t\t\t<div class=\"elementor-column elementor-col-100 elementor-top-column elementor-element elementor-element-361c938\" data-id=\"361c938\" data-element_type=\"column\">\n\t\t\t<div class=\"elementor-widget-wrap elementor-element-populated\">\n\t\t\t\t\t\t<div class=\"elementor-element elementor-element-d5c2337 elementor-widget elementor-widget-image\" data-id=\"d5c2337\" data-element_type=\"widget\" data-widget_type=\"image.default\">\n\t\t\t\t<div class=\"elementor-widget-container\">\n\t\t\t\t\t\t\t\t\t\t\t\t\t\t\t<img fetchpriority=\"high\" decoding=\"async\" width=\"696\" height=\"522\" src=\"https:\/\/pc.sc.gov.br\/\/wp-content\/uploads\/2024\/09\/WhatsApp-Image-2024-09-12-at-17.57.36-1024x768.jpeg\" class=\"attachment-large size-large wp-image-23415\" alt=\"\" srcset=\"https:\/\/pc.sc.gov.br\/\/wp-content\/uploads\/2024\/09\/WhatsApp-Image-2024-09-12-at-17.57.36-1024x768.jpeg 1024w, https:\/\/pc.sc.gov.br\/\/wp-content\/uploads\/2024\/09\/WhatsApp-Image-2024-09-12-at-17.57.36-300x225.jpeg 300w, https:\/\/pc.sc.gov.br\/\/wp-content\/uploads\/2024\/09\/WhatsApp-Image-2024-09-12-at-17.57.36-768x576.jpeg 768w, https:\/\/pc.sc.gov.br\/\/wp-content\/uploads\/2024\/09\/WhatsApp-Image-2024-09-12-at-17.57.36-1536x1152.jpeg 1536w, https:\/\/pc.sc.gov.br\/\/wp-content\/uploads\/2024\/09\/WhatsApp-Image-2024-09-12-at-17.57.36.jpeg 1600w\" sizes=\"(max-width: 696px) 100vw, 696px\" \/>\t\t\t\t\t\t\t\t\t\t\t\t\t\t\t<\/div>\n\t\t\t\t<\/div>\n\t\t\t\t\t<\/div>\n\t\t<\/div>\n\t\t\t\t\t<\/div>\n\t\t<\/section>\n\t\t\t\t<section class=\"elementor-section elementor-top-section elementor-element elementor-element-d738711 elementor-section-boxed elementor-section-height-default elementor-section-height-default\" data-id=\"d738711\" data-element_type=\"section\">\n\t\t\t\t\t\t<div class=\"elementor-container elementor-column-gap-default\">\n\t\t\t\t\t<div class=\"elementor-column elementor-col-100 elementor-top-column elementor-element elementor-element-f76c641\" data-id=\"f76c641\" data-element_type=\"column\">\n\t\t\t<div class=\"elementor-widget-wrap elementor-element-populated\">\n\t\t\t\t\t\t<div class=\"elementor-element elementor-element-b3368dd elementor-widget elementor-widget-text-editor\" data-id=\"b3368dd\" data-element_type=\"widget\" data-widget_type=\"text-editor.default\">\n\t\t\t\t<div class=\"elementor-widget-container\">\n\t\t\t\t\t\t\t\t\t<p>Na tarde de hoje (12\/09), a Pol\u00edcia Civil de Santa Catarina, por meio da Delegacia de Pol\u00edcia da Comarca de Sombrio, em a\u00e7\u00e3o conjunta com a Pol\u00edcia Militar de Santa Catarina, cumpriu mandados de busca e apreens\u00e3o, na cidade de Sombrio. Durante a dilig\u00eancia, um homem foi preso em flagrante por tr\u00e1fico de drogas. \u00a0A a\u00e7\u00e3o contou com o apoio da Delegacia de Pol\u00edcia de Balne\u00e1rio Gaivota e do Canil da Pol\u00edcia Militar.<\/p><p>O investigado vinha sendo monitorado pela Delegacia de Pol\u00edcia de Sombrio por envolvimento com o crime de tr\u00e1fico de drogas. Ap\u00f3s representa\u00e7\u00e3o da autoridade policial, foram deferidos mandados de busca em desfavor do homem.<\/p><p>Na dilig\u00eancia, foram localizados cerca de 530 gramas de maconha, 30 gramas de coca\u00edna e tr\u00eas unidades de ecstasy. Foram apreendidos tamb\u00e9m papel-filme, usado para embalar as drogas, e aparelho celular. Ressalta-se que a droga foi localizada em um fundo falso em uma parede. O investigado foi autuado por crime de tr\u00e1fico de drogas e ser\u00e1 encaminhado ao Pres\u00eddio de Ararangu\u00e1.<\/p>\t\t\t\t\t\t\t\t<\/div>\n\t\t\t\t<\/div>\n\t\t\t\t\t<\/div>\n\t\t<\/div>\n\t\t\t\t\t<\/div>\n\t\t<\/section>\n\t\t\t\t<\/div>\n\t\t","protected":false},"excerpt":{"rendered":"<p>Pol\u00edcias Civil e Militar prendem homem em flagrante por tr\u00e1fico de drogas em Sombrio Na tarde de hoje (12\/09), a Pol\u00edcia Civil de Santa Catarina, por meio da Delegacia de Pol\u00edcia da Comarca de Sombrio, em a\u00e7\u00e3o conjunta com a Pol\u00edcia Militar de Santa Catarina, cumpriu mandados de busca e apreens\u00e3o, na cidade de Sombrio. [&hellip;]<\/p>\n","protected":false},"author":5,"featured_media":23415,"comment_status":"closed","ping_status":"open","sticky":false,"template":"","format":"standard","meta":{"_monsterinsights_skip_tracking":false,"_monsterinsights_sitenote_active":false,"_monsterinsights_sitenote_note":"","_monsterinsights_sitenote_category":0,"footnotes":""},"categories":[1],"tags":[],"class_list":["post-23414","post","type-post","status-publish","format-standard","has-post-thumbnail","hentry","category-sem-categoria"],"_links":{"self":[{"href":"https:\/\/pc.sc.gov.br\/index.php?rest_route=\/wp\/v2\/posts\/23414","targetHints":{"allow":["GET"]}}],"collection":[{"href":"https:\/\/pc.sc.gov.br\/index.php?rest_route=\/wp\/v2\/posts"}],"about":[{"href":"https:\/\/pc.sc.gov.br\/index.php?rest_route=\/wp\/v2\/types\/post"}],"author":[{"embeddable":true,"href":"https:\/\/pc.sc.gov.br\/index.php?rest_route=\/wp\/v2\/users\/5"}],"replies":[{"embeddable":true,"href":"https:\/\/pc.sc.gov.br\/index.php?rest_route=%2Fwp%2Fv2%2Fcomments&post=23414"}],"version-history":[{"count":5,"href":"https:\/\/pc.sc.gov.br\/index.php?rest_route=\/wp\/v2\/posts\/23414\/revisions"}],"predecessor-version":[{"id":23420,"href":"https:\/\/pc.sc.gov.br\/index.php?rest_route=\/wp\/v2\/posts\/23414\/revisions\/23420"}],"wp:featuredmedia":[{"embeddable":true,"href":"https:\/\/pc.sc.gov.br\/index.php?rest_route=\/wp\/v2\/media\/23415"}],"wp:attachment":[{"href":"https:\/\/pc.sc.gov.br\/index.php?rest_route=%2Fwp%2Fv2%2Fmedia&parent=23414"}],"wp:term":[{"taxonomy":"category","embeddable":true,"href":"https:\/\/pc.sc.gov.br\/index.php?rest_route=%2Fwp%2Fv2%2Fcategories&post=23414"},{"taxonomy":"post_tag","embeddable":true,"href":"https:\/\/pc.sc.gov.br\/index.php?rest_route=%2Fwp%2Fv2%2Ftags&post=23414"}],"curies":[{"name":"wp","href":"https:\/\/api.w.org\/{rel}","templated":true}]}}