{"id":23424,"date":"2024-09-13T14:18:23","date_gmt":"2024-09-13T17:18:23","guid":{"rendered":"https:\/\/pc.sc.gov.br\/?p=23424"},"modified":"2024-09-13T14:19:29","modified_gmt":"2024-09-13T17:19:29","slug":"policia-civil-de-santa-catarina-prende-traficante-em-balneario-camboriu","status":"publish","type":"post","link":"https:\/\/pc.sc.gov.br\/?p=23424","title":{"rendered":"Pol\u00edcia Civil de Santa Catarina prende traficante em Balne\u00e1rio Cambori\u00fa"},"content":{"rendered":"\t\t<div data-elementor-type=\"wp-post\" data-elementor-id=\"23424\" class=\"elementor elementor-23424\" data-elementor-post-type=\"post\">\n\t\t\t\t\t\t<section class=\"elementor-section elementor-top-section elementor-element elementor-element-c1dcf63 elementor-section-boxed elementor-section-height-default elementor-section-height-default\" data-id=\"c1dcf63\" data-element_type=\"section\">\n\t\t\t\t\t\t<div class=\"elementor-container elementor-column-gap-default\">\n\t\t\t\t\t<div class=\"elementor-column elementor-col-100 elementor-top-column elementor-element elementor-element-8a28c1c\" data-id=\"8a28c1c\" data-element_type=\"column\">\n\t\t\t<div class=\"elementor-widget-wrap elementor-element-populated\">\n\t\t\t\t\t\t<div class=\"elementor-element elementor-element-29e8460 elementor-widget elementor-widget-heading\" data-id=\"29e8460\" data-element_type=\"widget\" data-widget_type=\"heading.default\">\n\t\t\t\t<div class=\"elementor-widget-container\">\n\t\t\t\t\t<h2 class=\"elementor-heading-title elementor-size-default\">Pol\u00edcia Civil de Santa Catarina prende traficante em Balne\u00e1rio Cambori\u00fa<\/h2>\t\t\t\t<\/div>\n\t\t\t\t<\/div>\n\t\t\t\t\t<\/div>\n\t\t<\/div>\n\t\t\t\t\t<\/div>\n\t\t<\/section>\n\t\t\t\t<section class=\"elementor-section elementor-top-section elementor-element elementor-element-0468c24 elementor-section-boxed elementor-section-height-default elementor-section-height-default\" data-id=\"0468c24\" data-element_type=\"section\">\n\t\t\t\t\t\t<div class=\"elementor-container elementor-column-gap-default\">\n\t\t\t\t\t<div class=\"elementor-column elementor-col-100 elementor-top-column elementor-element elementor-element-3db0d66\" data-id=\"3db0d66\" data-element_type=\"column\">\n\t\t\t<div class=\"elementor-widget-wrap elementor-element-populated\">\n\t\t\t\t\t\t<div class=\"elementor-element elementor-element-3fca882 elementor-widget elementor-widget-image\" data-id=\"3fca882\" data-element_type=\"widget\" data-widget_type=\"image.default\">\n\t\t\t\t<div class=\"elementor-widget-container\">\n\t\t\t\t\t\t\t\t\t\t\t\t\t\t\t<img fetchpriority=\"high\" decoding=\"async\" width=\"696\" height=\"522\" src=\"https:\/\/pc.sc.gov.br\/\/wp-content\/uploads\/2024\/09\/WhatsApp-Image-2024-09-13-at-11.03.14-1024x768.jpeg\" class=\"attachment-large size-large wp-image-23425\" alt=\"\" srcset=\"https:\/\/pc.sc.gov.br\/\/wp-content\/uploads\/2024\/09\/WhatsApp-Image-2024-09-13-at-11.03.14-1024x768.jpeg 1024w, https:\/\/pc.sc.gov.br\/\/wp-content\/uploads\/2024\/09\/WhatsApp-Image-2024-09-13-at-11.03.14-300x225.jpeg 300w, https:\/\/pc.sc.gov.br\/\/wp-content\/uploads\/2024\/09\/WhatsApp-Image-2024-09-13-at-11.03.14-768x576.jpeg 768w, https:\/\/pc.sc.gov.br\/\/wp-content\/uploads\/2024\/09\/WhatsApp-Image-2024-09-13-at-11.03.14.jpeg 1280w\" sizes=\"(max-width: 696px) 100vw, 696px\" \/>\t\t\t\t\t\t\t\t\t\t\t\t\t\t\t<\/div>\n\t\t\t\t<\/div>\n\t\t\t\t\t<\/div>\n\t\t<\/div>\n\t\t\t\t\t<\/div>\n\t\t<\/section>\n\t\t\t\t<section class=\"elementor-section elementor-top-section elementor-element elementor-element-f5f43a8 elementor-section-boxed elementor-section-height-default elementor-section-height-default\" data-id=\"f5f43a8\" data-element_type=\"section\">\n\t\t\t\t\t\t<div class=\"elementor-container elementor-column-gap-default\">\n\t\t\t\t\t<div class=\"elementor-column elementor-col-100 elementor-top-column elementor-element elementor-element-3d8044b\" data-id=\"3d8044b\" data-element_type=\"column\">\n\t\t\t<div class=\"elementor-widget-wrap elementor-element-populated\">\n\t\t\t\t\t\t<div class=\"elementor-element elementor-element-58d2740 elementor-widget elementor-widget-text-editor\" data-id=\"58d2740\" data-element_type=\"widget\" data-widget_type=\"text-editor.default\">\n\t\t\t\t<div class=\"elementor-widget-container\">\n\t\t\t\t\t\t\t\t\t<p>A Pol\u00edcia Civil de Santa Catarina, por meio da Delegacia de Investiga\u00e7\u00e3o Criminal (DIC) de Balne\u00e1rio Cambori\u00fa, nesta sexta-feira (13), deflagrou opera\u00e7\u00e3o para cumprimento de um mandado de busca e apreens\u00e3o em investiga\u00e7\u00e3o que apurava a pr\u00e1tica do tr\u00e1fico de drogas por um indiv\u00edduo de 25 anos.<\/p>\n<p>Na resid\u00eancia do suspeito, situada no bairro Nova Esperan\u00e7a foram apreendidas por\u00e7\u00f5es de maconha, coca\u00edna e uma arma de fogo de calibre de uso restrito. Ap\u00f3s a lavratura do auto de pris\u00e3o em flagrante o investigado foi conduzido ao Pres\u00eddio do Vale do Itaja\u00ed.<\/p>\n<p><b>Colabore com a Pol\u00edcia Civil fazendo den\u00fancias pelo telefone 181 ou atrav\u00e9s do WhatsApp, pelo n\u00famero (48)98844-0011. O sigilo \u00e9 absoluto!<\/b><span style=\"color: var( --e-global-color-text ); font-family: var( --e-global-typography-primary-font-family ), Sans-serif; font-size: var( --e-global-typography-primary-font-size ); font-weight: var( --e-global-typography-primary-font-weight ); letter-spacing: var( --e-global-typography-primary-letter-spacing );\">&nbsp;<\/span><\/p>\t\t\t\t\t\t\t\t<\/div>\n\t\t\t\t<\/div>\n\t\t\t\t\t<\/div>\n\t\t<\/div>\n\t\t\t\t\t<\/div>\n\t\t<\/section>\n\t\t\t\t<\/div>\n\t\t","protected":false},"excerpt":{"rendered":"<p>Pol\u00edcia Civil de Santa Catarina prende traficante em Balne\u00e1rio Cambori\u00fa A Pol\u00edcia Civil de Santa Catarina, por meio da Delegacia de Investiga\u00e7\u00e3o Criminal (DIC) de Balne\u00e1rio Cambori\u00fa, nesta sexta-feira (13), deflagrou opera\u00e7\u00e3o para cumprimento de um mandado de busca e apreens\u00e3o em investiga\u00e7\u00e3o que apurava a pr\u00e1tica do tr\u00e1fico de drogas por um indiv\u00edduo de [&hellip;]<\/p>\n","protected":false},"author":5,"featured_media":23425,"comment_status":"closed","ping_status":"open","sticky":false,"template":"","format":"standard","meta":{"_monsterinsights_skip_tracking":false,"_monsterinsights_sitenote_active":false,"_monsterinsights_sitenote_note":"","_monsterinsights_sitenote_category":0,"footnotes":""},"categories":[1],"tags":[],"class_list":["post-23424","post","type-post","status-publish","format-standard","has-post-thumbnail","hentry","category-sem-categoria"],"_links":{"self":[{"href":"https:\/\/pc.sc.gov.br\/index.php?rest_route=\/wp\/v2\/posts\/23424","targetHints":{"allow":["GET"]}}],"collection":[{"href":"https:\/\/pc.sc.gov.br\/index.php?rest_route=\/wp\/v2\/posts"}],"about":[{"href":"https:\/\/pc.sc.gov.br\/index.php?rest_route=\/wp\/v2\/types\/post"}],"author":[{"embeddable":true,"href":"https:\/\/pc.sc.gov.br\/index.php?rest_route=\/wp\/v2\/users\/5"}],"replies":[{"embeddable":true,"href":"https:\/\/pc.sc.gov.br\/index.php?rest_route=%2Fwp%2Fv2%2Fcomments&post=23424"}],"version-history":[{"count":4,"href":"https:\/\/pc.sc.gov.br\/index.php?rest_route=\/wp\/v2\/posts\/23424\/revisions"}],"predecessor-version":[{"id":23429,"href":"https:\/\/pc.sc.gov.br\/index.php?rest_route=\/wp\/v2\/posts\/23424\/revisions\/23429"}],"wp:featuredmedia":[{"embeddable":true,"href":"https:\/\/pc.sc.gov.br\/index.php?rest_route=\/wp\/v2\/media\/23425"}],"wp:attachment":[{"href":"https:\/\/pc.sc.gov.br\/index.php?rest_route=%2Fwp%2Fv2%2Fmedia&parent=23424"}],"wp:term":[{"taxonomy":"category","embeddable":true,"href":"https:\/\/pc.sc.gov.br\/index.php?rest_route=%2Fwp%2Fv2%2Fcategories&post=23424"},{"taxonomy":"post_tag","embeddable":true,"href":"https:\/\/pc.sc.gov.br\/index.php?rest_route=%2Fwp%2Fv2%2Ftags&post=23424"}],"curies":[{"name":"wp","href":"https:\/\/api.w.org\/{rel}","templated":true}]}}