{"id":23431,"date":"2024-09-13T16:18:22","date_gmt":"2024-09-13T19:18:22","guid":{"rendered":"https:\/\/pc.sc.gov.br\/?p=23431"},"modified":"2024-09-13T16:19:22","modified_gmt":"2024-09-13T19:19:22","slug":"policia-civil-deflagra-operacao-em-joinville-e-prende-empresario-envolvido-em-furto-de-bobinas-de-aco","status":"publish","type":"post","link":"https:\/\/pc.sc.gov.br\/?p=23431","title":{"rendered":"Pol\u00edcia Civil deflagra opera\u00e7\u00e3o em Joinville e prende empres\u00e1rio envolvido em furto de bobinas de a\u00e7o"},"content":{"rendered":"\t\t<div data-elementor-type=\"wp-post\" data-elementor-id=\"23431\" class=\"elementor elementor-23431\" data-elementor-post-type=\"post\">\n\t\t\t\t\t\t<section class=\"elementor-section elementor-top-section elementor-element elementor-element-6c4578d elementor-section-boxed elementor-section-height-default elementor-section-height-default\" data-id=\"6c4578d\" data-element_type=\"section\">\n\t\t\t\t\t\t<div class=\"elementor-container elementor-column-gap-default\">\n\t\t\t\t\t<div class=\"elementor-column elementor-col-100 elementor-top-column elementor-element elementor-element-3adb85a\" data-id=\"3adb85a\" data-element_type=\"column\">\n\t\t\t<div class=\"elementor-widget-wrap elementor-element-populated\">\n\t\t\t\t\t\t<div class=\"elementor-element elementor-element-dcc7924 elementor-widget elementor-widget-heading\" data-id=\"dcc7924\" data-element_type=\"widget\" data-widget_type=\"heading.default\">\n\t\t\t\t<div class=\"elementor-widget-container\">\n\t\t\t\t\t<h2 class=\"elementor-heading-title elementor-size-default\">Pol\u00edcia Civil deflagra opera\u00e7\u00e3o em Joinville e prende empres\u00e1rio envolvido em furto de bobinas de a\u00e7o <\/h2>\t\t\t\t<\/div>\n\t\t\t\t<\/div>\n\t\t\t\t\t<\/div>\n\t\t<\/div>\n\t\t\t\t\t<\/div>\n\t\t<\/section>\n\t\t\t\t<section class=\"elementor-section elementor-top-section elementor-element elementor-element-459142b elementor-section-boxed elementor-section-height-default elementor-section-height-default\" data-id=\"459142b\" data-element_type=\"section\">\n\t\t\t\t\t\t<div class=\"elementor-container elementor-column-gap-default\">\n\t\t\t\t\t<div class=\"elementor-column elementor-col-100 elementor-top-column elementor-element elementor-element-2d60cf5\" data-id=\"2d60cf5\" data-element_type=\"column\">\n\t\t\t<div class=\"elementor-widget-wrap elementor-element-populated\">\n\t\t\t\t\t\t<div class=\"elementor-element elementor-element-499603c elementor-widget elementor-widget-image\" data-id=\"499603c\" data-element_type=\"widget\" data-widget_type=\"image.default\">\n\t\t\t\t<div class=\"elementor-widget-container\">\n\t\t\t\t\t\t\t\t\t\t\t\t\t\t\t<img fetchpriority=\"high\" decoding=\"async\" width=\"696\" height=\"521\" src=\"https:\/\/pc.sc.gov.br\/\/wp-content\/uploads\/2024\/06\/DEIC-1024x767.jpg\" class=\"attachment-large size-large wp-image-21428\" alt=\"\" srcset=\"https:\/\/pc.sc.gov.br\/\/wp-content\/uploads\/2024\/06\/DEIC-1024x767.jpg 1024w, https:\/\/pc.sc.gov.br\/\/wp-content\/uploads\/2024\/06\/DEIC-300x225.jpg 300w, https:\/\/pc.sc.gov.br\/\/wp-content\/uploads\/2024\/06\/DEIC-768x575.jpg 768w, https:\/\/pc.sc.gov.br\/\/wp-content\/uploads\/2024\/06\/DEIC.jpg 1280w\" sizes=\"(max-width: 696px) 100vw, 696px\" \/>\t\t\t\t\t\t\t\t\t\t\t\t\t\t\t<\/div>\n\t\t\t\t<\/div>\n\t\t\t\t\t<\/div>\n\t\t<\/div>\n\t\t\t\t\t<\/div>\n\t\t<\/section>\n\t\t\t\t<section class=\"elementor-section elementor-top-section elementor-element elementor-element-225834d elementor-section-boxed elementor-section-height-default elementor-section-height-default\" data-id=\"225834d\" data-element_type=\"section\">\n\t\t\t\t\t\t<div class=\"elementor-container elementor-column-gap-default\">\n\t\t\t\t\t<div class=\"elementor-column elementor-col-100 elementor-top-column elementor-element elementor-element-d0d2a49\" data-id=\"d0d2a49\" data-element_type=\"column\">\n\t\t\t<div class=\"elementor-widget-wrap elementor-element-populated\">\n\t\t\t\t\t\t<div class=\"elementor-element elementor-element-5e4a05b elementor-widget elementor-widget-text-editor\" data-id=\"5e4a05b\" data-element_type=\"widget\" data-widget_type=\"text-editor.default\">\n\t\t\t\t<div class=\"elementor-widget-container\">\n\t\t\t\t\t\t\t\t\t<p>Nesta sexta-feira (13\/09), a Pol\u00edcia Civil de Santa Catarina, por meio da Delegacia de Furtos e Roubos de Cargas da Diretoria Estadual de Investiga\u00e7\u00f5es Criminais, deflagrou opera\u00e7\u00e3o, em Joinville, em investiga\u00e7\u00e3o a furto de bobinas de a\u00e7o. Foram cumpridos mandados de busca e apreens\u00e3o e pris\u00e3o. Na ocasi\u00e3o, foi preso um empres\u00e1rio, propriet\u00e1rio do caminh\u00e3o envolvido no furto investigado. O homem possuiu hist\u00f3rico criminal de furtos a caixas eletr\u00f4nicos.<\/p><p>A investiga\u00e7\u00e3o criminal, coordenada pelo delegado Osnei Valdir de Oliveira, identificou integrantes de grupo criminoso respons\u00e1vel pelo furto de carga de bobinas de a\u00e7o, ocorrido em 09\/01\/2024, na cidade de S\u00e3o Francisco do Sul.<\/p><p>No boletim de ocorr\u00eancia, o motorista relatou que foi abordado por criminosos em Itapecerica da Serra \/SP. Narrou que foi mantido ref\u00e9m em um im\u00f3vel, at\u00e9 que foi liberado, juntamente com o caminh\u00e3o. A carga \u00e9 avaliada em R$ 211.823,04.<\/p><p>A equipe de investiga\u00e7\u00e3o da DFRC\/DEIC desconstruiu a vers\u00e3o fornecida pelo motorista e apresentou ao Poder Judici\u00e1rio provas de que n\u00e3o houve um roubo e sim uma simula\u00e7\u00e3o orquestrada pelo propriet\u00e1rio do caminh\u00e3o\/ semirreboque para subtrair a carga. Al\u00e9m da pris\u00e3o foram apreendidos documentos e objetos que ser\u00e3o analisados pela equipe de investiga\u00e7\u00e3o.<\/p><p>O delegado de Pol\u00edcia Osnei Valdir de Oliveira ressalta a crescente migra\u00e7\u00e3o de criminosos que atuam em diversas modalidades de roubos e furtos de carga. No caso em tela, o principal investigado possui hist\u00f3rico de furtos a caixas eletr\u00f4nicos \u201ccaixeiro\u201d. A a\u00e7\u00e3o contou com apoio da equipe da DIC de Joinville.<\/p><p>Den\u00fancias relacionadas a Furtos e Roubos de Cargas devem ser encaminhadas para o e-mail deic-dfrc@pc.sc.gov.br da Pol\u00edcia Civil, sendo garantido o anonimato.<\/p>\t\t\t\t\t\t\t\t<\/div>\n\t\t\t\t<\/div>\n\t\t\t\t\t<\/div>\n\t\t<\/div>\n\t\t\t\t\t<\/div>\n\t\t<\/section>\n\t\t\t\t<\/div>\n\t\t","protected":false},"excerpt":{"rendered":"<p>Pol\u00edcia Civil deflagra opera\u00e7\u00e3o em Joinville e prende empres\u00e1rio envolvido em furto de bobinas de a\u00e7o Nesta sexta-feira (13\/09), a Pol\u00edcia Civil de Santa Catarina, por meio da Delegacia de Furtos e Roubos de Cargas da Diretoria Estadual de Investiga\u00e7\u00f5es Criminais, deflagrou opera\u00e7\u00e3o, em Joinville, em investiga\u00e7\u00e3o a furto de bobinas de a\u00e7o. Foram cumpridos [&hellip;]<\/p>\n","protected":false},"author":5,"featured_media":21428,"comment_status":"closed","ping_status":"open","sticky":false,"template":"","format":"standard","meta":{"_monsterinsights_skip_tracking":false,"_monsterinsights_sitenote_active":false,"_monsterinsights_sitenote_note":"","_monsterinsights_sitenote_category":0,"footnotes":""},"categories":[1],"tags":[],"class_list":["post-23431","post","type-post","status-publish","format-standard","has-post-thumbnail","hentry","category-sem-categoria"],"_links":{"self":[{"href":"https:\/\/pc.sc.gov.br\/index.php?rest_route=\/wp\/v2\/posts\/23431","targetHints":{"allow":["GET"]}}],"collection":[{"href":"https:\/\/pc.sc.gov.br\/index.php?rest_route=\/wp\/v2\/posts"}],"about":[{"href":"https:\/\/pc.sc.gov.br\/index.php?rest_route=\/wp\/v2\/types\/post"}],"author":[{"embeddable":true,"href":"https:\/\/pc.sc.gov.br\/index.php?rest_route=\/wp\/v2\/users\/5"}],"replies":[{"embeddable":true,"href":"https:\/\/pc.sc.gov.br\/index.php?rest_route=%2Fwp%2Fv2%2Fcomments&post=23431"}],"version-history":[{"count":4,"href":"https:\/\/pc.sc.gov.br\/index.php?rest_route=\/wp\/v2\/posts\/23431\/revisions"}],"predecessor-version":[{"id":23435,"href":"https:\/\/pc.sc.gov.br\/index.php?rest_route=\/wp\/v2\/posts\/23431\/revisions\/23435"}],"wp:featuredmedia":[{"embeddable":true,"href":"https:\/\/pc.sc.gov.br\/index.php?rest_route=\/wp\/v2\/media\/21428"}],"wp:attachment":[{"href":"https:\/\/pc.sc.gov.br\/index.php?rest_route=%2Fwp%2Fv2%2Fmedia&parent=23431"}],"wp:term":[{"taxonomy":"category","embeddable":true,"href":"https:\/\/pc.sc.gov.br\/index.php?rest_route=%2Fwp%2Fv2%2Fcategories&post=23431"},{"taxonomy":"post_tag","embeddable":true,"href":"https:\/\/pc.sc.gov.br\/index.php?rest_route=%2Fwp%2Fv2%2Ftags&post=23431"}],"curies":[{"name":"wp","href":"https:\/\/api.w.org\/{rel}","templated":true}]}}