{"id":23436,"date":"2024-09-13T18:08:20","date_gmt":"2024-09-13T21:08:20","guid":{"rendered":"https:\/\/pc.sc.gov.br\/?p=23436"},"modified":"2024-09-13T18:09:08","modified_gmt":"2024-09-13T21:09:08","slug":"pcsc-prende-foragido-do-para-condenado-pelo-crime-de-trafico-de-drogas","status":"publish","type":"post","link":"https:\/\/pc.sc.gov.br\/?p=23436","title":{"rendered":"PCSC prende foragido do Par\u00e1 condenado pelo crime de tr\u00e1fico de drogas"},"content":{"rendered":"\t\t<div data-elementor-type=\"wp-post\" data-elementor-id=\"23436\" class=\"elementor elementor-23436\" data-elementor-post-type=\"post\">\n\t\t\t\t\t\t<section class=\"elementor-section elementor-top-section elementor-element elementor-element-ae07a11 elementor-section-boxed elementor-section-height-default elementor-section-height-default\" data-id=\"ae07a11\" data-element_type=\"section\">\n\t\t\t\t\t\t<div class=\"elementor-container elementor-column-gap-default\">\n\t\t\t\t\t<div class=\"elementor-column elementor-col-100 elementor-top-column elementor-element elementor-element-f500516\" data-id=\"f500516\" data-element_type=\"column\">\n\t\t\t<div class=\"elementor-widget-wrap elementor-element-populated\">\n\t\t\t\t\t\t<div class=\"elementor-element elementor-element-649ee83 elementor-widget elementor-widget-heading\" data-id=\"649ee83\" data-element_type=\"widget\" data-widget_type=\"heading.default\">\n\t\t\t\t<div class=\"elementor-widget-container\">\n\t\t\t\t\t<h2 class=\"elementor-heading-title elementor-size-default\">PCSC prende foragido do Par\u00e1 condenado pelo crime de tr\u00e1fico de drogas<\/h2>\t\t\t\t<\/div>\n\t\t\t\t<\/div>\n\t\t\t\t\t<\/div>\n\t\t<\/div>\n\t\t\t\t\t<\/div>\n\t\t<\/section>\n\t\t\t\t<section class=\"elementor-section elementor-top-section elementor-element elementor-element-f485948 elementor-section-boxed elementor-section-height-default elementor-section-height-default\" data-id=\"f485948\" data-element_type=\"section\">\n\t\t\t\t\t\t<div class=\"elementor-container elementor-column-gap-default\">\n\t\t\t\t\t<div class=\"elementor-column elementor-col-100 elementor-top-column elementor-element elementor-element-7cd508b\" data-id=\"7cd508b\" data-element_type=\"column\">\n\t\t\t<div class=\"elementor-widget-wrap elementor-element-populated\">\n\t\t\t\t\t\t<div class=\"elementor-element elementor-element-e422304 elementor-widget elementor-widget-image\" data-id=\"e422304\" data-element_type=\"widget\" data-widget_type=\"image.default\">\n\t\t\t\t<div class=\"elementor-widget-container\">\n\t\t\t\t\t\t\t\t\t\t\t\t\t\t\t<img fetchpriority=\"high\" decoding=\"async\" width=\"696\" height=\"548\" src=\"https:\/\/pc.sc.gov.br\/\/wp-content\/uploads\/2024\/09\/22bc18de-62d0-4c16-bc3e-bea1dba58afa-fotor-2024091318515-1024x806.jpg\" class=\"attachment-large size-large wp-image-23437\" alt=\"\" srcset=\"https:\/\/pc.sc.gov.br\/\/wp-content\/uploads\/2024\/09\/22bc18de-62d0-4c16-bc3e-bea1dba58afa-fotor-2024091318515-1024x806.jpg 1024w, https:\/\/pc.sc.gov.br\/\/wp-content\/uploads\/2024\/09\/22bc18de-62d0-4c16-bc3e-bea1dba58afa-fotor-2024091318515-300x236.jpg 300w, https:\/\/pc.sc.gov.br\/\/wp-content\/uploads\/2024\/09\/22bc18de-62d0-4c16-bc3e-bea1dba58afa-fotor-2024091318515-768x605.jpg 768w, https:\/\/pc.sc.gov.br\/\/wp-content\/uploads\/2024\/09\/22bc18de-62d0-4c16-bc3e-bea1dba58afa-fotor-2024091318515.jpg 1200w\" sizes=\"(max-width: 696px) 100vw, 696px\" \/>\t\t\t\t\t\t\t\t\t\t\t\t\t\t\t<\/div>\n\t\t\t\t<\/div>\n\t\t\t\t\t<\/div>\n\t\t<\/div>\n\t\t\t\t\t<\/div>\n\t\t<\/section>\n\t\t\t\t<section class=\"elementor-section elementor-top-section elementor-element elementor-element-49e82b8 elementor-section-boxed elementor-section-height-default elementor-section-height-default\" data-id=\"49e82b8\" data-element_type=\"section\">\n\t\t\t\t\t\t<div class=\"elementor-container elementor-column-gap-default\">\n\t\t\t\t\t<div class=\"elementor-column elementor-col-100 elementor-top-column elementor-element elementor-element-e4cd784\" data-id=\"e4cd784\" data-element_type=\"column\">\n\t\t\t<div class=\"elementor-widget-wrap elementor-element-populated\">\n\t\t\t\t\t\t<div class=\"elementor-element elementor-element-279313f elementor-widget elementor-widget-text-editor\" data-id=\"279313f\" data-element_type=\"widget\" data-widget_type=\"text-editor.default\">\n\t\t\t\t<div class=\"elementor-widget-container\">\n\t\t\t\t\t\t\t\t\t<p>A Pol\u00edcia Civil de Santa Catarina, por meio de a\u00e7\u00e3o conjunta da Delegacia de Combate \u00e0s Drogas (DECOD\/DIC) e da Delegacia de Repress\u00e3o \u00e0 Roubos (DRR\/DIC) do Departamento de Investiga\u00e7\u00f5es Criminal de Itaja\u00ed (DIC), deu cumprimento nesta sexta-feira, 13, a mandado de pris\u00e3o de um homem de homem. Ele \u00e9 natural do Par\u00e1 e foi condenado naquele estado pelo crime de tr\u00e1fico de drogas.<\/p>\n<p>Ap\u00f3s trocas de informa\u00e7\u00f5es de intelig\u00eancia entre as equipes da Delegacia de Marapanim\/PA e da DIC de Itaja\u00ed, o foragido foi capturado em seu local de trabalho na Praia Brava, Itaja\u00ed. O preso foi encaminhado ao sistema penitenci\u00e1rio, onde permanece \u00e0 disposi\u00e7\u00e3o da Justi\u00e7a.<\/p>\t\t\t\t\t\t\t\t<\/div>\n\t\t\t\t<\/div>\n\t\t\t\t\t<\/div>\n\t\t<\/div>\n\t\t\t\t\t<\/div>\n\t\t<\/section>\n\t\t\t\t<\/div>\n\t\t","protected":false},"excerpt":{"rendered":"<p>PCSC prende foragido do Par\u00e1 condenado pelo crime de tr\u00e1fico de drogas A Pol\u00edcia Civil de Santa Catarina, por meio de a\u00e7\u00e3o conjunta da Delegacia de Combate \u00e0s Drogas (DECOD\/DIC) e da Delegacia de Repress\u00e3o \u00e0 Roubos (DRR\/DIC) do Departamento de Investiga\u00e7\u00f5es Criminal de Itaja\u00ed (DIC), deu cumprimento nesta sexta-feira, 13, a mandado de pris\u00e3o [&hellip;]<\/p>\n","protected":false},"author":5,"featured_media":23437,"comment_status":"closed","ping_status":"open","sticky":false,"template":"","format":"standard","meta":{"_monsterinsights_skip_tracking":false,"_monsterinsights_sitenote_active":false,"_monsterinsights_sitenote_note":"","_monsterinsights_sitenote_category":0,"footnotes":""},"categories":[1],"tags":[],"class_list":["post-23436","post","type-post","status-publish","format-standard","has-post-thumbnail","hentry","category-sem-categoria"],"_links":{"self":[{"href":"https:\/\/pc.sc.gov.br\/index.php?rest_route=\/wp\/v2\/posts\/23436","targetHints":{"allow":["GET"]}}],"collection":[{"href":"https:\/\/pc.sc.gov.br\/index.php?rest_route=\/wp\/v2\/posts"}],"about":[{"href":"https:\/\/pc.sc.gov.br\/index.php?rest_route=\/wp\/v2\/types\/post"}],"author":[{"embeddable":true,"href":"https:\/\/pc.sc.gov.br\/index.php?rest_route=\/wp\/v2\/users\/5"}],"replies":[{"embeddable":true,"href":"https:\/\/pc.sc.gov.br\/index.php?rest_route=%2Fwp%2Fv2%2Fcomments&post=23436"}],"version-history":[{"count":4,"href":"https:\/\/pc.sc.gov.br\/index.php?rest_route=\/wp\/v2\/posts\/23436\/revisions"}],"predecessor-version":[{"id":23441,"href":"https:\/\/pc.sc.gov.br\/index.php?rest_route=\/wp\/v2\/posts\/23436\/revisions\/23441"}],"wp:featuredmedia":[{"embeddable":true,"href":"https:\/\/pc.sc.gov.br\/index.php?rest_route=\/wp\/v2\/media\/23437"}],"wp:attachment":[{"href":"https:\/\/pc.sc.gov.br\/index.php?rest_route=%2Fwp%2Fv2%2Fmedia&parent=23436"}],"wp:term":[{"taxonomy":"category","embeddable":true,"href":"https:\/\/pc.sc.gov.br\/index.php?rest_route=%2Fwp%2Fv2%2Fcategories&post=23436"},{"taxonomy":"post_tag","embeddable":true,"href":"https:\/\/pc.sc.gov.br\/index.php?rest_route=%2Fwp%2Fv2%2Ftags&post=23436"}],"curies":[{"name":"wp","href":"https:\/\/api.w.org\/{rel}","templated":true}]}}