{"id":23449,"date":"2024-09-16T17:18:58","date_gmt":"2024-09-16T20:18:58","guid":{"rendered":"https:\/\/pc.sc.gov.br\/?p=23449"},"modified":"2024-09-16T17:19:45","modified_gmt":"2024-09-16T20:19:45","slug":"em-palhoca-delegacia-de-capturas-da-deic-prende-homem-por-abusos-sexuais-praticados-contra-a-irma","status":"publish","type":"post","link":"https:\/\/pc.sc.gov.br\/?p=23449","title":{"rendered":"Em Palho\u00e7a, Delegacia de Capturas da DEIC prende homem por abusos sexuais praticados contra a irm\u00e3"},"content":{"rendered":"\t\t<div data-elementor-type=\"wp-post\" data-elementor-id=\"23449\" class=\"elementor elementor-23449\" data-elementor-post-type=\"post\">\n\t\t\t\t\t\t<section class=\"elementor-section elementor-top-section elementor-element elementor-element-bc140fd elementor-section-boxed elementor-section-height-default elementor-section-height-default\" data-id=\"bc140fd\" data-element_type=\"section\">\n\t\t\t\t\t\t<div class=\"elementor-container elementor-column-gap-default\">\n\t\t\t\t\t<div class=\"elementor-column elementor-col-100 elementor-top-column elementor-element elementor-element-530e297\" data-id=\"530e297\" data-element_type=\"column\">\n\t\t\t<div class=\"elementor-widget-wrap elementor-element-populated\">\n\t\t\t\t\t\t<div class=\"elementor-element elementor-element-0101e9a elementor-widget elementor-widget-heading\" data-id=\"0101e9a\" data-element_type=\"widget\" data-widget_type=\"heading.default\">\n\t\t\t\t<div class=\"elementor-widget-container\">\n\t\t\t\t\t<h2 class=\"elementor-heading-title elementor-size-default\">Em Palho\u00e7a, Delegacia de Capturas da DEIC prende homem por abusos sexuais praticados contra a irm\u00e3 <\/h2>\t\t\t\t<\/div>\n\t\t\t\t<\/div>\n\t\t\t\t\t<\/div>\n\t\t<\/div>\n\t\t\t\t\t<\/div>\n\t\t<\/section>\n\t\t\t\t<section class=\"elementor-section elementor-top-section elementor-element elementor-element-0e72ef4 elementor-section-boxed elementor-section-height-default elementor-section-height-default\" data-id=\"0e72ef4\" data-element_type=\"section\">\n\t\t\t\t\t\t<div class=\"elementor-container elementor-column-gap-default\">\n\t\t\t\t\t<div class=\"elementor-column elementor-col-100 elementor-top-column elementor-element elementor-element-bc5bae3\" data-id=\"bc5bae3\" data-element_type=\"column\">\n\t\t\t<div class=\"elementor-widget-wrap elementor-element-populated\">\n\t\t\t\t\t\t<div class=\"elementor-element elementor-element-6844ef0 elementor-widget elementor-widget-image\" data-id=\"6844ef0\" data-element_type=\"widget\" data-widget_type=\"image.default\">\n\t\t\t\t<div class=\"elementor-widget-container\">\n\t\t\t\t\t\t\t\t\t\t\t\t\t\t\t<img fetchpriority=\"high\" decoding=\"async\" width=\"696\" height=\"696\" src=\"https:\/\/pc.sc.gov.br\/\/wp-content\/uploads\/2024\/09\/ASCOM-FEED-64-2-768x768-1.jpg\" class=\"attachment-large size-large wp-image-23270\" alt=\"\" srcset=\"https:\/\/pc.sc.gov.br\/\/wp-content\/uploads\/2024\/09\/ASCOM-FEED-64-2-768x768-1.jpg 768w, https:\/\/pc.sc.gov.br\/\/wp-content\/uploads\/2024\/09\/ASCOM-FEED-64-2-768x768-1-300x300.jpg 300w, https:\/\/pc.sc.gov.br\/\/wp-content\/uploads\/2024\/09\/ASCOM-FEED-64-2-768x768-1-150x150.jpg 150w\" sizes=\"(max-width: 696px) 100vw, 696px\" \/>\t\t\t\t\t\t\t\t\t\t\t\t\t\t\t<\/div>\n\t\t\t\t<\/div>\n\t\t\t\t\t<\/div>\n\t\t<\/div>\n\t\t\t\t\t<\/div>\n\t\t<\/section>\n\t\t\t\t<section class=\"elementor-section elementor-top-section elementor-element elementor-element-b3c040f elementor-section-boxed elementor-section-height-default elementor-section-height-default\" data-id=\"b3c040f\" data-element_type=\"section\">\n\t\t\t\t\t\t<div class=\"elementor-container elementor-column-gap-default\">\n\t\t\t\t\t<div class=\"elementor-column elementor-col-100 elementor-top-column elementor-element elementor-element-f603c3f\" data-id=\"f603c3f\" data-element_type=\"column\">\n\t\t\t<div class=\"elementor-widget-wrap elementor-element-populated\">\n\t\t\t\t\t\t<div class=\"elementor-element elementor-element-5a26347 elementor-widget elementor-widget-text-editor\" data-id=\"5a26347\" data-element_type=\"widget\" data-widget_type=\"text-editor.default\">\n\t\t\t\t<div class=\"elementor-widget-container\">\n\t\t\t\t\t\t\t\t\t<p>Nesta segunda-feira (16\/09), a Pol\u00edcia Civil de Santa Catarina, por meio da Delegacia de Capturas da Diretoria Estadual de Investiga\u00e7\u00f5es Criminais, cumpriu mandado de pris\u00e3o, oriundo do Juizado da Viol\u00eancia Dom\u00e9stica e Familiar Contra Mulher da Comarca da Capital, expedido em desfavor de um homem pelos crimes previstos nos artigos 213 (estupro), 226 II (aumento da pena por ser irm\u00e3o) e 71 (crime continuado), todos do C\u00f3digo Penal.<\/p><p>Ap\u00f3s ter ci\u00eancia do referido mandado, os policiais da DECAP deram in\u00edcio \u00e0s dilig\u00eancias para localizar o paradeiro de homem, que foi localizado no bairro Alto Ariri\u00fa, na cidade de Palho\u00e7a. De acordo com a v\u00edtima, irm\u00e3 do homem, os abusos sexuais eram cometidos desde os seus nove anos de idade e ocorreram de forma cont\u00ednua at\u00e9 atingir \u00e0 maioridade. Por esses crimes, o homem foi condenado a 15 anos de reclus\u00e3o em regime fechado.\u00a0\u00a0\u00a0<\/p><p>A DECAP\/DEIC refor\u00e7a o seu compromisso em prol da seguran\u00e7a da sociedade catarinense e se compromete com as demais unidades policiais do estado no aux\u00edlio \u00e0 captura de foragidos.<\/p><p>Den\u00fancias e informa\u00e7\u00f5es relacionadas a foragidos da Justi\u00e7a podem ser encaminhadas para o e-mail deic-capturas@pc.sc.gov.br. Al\u00e9m disso, pelo\u00a0<strong><a href=\"https:\/\/sistemas.pc.sc.gov.br\/foragidos\/\">Portal Foragidos\u00a0da PCSC<\/a>\u00a0<\/strong>\u00e9 poss\u00edvel conhecer a rela\u00e7\u00e3o de procurados pela Justi\u00e7a. A Pol\u00edcia Civil de Santa Catarina garante o anonimato de quem prestar informa\u00e7\u00f5es sobre foragidos.<span style=\"font-weight: var( --e-global-typography-primary-font-weight );\">\u00a0<\/span><\/p>\t\t\t\t\t\t\t\t<\/div>\n\t\t\t\t<\/div>\n\t\t\t\t\t<\/div>\n\t\t<\/div>\n\t\t\t\t\t<\/div>\n\t\t<\/section>\n\t\t\t\t<\/div>\n\t\t","protected":false},"excerpt":{"rendered":"<p>Em Palho\u00e7a, Delegacia de Capturas da DEIC prende homem por abusos sexuais praticados contra a irm\u00e3 Nesta segunda-feira (16\/09), a Pol\u00edcia Civil de Santa Catarina, por meio da Delegacia de Capturas da Diretoria Estadual de Investiga\u00e7\u00f5es Criminais, cumpriu mandado de pris\u00e3o, oriundo do Juizado da Viol\u00eancia Dom\u00e9stica e Familiar Contra Mulher da Comarca da Capital, [&hellip;]<\/p>\n","protected":false},"author":5,"featured_media":23270,"comment_status":"closed","ping_status":"open","sticky":false,"template":"","format":"standard","meta":{"_monsterinsights_skip_tracking":false,"_monsterinsights_sitenote_active":false,"_monsterinsights_sitenote_note":"","_monsterinsights_sitenote_category":0,"footnotes":""},"categories":[1],"tags":[],"class_list":["post-23449","post","type-post","status-publish","format-standard","has-post-thumbnail","hentry","category-sem-categoria"],"_links":{"self":[{"href":"https:\/\/pc.sc.gov.br\/index.php?rest_route=\/wp\/v2\/posts\/23449","targetHints":{"allow":["GET"]}}],"collection":[{"href":"https:\/\/pc.sc.gov.br\/index.php?rest_route=\/wp\/v2\/posts"}],"about":[{"href":"https:\/\/pc.sc.gov.br\/index.php?rest_route=\/wp\/v2\/types\/post"}],"author":[{"embeddable":true,"href":"https:\/\/pc.sc.gov.br\/index.php?rest_route=\/wp\/v2\/users\/5"}],"replies":[{"embeddable":true,"href":"https:\/\/pc.sc.gov.br\/index.php?rest_route=%2Fwp%2Fv2%2Fcomments&post=23449"}],"version-history":[{"count":4,"href":"https:\/\/pc.sc.gov.br\/index.php?rest_route=\/wp\/v2\/posts\/23449\/revisions"}],"predecessor-version":[{"id":23453,"href":"https:\/\/pc.sc.gov.br\/index.php?rest_route=\/wp\/v2\/posts\/23449\/revisions\/23453"}],"wp:featuredmedia":[{"embeddable":true,"href":"https:\/\/pc.sc.gov.br\/index.php?rest_route=\/wp\/v2\/media\/23270"}],"wp:attachment":[{"href":"https:\/\/pc.sc.gov.br\/index.php?rest_route=%2Fwp%2Fv2%2Fmedia&parent=23449"}],"wp:term":[{"taxonomy":"category","embeddable":true,"href":"https:\/\/pc.sc.gov.br\/index.php?rest_route=%2Fwp%2Fv2%2Fcategories&post=23449"},{"taxonomy":"post_tag","embeddable":true,"href":"https:\/\/pc.sc.gov.br\/index.php?rest_route=%2Fwp%2Fv2%2Ftags&post=23449"}],"curies":[{"name":"wp","href":"https:\/\/api.w.org\/{rel}","templated":true}]}}