{"id":23472,"date":"2024-09-17T13:55:06","date_gmt":"2024-09-17T16:55:06","guid":{"rendered":"https:\/\/pc.sc.gov.br\/?p=23472"},"modified":"2024-09-17T13:56:24","modified_gmt":"2024-09-17T16:56:24","slug":"no-parana-policia-civil-prende-homem-suspeito-por-homicidio-ocorrido-em-balneario-picarras","status":"publish","type":"post","link":"https:\/\/pc.sc.gov.br\/?p=23472","title":{"rendered":"No Paran\u00e1, Pol\u00edcia Civil prende homem suspeito por homic\u00eddio ocorrido em Balne\u00e1rio Pi\u00e7arras"},"content":{"rendered":"\t\t<div data-elementor-type=\"wp-post\" data-elementor-id=\"23472\" class=\"elementor elementor-23472\" data-elementor-post-type=\"post\">\n\t\t\t\t\t\t<section class=\"elementor-section elementor-top-section elementor-element elementor-element-45249d2 elementor-section-boxed elementor-section-height-default elementor-section-height-default\" data-id=\"45249d2\" data-element_type=\"section\">\n\t\t\t\t\t\t<div class=\"elementor-container elementor-column-gap-default\">\n\t\t\t\t\t<div class=\"elementor-column elementor-col-100 elementor-top-column elementor-element elementor-element-b08b3f2\" data-id=\"b08b3f2\" data-element_type=\"column\">\n\t\t\t<div class=\"elementor-widget-wrap elementor-element-populated\">\n\t\t\t\t\t\t<div class=\"elementor-element elementor-element-981e581 elementor-widget elementor-widget-heading\" data-id=\"981e581\" data-element_type=\"widget\" data-widget_type=\"heading.default\">\n\t\t\t\t<div class=\"elementor-widget-container\">\n\t\t\t\t\t<h2 class=\"elementor-heading-title elementor-size-default\">No Paran\u00e1, Pol\u00edcia Civil prende homem suspeito por homic\u00eddio ocorrido em Balne\u00e1rio Pi\u00e7arras<\/h2>\t\t\t\t<\/div>\n\t\t\t\t<\/div>\n\t\t\t\t\t<\/div>\n\t\t<\/div>\n\t\t\t\t\t<\/div>\n\t\t<\/section>\n\t\t\t\t<section class=\"elementor-section elementor-top-section elementor-element elementor-element-68e5b8d elementor-section-boxed elementor-section-height-default elementor-section-height-default\" data-id=\"68e5b8d\" data-element_type=\"section\">\n\t\t\t\t\t\t<div class=\"elementor-container elementor-column-gap-default\">\n\t\t\t\t\t<div class=\"elementor-column elementor-col-100 elementor-top-column elementor-element elementor-element-1d3c8bd\" data-id=\"1d3c8bd\" data-element_type=\"column\">\n\t\t\t<div class=\"elementor-widget-wrap elementor-element-populated\">\n\t\t\t\t\t\t<div class=\"elementor-element elementor-element-688a577 elementor-widget elementor-widget-image\" data-id=\"688a577\" data-element_type=\"widget\" data-widget_type=\"image.default\">\n\t\t\t\t<div class=\"elementor-widget-container\">\n\t\t\t\t\t\t\t\t\t\t\t\t\t\t\t<img fetchpriority=\"high\" decoding=\"async\" width=\"696\" height=\"696\" src=\"https:\/\/pc.sc.gov.br\/\/wp-content\/uploads\/2024\/09\/ASCOM-FEED-64-2-768x768-1.jpg\" class=\"attachment-large size-large wp-image-23270\" alt=\"\" srcset=\"https:\/\/pc.sc.gov.br\/\/wp-content\/uploads\/2024\/09\/ASCOM-FEED-64-2-768x768-1.jpg 768w, https:\/\/pc.sc.gov.br\/\/wp-content\/uploads\/2024\/09\/ASCOM-FEED-64-2-768x768-1-300x300.jpg 300w, https:\/\/pc.sc.gov.br\/\/wp-content\/uploads\/2024\/09\/ASCOM-FEED-64-2-768x768-1-150x150.jpg 150w\" sizes=\"(max-width: 696px) 100vw, 696px\" \/>\t\t\t\t\t\t\t\t\t\t\t\t\t\t\t<\/div>\n\t\t\t\t<\/div>\n\t\t\t\t\t<\/div>\n\t\t<\/div>\n\t\t\t\t\t<\/div>\n\t\t<\/section>\n\t\t\t\t<section class=\"elementor-section elementor-top-section elementor-element elementor-element-e924163 elementor-section-boxed elementor-section-height-default elementor-section-height-default\" data-id=\"e924163\" data-element_type=\"section\">\n\t\t\t\t\t\t<div class=\"elementor-container elementor-column-gap-default\">\n\t\t\t\t\t<div class=\"elementor-column elementor-col-100 elementor-top-column elementor-element elementor-element-dfb24ca\" data-id=\"dfb24ca\" data-element_type=\"column\">\n\t\t\t<div class=\"elementor-widget-wrap elementor-element-populated\">\n\t\t\t\t\t\t<div class=\"elementor-element elementor-element-cf084a9 elementor-widget elementor-widget-text-editor\" data-id=\"cf084a9\" data-element_type=\"widget\" data-widget_type=\"text-editor.default\">\n\t\t\t\t<div class=\"elementor-widget-container\">\n\t\t\t\t\t\t\t\t\t<p>Nesta ter\u00e7a-feira (17\/09), a Pol\u00edcia Civil de Santa Catarina, por meio da Delegacia de Capturas da Diretoria Estadual de Investiga\u00e7\u00f5es Criminais e da Delegacia de Pol\u00edcia da Comarca de Balne\u00e1rio Pi\u00e7arras, deflagrou uma opera\u00e7\u00e3o no estado do Paran\u00e1 para o cumprimento de mandados de busca e apreens\u00e3o e de pris\u00e3o em desfavor de um homem suspeito de ser autor de crime de homic\u00eddio ocorrido no m\u00eas de julho deste ano.<\/p><p>A investiga\u00e7\u00e3o, conduzida pela DPCO de Balne\u00e1rio Pi\u00e7arras, verificou que ap\u00f3s uma discuss\u00e3o em um bar, o suspeito teria emboscado a v\u00edtima, desferido diversos golpes de faca e levado o corpo para ser abandonado em uma via localizada no interior do munic\u00edpio de Balne\u00e1rio Pi\u00e7arras. Foi representado pela pris\u00e3o tempor\u00e1ria do homem.<\/p><p>A unidade policial solicitou apoio operacional para a DECAP\/DEIC, j\u00e1 que, ap\u00f3s a ocorr\u00eancia do crime, o homem n\u00e3o foi mais encontrado e a suspeita era que ele teria se evadido para o estado do Paran\u00e1.<\/p><p>Ap\u00f3s diversas dilig\u00eancias policiais, foi poss\u00edvel identificar o paradeiro do investigado, sendo que os mandados judiciais foram cumpridos, nesta ter\u00e7a-feira (19\/09), em Santa Helena, no Paran\u00e1, munic\u00edpio fronteiri\u00e7o ao Paraguai.<\/p><p>A DECAP\/DEIC refor\u00e7a o seu compromisso em prol da seguran\u00e7a da sociedade catarinense e se compromete com as demais unidades policiais do estado no aux\u00edlio \u00e0 captura de foragidos.<\/p><p>Den\u00fancias e informa\u00e7\u00f5es relacionadas a foragidos da Justi\u00e7a podem ser encaminhadas para o e-mail deic-capturas@pc.sc.gov.br. Al\u00e9m disso, pelo\u00a0<strong><a href=\"https:\/\/sistemas.pc.sc.gov.br\/foragidos\/\">Portal Foragidos\u00a0da PCSC<\/a>\u00a0<\/strong>\u00e9 poss\u00edvel conhecer a rela\u00e7\u00e3o de procurados pela Justi\u00e7a. A Pol\u00edcia Civil de Santa Catarina garante o anonimato de quem prestar informa\u00e7\u00f5es sobre foragidos.<span style=\"font-weight: var( --e-global-typography-primary-font-weight );\">\u00a0<\/span><\/p>\t\t\t\t\t\t\t\t<\/div>\n\t\t\t\t<\/div>\n\t\t\t\t\t<\/div>\n\t\t<\/div>\n\t\t\t\t\t<\/div>\n\t\t<\/section>\n\t\t\t\t<\/div>\n\t\t","protected":false},"excerpt":{"rendered":"<p>No Paran\u00e1, Pol\u00edcia Civil prende homem suspeito por homic\u00eddio ocorrido em Balne\u00e1rio Pi\u00e7arras Nesta ter\u00e7a-feira (17\/09), a Pol\u00edcia Civil de Santa Catarina, por meio da Delegacia de Capturas da Diretoria Estadual de Investiga\u00e7\u00f5es Criminais e da Delegacia de Pol\u00edcia da Comarca de Balne\u00e1rio Pi\u00e7arras, deflagrou uma opera\u00e7\u00e3o no estado do Paran\u00e1 para o cumprimento de [&hellip;]<\/p>\n","protected":false},"author":5,"featured_media":23270,"comment_status":"closed","ping_status":"open","sticky":false,"template":"","format":"standard","meta":{"_monsterinsights_skip_tracking":false,"_monsterinsights_sitenote_active":false,"_monsterinsights_sitenote_note":"","_monsterinsights_sitenote_category":0,"footnotes":""},"categories":[1],"tags":[],"class_list":["post-23472","post","type-post","status-publish","format-standard","has-post-thumbnail","hentry","category-sem-categoria"],"_links":{"self":[{"href":"https:\/\/pc.sc.gov.br\/index.php?rest_route=\/wp\/v2\/posts\/23472","targetHints":{"allow":["GET"]}}],"collection":[{"href":"https:\/\/pc.sc.gov.br\/index.php?rest_route=\/wp\/v2\/posts"}],"about":[{"href":"https:\/\/pc.sc.gov.br\/index.php?rest_route=\/wp\/v2\/types\/post"}],"author":[{"embeddable":true,"href":"https:\/\/pc.sc.gov.br\/index.php?rest_route=\/wp\/v2\/users\/5"}],"replies":[{"embeddable":true,"href":"https:\/\/pc.sc.gov.br\/index.php?rest_route=%2Fwp%2Fv2%2Fcomments&post=23472"}],"version-history":[{"count":4,"href":"https:\/\/pc.sc.gov.br\/index.php?rest_route=\/wp\/v2\/posts\/23472\/revisions"}],"predecessor-version":[{"id":23476,"href":"https:\/\/pc.sc.gov.br\/index.php?rest_route=\/wp\/v2\/posts\/23472\/revisions\/23476"}],"wp:featuredmedia":[{"embeddable":true,"href":"https:\/\/pc.sc.gov.br\/index.php?rest_route=\/wp\/v2\/media\/23270"}],"wp:attachment":[{"href":"https:\/\/pc.sc.gov.br\/index.php?rest_route=%2Fwp%2Fv2%2Fmedia&parent=23472"}],"wp:term":[{"taxonomy":"category","embeddable":true,"href":"https:\/\/pc.sc.gov.br\/index.php?rest_route=%2Fwp%2Fv2%2Fcategories&post=23472"},{"taxonomy":"post_tag","embeddable":true,"href":"https:\/\/pc.sc.gov.br\/index.php?rest_route=%2Fwp%2Fv2%2Ftags&post=23472"}],"curies":[{"name":"wp","href":"https:\/\/api.w.org\/{rel}","templated":true}]}}