{"id":23477,"date":"2024-09-17T14:24:14","date_gmt":"2024-09-17T17:24:14","guid":{"rendered":"https:\/\/pc.sc.gov.br\/?p=23477"},"modified":"2024-09-17T14:25:46","modified_gmt":"2024-09-17T17:25:46","slug":"policia-civil-e-cybergaeco-deflagram-nova-fase-da-operacao-anuncio-fake-em-combate-ao-golpe-do-falso-aluguel-de-temporada-e-prendem-seis-pessoas","status":"publish","type":"post","link":"https:\/\/pc.sc.gov.br\/?p=23477","title":{"rendered":"Pol\u00edcia Civil e CyberGAECO deflagram nova fase da opera\u00e7\u00e3o \u201cAn\u00fancio Fake\u201d em combate ao golpe do falso aluguel de temporada e prendem seis pessoas"},"content":{"rendered":"\t\t<div data-elementor-type=\"wp-post\" data-elementor-id=\"23477\" class=\"elementor elementor-23477\" data-elementor-post-type=\"post\">\n\t\t\t\t\t\t<section class=\"elementor-section elementor-top-section elementor-element elementor-element-3b801ba elementor-section-boxed elementor-section-height-default elementor-section-height-default\" data-id=\"3b801ba\" data-element_type=\"section\">\n\t\t\t\t\t\t<div class=\"elementor-container elementor-column-gap-default\">\n\t\t\t\t\t<div class=\"elementor-column elementor-col-100 elementor-top-column elementor-element elementor-element-a0f1da7\" data-id=\"a0f1da7\" data-element_type=\"column\">\n\t\t\t<div class=\"elementor-widget-wrap elementor-element-populated\">\n\t\t\t\t\t\t<div class=\"elementor-element elementor-element-46195fa elementor-widget elementor-widget-heading\" data-id=\"46195fa\" data-element_type=\"widget\" data-widget_type=\"heading.default\">\n\t\t\t\t<div class=\"elementor-widget-container\">\n\t\t\t\t\t<h2 class=\"elementor-heading-title elementor-size-default\">Pol\u00edcia Civil e SC e CyberGAECO deflagram nova fase da opera\u00e7\u00e3o \u201cAn\u00fancio Fake\u201d em combate ao golpe do falso aluguel de temporada e prendem seis pessoas<\/h2>\t\t\t\t<\/div>\n\t\t\t\t<\/div>\n\t\t\t\t\t<\/div>\n\t\t<\/div>\n\t\t\t\t\t<\/div>\n\t\t<\/section>\n\t\t\t\t<section class=\"elementor-section elementor-top-section elementor-element elementor-element-10d5359 elementor-section-boxed elementor-section-height-default elementor-section-height-default\" data-id=\"10d5359\" data-element_type=\"section\">\n\t\t\t\t\t\t<div class=\"elementor-container elementor-column-gap-default\">\n\t\t\t\t\t<div class=\"elementor-column elementor-col-100 elementor-top-column elementor-element elementor-element-c9e3b48\" data-id=\"c9e3b48\" data-element_type=\"column\">\n\t\t\t<div class=\"elementor-widget-wrap elementor-element-populated\">\n\t\t\t\t\t\t<div class=\"elementor-element elementor-element-2c3bc68 elementor-widget elementor-widget-image\" data-id=\"2c3bc68\" data-element_type=\"widget\" data-widget_type=\"image.default\">\n\t\t\t\t<div class=\"elementor-widget-container\">\n\t\t\t\t\t\t\t\t\t\t\t\t\t\t\t<img fetchpriority=\"high\" decoding=\"async\" width=\"696\" height=\"928\" src=\"https:\/\/pc.sc.gov.br\/\/wp-content\/uploads\/2024\/09\/WhatsApp-Image-2024-09-17-at-09.21.36-768x1024.jpeg\" class=\"attachment-large size-large wp-image-23478\" alt=\"\" srcset=\"https:\/\/pc.sc.gov.br\/\/wp-content\/uploads\/2024\/09\/WhatsApp-Image-2024-09-17-at-09.21.36-768x1024.jpeg 768w, https:\/\/pc.sc.gov.br\/\/wp-content\/uploads\/2024\/09\/WhatsApp-Image-2024-09-17-at-09.21.36-225x300.jpeg 225w, https:\/\/pc.sc.gov.br\/\/wp-content\/uploads\/2024\/09\/WhatsApp-Image-2024-09-17-at-09.21.36-1152x1536.jpeg 1152w, https:\/\/pc.sc.gov.br\/\/wp-content\/uploads\/2024\/09\/WhatsApp-Image-2024-09-17-at-09.21.36.jpeg 1200w\" sizes=\"(max-width: 696px) 100vw, 696px\" \/>\t\t\t\t\t\t\t\t\t\t\t\t\t\t\t<\/div>\n\t\t\t\t<\/div>\n\t\t\t\t\t<\/div>\n\t\t<\/div>\n\t\t\t\t\t<\/div>\n\t\t<\/section>\n\t\t\t\t<section class=\"elementor-section elementor-top-section elementor-element elementor-element-c733f2f elementor-section-boxed elementor-section-height-default elementor-section-height-default\" data-id=\"c733f2f\" data-element_type=\"section\">\n\t\t\t\t\t\t<div class=\"elementor-container elementor-column-gap-default\">\n\t\t\t\t\t<div class=\"elementor-column elementor-col-100 elementor-top-column elementor-element elementor-element-82cc307\" data-id=\"82cc307\" data-element_type=\"column\">\n\t\t\t<div class=\"elementor-widget-wrap elementor-element-populated\">\n\t\t\t\t\t\t<div class=\"elementor-element elementor-element-b26dbaf elementor-widget elementor-widget-text-editor\" data-id=\"b26dbaf\" data-element_type=\"widget\" data-widget_type=\"text-editor.default\">\n\t\t\t\t<div class=\"elementor-widget-container\">\n\t\t\t\t\t\t\t\t\t<p>A Pol\u00edcia Civil de Santa Catarina, por meio da Delegacia de Pol\u00edcia da Comarca de Bombinhas, em conjunto com o Grupo de Investiga\u00e7\u00e3o de Crimes Cibern\u00e9ticos (CyberGAECO), com apoio do Grupo de Atua\u00e7\u00e3o Especial de Combate ao Crime Organizado do Rio Grande do Sul (GAECO\/MPRS), deflagraram, nesta ter\u00e7a-feira (17\/09), a segunda fase da opera\u00e7\u00e3o \u201cAn\u00fancio Fake\u201d.<\/p><p>A opera\u00e7\u00e3o tem o objetivo de dar cumprimento a seis mandados de pris\u00e3o preventiva e sete mandados de busca e apreens\u00e3o, expedidos pela Vara Regional de Garantias da Comarca de Balne\u00e1rio Cambori\u00fa, nas cidades ga\u00fachas de Porto Alegre, Esteio e Alvorada. As ordens judiciais foram deferidas ap\u00f3s representa\u00e7\u00e3o da DPCO de Bombinhas e requerimento da 2\u00aa Promotoria de Justi\u00e7a da Comarca de Porto Belo, formulados a partir de relat\u00f3rio de investiga\u00e7\u00e3o elaborado pelo CyberGAECO.<\/p><p><strong>Segunda fase<\/strong><\/p><p>Ap\u00f3s a deflagra\u00e7\u00e3o da primeira fase da opera\u00e7\u00e3o, em 13 de setembro do ano passado, com a an\u00e1lise dos dados extra\u00eddos pela Pol\u00edcia Cient\u00edfica e uso de t\u00e9cnicas de investiga\u00e7\u00e3o cibern\u00e9tica, foi poss\u00edvel confirmar a exist\u00eancia de uma suposta organiza\u00e7\u00e3o criminosa que aplicava o golpe no litoral norte catarinense, a partir do Rio Grande do Sul, e que trouxe preju\u00edzos financeiros e frustrou as f\u00e9rias de diversas pessoas que buscavam veranear em Santa Catarina.<\/p><p>Al\u00e9m disso, foi poss\u00edvel identificar interpostas pessoas, popularmente conhecidas como \u201claranjas\u201d, que conscientemente forneciam suas contas para o recebimento dos valores transferidos pelas v\u00edtimas visando ocultar a origem do dinheiro antes da revers\u00e3o em favor dos l\u00edderes da organiza\u00e7\u00e3o.<\/p><p>Essa fase da opera\u00e7\u00e3o tamb\u00e9m \u00e9 focada na persecu\u00e7\u00e3o patrimonial: o provimento jurisdicional tamb\u00e9m determinou o bloqueio de valores depositados em contas pertencentes aos investigados, at\u00e9 o montante de R$ 150.000,00, a indisponibilidade de bens im\u00f3veis registrados em nome dos investigados, a apreens\u00e3o de ve\u00edculos registrados em nome dos investigados \u2013 ou que estejam em suas posses \u2013 e o bloqueio de criptoativos eventualmente titularizados pelos investigados.<\/p><p>Participam da opera\u00e7\u00e3o os GAECOs de Santa Catarina e do Rio Grande do Sul, bem como Policiais Civis de Santa Catarina.<\/p><p><strong>Relembre a Primeira fase da Opera\u00e7\u00e3o<\/strong><\/p><p>Na primeira fase da opera\u00e7\u00e3o, deflagrada em 13 de setembro de 2023, o objetivo foi desmantelar grupo criminoso que atuava desde 2018 na regi\u00e3o litor\u00e2nea de Santa Catarina aplicando golpes relacionados a falsos alugu\u00e9is de temporada (veraneio), com a veicula\u00e7\u00e3o, inclusive, de an\u00fancios em conhecidas plataformas virtuais para dar maior credibilidade \u00e0s ofertas enganosas.<\/p><p>Na ocasi\u00e3o, dois mandados de pris\u00e3o preventiva e seis mandados de busca e apreens\u00e3o foram cumpridos nos Estados de S\u00e3o Paulo e do Rio Grande do Sul.<\/p>\t\t\t\t\t\t\t\t<\/div>\n\t\t\t\t<\/div>\n\t\t\t\t\t<\/div>\n\t\t<\/div>\n\t\t\t\t\t<\/div>\n\t\t<\/section>\n\t\t\t\t<section class=\"elementor-section elementor-top-section elementor-element elementor-element-af61bd5 elementor-section-boxed elementor-section-height-default elementor-section-height-default\" data-id=\"af61bd5\" data-element_type=\"section\">\n\t\t\t\t\t\t<div class=\"elementor-container elementor-column-gap-default\">\n\t\t\t\t\t<div class=\"elementor-column elementor-col-100 elementor-top-column elementor-element elementor-element-d341f99\" data-id=\"d341f99\" data-element_type=\"column\">\n\t\t\t<div class=\"elementor-widget-wrap elementor-element-populated\">\n\t\t\t\t\t\t<div class=\"elementor-element elementor-element-b66141a elementor-widget elementor-widget-image\" data-id=\"b66141a\" data-element_type=\"widget\" data-widget_type=\"image.default\">\n\t\t\t\t<div class=\"elementor-widget-container\">\n\t\t\t\t\t\t\t\t\t\t\t\t\t\t\t<img decoding=\"async\" width=\"696\" height=\"928\" src=\"https:\/\/pc.sc.gov.br\/\/wp-content\/uploads\/2024\/09\/WhatsApp-Image-2024-09-17-at-09.21.35-768x1024.jpeg\" class=\"attachment-large size-large wp-image-23480\" alt=\"\" srcset=\"https:\/\/pc.sc.gov.br\/\/wp-content\/uploads\/2024\/09\/WhatsApp-Image-2024-09-17-at-09.21.35-768x1024.jpeg 768w, https:\/\/pc.sc.gov.br\/\/wp-content\/uploads\/2024\/09\/WhatsApp-Image-2024-09-17-at-09.21.35-225x300.jpeg 225w, https:\/\/pc.sc.gov.br\/\/wp-content\/uploads\/2024\/09\/WhatsApp-Image-2024-09-17-at-09.21.35-1152x1536.jpeg 1152w, https:\/\/pc.sc.gov.br\/\/wp-content\/uploads\/2024\/09\/WhatsApp-Image-2024-09-17-at-09.21.35.jpeg 1200w\" sizes=\"(max-width: 696px) 100vw, 696px\" \/>\t\t\t\t\t\t\t\t\t\t\t\t\t\t\t<\/div>\n\t\t\t\t<\/div>\n\t\t\t\t\t<\/div>\n\t\t<\/div>\n\t\t\t\t\t<\/div>\n\t\t<\/section>\n\t\t\t\t<\/div>\n\t\t","protected":false},"excerpt":{"rendered":"<p>Pol\u00edcia Civil e SC e CyberGAECO deflagram nova fase da opera\u00e7\u00e3o \u201cAn\u00fancio Fake\u201d em combate ao golpe do falso aluguel de temporada e prendem seis pessoas A Pol\u00edcia Civil de Santa Catarina, por meio da Delegacia de Pol\u00edcia da Comarca de Bombinhas, em conjunto com o Grupo de Investiga\u00e7\u00e3o de Crimes Cibern\u00e9ticos (CyberGAECO), com apoio [&hellip;]<\/p>\n","protected":false},"author":5,"featured_media":23480,"comment_status":"closed","ping_status":"open","sticky":false,"template":"","format":"standard","meta":{"_monsterinsights_skip_tracking":false,"_monsterinsights_sitenote_active":false,"_monsterinsights_sitenote_note":"","_monsterinsights_sitenote_category":0,"footnotes":""},"categories":[1],"tags":[],"class_list":["post-23477","post","type-post","status-publish","format-standard","has-post-thumbnail","hentry","category-sem-categoria"],"_links":{"self":[{"href":"https:\/\/pc.sc.gov.br\/index.php?rest_route=\/wp\/v2\/posts\/23477","targetHints":{"allow":["GET"]}}],"collection":[{"href":"https:\/\/pc.sc.gov.br\/index.php?rest_route=\/wp\/v2\/posts"}],"about":[{"href":"https:\/\/pc.sc.gov.br\/index.php?rest_route=\/wp\/v2\/types\/post"}],"author":[{"embeddable":true,"href":"https:\/\/pc.sc.gov.br\/index.php?rest_route=\/wp\/v2\/users\/5"}],"replies":[{"embeddable":true,"href":"https:\/\/pc.sc.gov.br\/index.php?rest_route=%2Fwp%2Fv2%2Fcomments&post=23477"}],"version-history":[{"count":5,"href":"https:\/\/pc.sc.gov.br\/index.php?rest_route=\/wp\/v2\/posts\/23477\/revisions"}],"predecessor-version":[{"id":23485,"href":"https:\/\/pc.sc.gov.br\/index.php?rest_route=\/wp\/v2\/posts\/23477\/revisions\/23485"}],"wp:featuredmedia":[{"embeddable":true,"href":"https:\/\/pc.sc.gov.br\/index.php?rest_route=\/wp\/v2\/media\/23480"}],"wp:attachment":[{"href":"https:\/\/pc.sc.gov.br\/index.php?rest_route=%2Fwp%2Fv2%2Fmedia&parent=23477"}],"wp:term":[{"taxonomy":"category","embeddable":true,"href":"https:\/\/pc.sc.gov.br\/index.php?rest_route=%2Fwp%2Fv2%2Fcategories&post=23477"},{"taxonomy":"post_tag","embeddable":true,"href":"https:\/\/pc.sc.gov.br\/index.php?rest_route=%2Fwp%2Fv2%2Ftags&post=23477"}],"curies":[{"name":"wp","href":"https:\/\/api.w.org\/{rel}","templated":true}]}}