{"id":23486,"date":"2024-09-17T14:43:32","date_gmt":"2024-09-17T17:43:32","guid":{"rendered":"https:\/\/pc.sc.gov.br\/?p=23486"},"modified":"2024-09-17T14:44:21","modified_gmt":"2024-09-17T17:44:21","slug":"policia-civil-prende-traficante-que-atuava-com-transporte-de-drogas-para-o-rio-grande-do-sul","status":"publish","type":"post","link":"https:\/\/pc.sc.gov.br\/?p=23486","title":{"rendered":"Pol\u00edcia Civil prende traficante que atuava com transporte de drogas para o Rio Grande do Sul"},"content":{"rendered":"\t\t<div data-elementor-type=\"wp-post\" data-elementor-id=\"23486\" class=\"elementor elementor-23486\" data-elementor-post-type=\"post\">\n\t\t\t\t\t\t<section class=\"elementor-section elementor-top-section elementor-element elementor-element-6a02700 elementor-section-boxed elementor-section-height-default elementor-section-height-default\" data-id=\"6a02700\" data-element_type=\"section\">\n\t\t\t\t\t\t<div class=\"elementor-container elementor-column-gap-default\">\n\t\t\t\t\t<div class=\"elementor-column elementor-col-100 elementor-top-column elementor-element elementor-element-fa1a08c\" data-id=\"fa1a08c\" data-element_type=\"column\">\n\t\t\t<div class=\"elementor-widget-wrap elementor-element-populated\">\n\t\t\t\t\t\t<div class=\"elementor-element elementor-element-3cf11e7 elementor-widget elementor-widget-heading\" data-id=\"3cf11e7\" data-element_type=\"widget\" data-widget_type=\"heading.default\">\n\t\t\t\t<div class=\"elementor-widget-container\">\n\t\t\t\t\t<h2 class=\"elementor-heading-title elementor-size-default\">Pol\u00edcia Civil prende traficante que atuava com transporte de drogas para o Rio Grande do Sul <\/h2>\t\t\t\t<\/div>\n\t\t\t\t<\/div>\n\t\t\t\t\t<\/div>\n\t\t<\/div>\n\t\t\t\t\t<\/div>\n\t\t<\/section>\n\t\t\t\t<section class=\"elementor-section elementor-top-section elementor-element elementor-element-e7a93d2 elementor-section-boxed elementor-section-height-default elementor-section-height-default\" data-id=\"e7a93d2\" data-element_type=\"section\">\n\t\t\t\t\t\t<div class=\"elementor-container elementor-column-gap-default\">\n\t\t\t\t\t<div class=\"elementor-column elementor-col-100 elementor-top-column elementor-element elementor-element-dfc270e\" data-id=\"dfc270e\" data-element_type=\"column\">\n\t\t\t<div class=\"elementor-widget-wrap elementor-element-populated\">\n\t\t\t\t\t\t<div class=\"elementor-element elementor-element-c2070d8 elementor-widget elementor-widget-image\" data-id=\"c2070d8\" data-element_type=\"widget\" data-widget_type=\"image.default\">\n\t\t\t\t<div class=\"elementor-widget-container\">\n\t\t\t\t\t\t\t\t\t\t\t\t\t\t\t<img fetchpriority=\"high\" decoding=\"async\" width=\"696\" height=\"407\" src=\"https:\/\/pc.sc.gov.br\/\/wp-content\/uploads\/2024\/09\/WhatsApp-Image-2024-09-17-at-11.39.32.jpeg\" class=\"attachment-large size-large wp-image-23487\" alt=\"\" srcset=\"https:\/\/pc.sc.gov.br\/\/wp-content\/uploads\/2024\/09\/WhatsApp-Image-2024-09-17-at-11.39.32.jpeg 864w, https:\/\/pc.sc.gov.br\/\/wp-content\/uploads\/2024\/09\/WhatsApp-Image-2024-09-17-at-11.39.32-300x175.jpeg 300w, https:\/\/pc.sc.gov.br\/\/wp-content\/uploads\/2024\/09\/WhatsApp-Image-2024-09-17-at-11.39.32-768x449.jpeg 768w\" sizes=\"(max-width: 696px) 100vw, 696px\" \/>\t\t\t\t\t\t\t\t\t\t\t\t\t\t\t<\/div>\n\t\t\t\t<\/div>\n\t\t\t\t\t<\/div>\n\t\t<\/div>\n\t\t\t\t\t<\/div>\n\t\t<\/section>\n\t\t\t\t<section class=\"elementor-section elementor-top-section elementor-element elementor-element-9889577 elementor-section-boxed elementor-section-height-default elementor-section-height-default\" data-id=\"9889577\" data-element_type=\"section\">\n\t\t\t\t\t\t<div class=\"elementor-container elementor-column-gap-default\">\n\t\t\t\t\t<div class=\"elementor-column elementor-col-100 elementor-top-column elementor-element elementor-element-a2ae732\" data-id=\"a2ae732\" data-element_type=\"column\">\n\t\t\t<div class=\"elementor-widget-wrap elementor-element-populated\">\n\t\t\t\t\t\t<div class=\"elementor-element elementor-element-e36e093 elementor-widget elementor-widget-text-editor\" data-id=\"e36e093\" data-element_type=\"widget\" data-widget_type=\"text-editor.default\">\n\t\t\t\t<div class=\"elementor-widget-container\">\n\t\t\t\t\t\t\t\t\t<p>A Pol\u00edcia Civil de Santa Catarina, por meio da Delegacia de Repress\u00e3o \u00e0s Drogas da Diretoria Estadual de Investiga\u00e7\u00f5es Criminais, deu cumprimento a um mandado de pris\u00e3o preventiva e a dois mandados de busca e apreens\u00e3o, na manh\u00e3 desta ter\u00e7a-feira (17\/09). A a\u00e7\u00e3o ocorreu simultaneamente em S\u00e3o Jos\u00e9 e Palho\u00e7a.<\/p><p>As investiga\u00e7\u00f5es iniciaram ap\u00f3s coleta de informa\u00e7\u00f5es pela Delegacia de Pol\u00edcia da Comarca de Sombrio, que atuou em conjunto nas investiga\u00e7\u00f5es. No decorrer da investiga\u00e7\u00e3o, verificou-se que uma carga de drogas (241 kg de maconha, 10 kg de pasta base e 6 kg de coca\u00edna), apreendida em Os\u00f3rio, no Rio Grande do Sul, teve como origem a regi\u00e3o da Grande Florian\u00f3polis. Foram identificados outros envolvidos e o local de abastecimento das drogas.<\/p><p>O homem preso hoje \u00e9 investigado por ser um dos respons\u00e1veis pela carga de drogas mencionada. O material apreendido durante as buscas ser\u00e1 analisado para dar continuidade \u00e0s investiga\u00e7\u00f5es em andamento. A opera\u00e7\u00e3o policial contou com o apoio de policiais da DEIC e do Departamento de Investiga\u00e7\u00f5es Criminais &#8211; DIC de S\u00e3o Jos\u00e9.<\/p>\t\t\t\t\t\t\t\t<\/div>\n\t\t\t\t<\/div>\n\t\t\t\t\t<\/div>\n\t\t<\/div>\n\t\t\t\t\t<\/div>\n\t\t<\/section>\n\t\t\t\t<\/div>\n\t\t","protected":false},"excerpt":{"rendered":"<p>Pol\u00edcia Civil prende traficante que atuava com transporte de drogas para o Rio Grande do Sul A Pol\u00edcia Civil de Santa Catarina, por meio da Delegacia de Repress\u00e3o \u00e0s Drogas da Diretoria Estadual de Investiga\u00e7\u00f5es Criminais, deu cumprimento a um mandado de pris\u00e3o preventiva e a dois mandados de busca e apreens\u00e3o, na manh\u00e3 desta [&hellip;]<\/p>\n","protected":false},"author":5,"featured_media":23487,"comment_status":"closed","ping_status":"open","sticky":false,"template":"","format":"standard","meta":{"_monsterinsights_skip_tracking":false,"_monsterinsights_sitenote_active":false,"_monsterinsights_sitenote_note":"","_monsterinsights_sitenote_category":0,"footnotes":""},"categories":[1],"tags":[],"class_list":["post-23486","post","type-post","status-publish","format-standard","has-post-thumbnail","hentry","category-sem-categoria"],"_links":{"self":[{"href":"https:\/\/pc.sc.gov.br\/index.php?rest_route=\/wp\/v2\/posts\/23486","targetHints":{"allow":["GET"]}}],"collection":[{"href":"https:\/\/pc.sc.gov.br\/index.php?rest_route=\/wp\/v2\/posts"}],"about":[{"href":"https:\/\/pc.sc.gov.br\/index.php?rest_route=\/wp\/v2\/types\/post"}],"author":[{"embeddable":true,"href":"https:\/\/pc.sc.gov.br\/index.php?rest_route=\/wp\/v2\/users\/5"}],"replies":[{"embeddable":true,"href":"https:\/\/pc.sc.gov.br\/index.php?rest_route=%2Fwp%2Fv2%2Fcomments&post=23486"}],"version-history":[{"count":4,"href":"https:\/\/pc.sc.gov.br\/index.php?rest_route=\/wp\/v2\/posts\/23486\/revisions"}],"predecessor-version":[{"id":23491,"href":"https:\/\/pc.sc.gov.br\/index.php?rest_route=\/wp\/v2\/posts\/23486\/revisions\/23491"}],"wp:featuredmedia":[{"embeddable":true,"href":"https:\/\/pc.sc.gov.br\/index.php?rest_route=\/wp\/v2\/media\/23487"}],"wp:attachment":[{"href":"https:\/\/pc.sc.gov.br\/index.php?rest_route=%2Fwp%2Fv2%2Fmedia&parent=23486"}],"wp:term":[{"taxonomy":"category","embeddable":true,"href":"https:\/\/pc.sc.gov.br\/index.php?rest_route=%2Fwp%2Fv2%2Fcategories&post=23486"},{"taxonomy":"post_tag","embeddable":true,"href":"https:\/\/pc.sc.gov.br\/index.php?rest_route=%2Fwp%2Fv2%2Ftags&post=23486"}],"curies":[{"name":"wp","href":"https:\/\/api.w.org\/{rel}","templated":true}]}}