{"id":23498,"date":"2024-09-17T17:13:40","date_gmt":"2024-09-17T20:13:40","guid":{"rendered":"https:\/\/pc.sc.gov.br\/?p=23498"},"modified":"2024-09-17T19:01:58","modified_gmt":"2024-09-17T22:01:58","slug":"policia-civil-recupera-carga-furtada-de-medicamentos-avaliada-em-cerca-de-r-150-mil","status":"publish","type":"post","link":"https:\/\/pc.sc.gov.br\/?p=23498","title":{"rendered":"Pol\u00edcia Civil recupera carga furtada de medicamentos avaliada em cerca de R$ 150 mil"},"content":{"rendered":"\t\t<div data-elementor-type=\"wp-post\" data-elementor-id=\"23498\" class=\"elementor elementor-23498\" data-elementor-post-type=\"post\">\n\t\t\t\t\t\t<section class=\"elementor-section elementor-top-section elementor-element elementor-element-810b2cd elementor-section-boxed elementor-section-height-default elementor-section-height-default\" data-id=\"810b2cd\" data-element_type=\"section\">\n\t\t\t\t\t\t<div class=\"elementor-container elementor-column-gap-default\">\n\t\t\t\t\t<div class=\"elementor-column elementor-col-100 elementor-top-column elementor-element elementor-element-f0fd4b0\" data-id=\"f0fd4b0\" data-element_type=\"column\">\n\t\t\t<div class=\"elementor-widget-wrap elementor-element-populated\">\n\t\t\t\t\t\t<div class=\"elementor-element elementor-element-c7bfed5 elementor-widget elementor-widget-heading\" data-id=\"c7bfed5\" data-element_type=\"widget\" data-widget_type=\"heading.default\">\n\t\t\t\t<div class=\"elementor-widget-container\">\n\t\t\t\t\t<h2 class=\"elementor-heading-title elementor-size-default\">Pol\u00edcia Civil recupera carga furtada de medicamentos avaliada em cerca de R$ 150 mil <\/h2>\t\t\t\t<\/div>\n\t\t\t\t<\/div>\n\t\t\t\t\t<\/div>\n\t\t<\/div>\n\t\t\t\t\t<\/div>\n\t\t<\/section>\n\t\t\t\t<section class=\"elementor-section elementor-top-section elementor-element elementor-element-709f5b6 elementor-section-boxed elementor-section-height-default elementor-section-height-default\" data-id=\"709f5b6\" data-element_type=\"section\">\n\t\t\t\t\t\t<div class=\"elementor-container elementor-column-gap-default\">\n\t\t\t\t\t<div class=\"elementor-column elementor-col-100 elementor-top-column elementor-element elementor-element-a42f47a\" data-id=\"a42f47a\" data-element_type=\"column\">\n\t\t\t<div class=\"elementor-widget-wrap elementor-element-populated\">\n\t\t\t\t\t\t<div class=\"elementor-element elementor-element-8e28a4e elementor-widget elementor-widget-image\" data-id=\"8e28a4e\" data-element_type=\"widget\" data-widget_type=\"image.default\">\n\t\t\t\t<div class=\"elementor-widget-container\">\n\t\t\t\t\t\t\t\t\t\t\t\t\t\t\t<img fetchpriority=\"high\" decoding=\"async\" width=\"696\" height=\"928\" src=\"https:\/\/pc.sc.gov.br\/\/wp-content\/uploads\/2024\/09\/WhatsApp-Image-2024-09-17-at-17.12.13-768x1024.jpeg\" class=\"attachment-large size-large wp-image-23499\" alt=\"\" srcset=\"https:\/\/pc.sc.gov.br\/\/wp-content\/uploads\/2024\/09\/WhatsApp-Image-2024-09-17-at-17.12.13-768x1024.jpeg 768w, https:\/\/pc.sc.gov.br\/\/wp-content\/uploads\/2024\/09\/WhatsApp-Image-2024-09-17-at-17.12.13-225x300.jpeg 225w, https:\/\/pc.sc.gov.br\/\/wp-content\/uploads\/2024\/09\/WhatsApp-Image-2024-09-17-at-17.12.13-1152x1536.jpeg 1152w, https:\/\/pc.sc.gov.br\/\/wp-content\/uploads\/2024\/09\/WhatsApp-Image-2024-09-17-at-17.12.13.jpeg 1200w\" sizes=\"(max-width: 696px) 100vw, 696px\" \/>\t\t\t\t\t\t\t\t\t\t\t\t\t\t\t<\/div>\n\t\t\t\t<\/div>\n\t\t\t\t\t<\/div>\n\t\t<\/div>\n\t\t\t\t\t<\/div>\n\t\t<\/section>\n\t\t\t\t<section class=\"elementor-section elementor-top-section elementor-element elementor-element-f6ee5d9 elementor-section-boxed elementor-section-height-default elementor-section-height-default\" data-id=\"f6ee5d9\" data-element_type=\"section\">\n\t\t\t\t\t\t<div class=\"elementor-container elementor-column-gap-default\">\n\t\t\t\t\t<div class=\"elementor-column elementor-col-100 elementor-top-column elementor-element elementor-element-f63fffe\" data-id=\"f63fffe\" data-element_type=\"column\">\n\t\t\t<div class=\"elementor-widget-wrap elementor-element-populated\">\n\t\t\t\t\t\t<div class=\"elementor-element elementor-element-6c74d2f elementor-widget elementor-widget-text-editor\" data-id=\"6c74d2f\" data-element_type=\"widget\" data-widget_type=\"text-editor.default\">\n\t\t\t\t<div class=\"elementor-widget-container\">\n\t\t\t\t\t\t\t\t\t<p>Nesta ter\u00e7a-feira (17\/09), a Pol\u00edcia Civil de Santa Catarina, por meio da Delegacia de Pol\u00edcia da Comarca de Palho\u00e7a, cumpriu mandado de busca e apreens\u00e3o no bairro S\u00e3o Jo\u00e3o do Rio Vermelho, em Florian\u00f3polis, visando recuperar uma carga de medicamento \u201ccanabidiol\u201d, avaliada em aproximadamente R$ 150.000,00. A carga \u00e9 de propriedade da uma empresa, mas que estava sob a responsabilidade de outra empresa, que iria fazer o transporte at\u00e9 o destino final.<\/p>\n<p>O crime foi cometido no dia 23 de agosto de 2024, quando os representantes de uma empresa terceirizada, contratada pela pela empresa respons\u00e1vel pelo transporte da mercadoria, realizaram o desvio e a subtra\u00e7\u00e3o de 72 frascos de medicamento canabidiol, que causou um preju\u00edzo de mais de R$ 150.000,00.<\/p>\n<p>Ap\u00f3s ter conhecimento dos fatos, a autoridade policial representou pelo cumprimento do mandado de busca e apreens\u00e3o em tr\u00eas endere\u00e7os. Na primeira resid\u00eancia, foram encontrados 42 frascos do medicamento canabidiol e, na segunda, foram encontrados mais 21 frascos. Al\u00e9m disso, foi apreendida vasta quantidade de produtos e medicamentos farmac\u00eauticos, os quais, provavelmente, tamb\u00e9m foram subtra\u00eddos da empresa respons\u00e1vel pelo transporte.<\/p>\n<p>Os autores, que s\u00e3o pai e filho, est\u00e3o sendo investigados pela pr\u00e1tica do crime de furto qualificado.<\/p>\t\t\t\t\t\t\t\t<\/div>\n\t\t\t\t<\/div>\n\t\t\t\t\t<\/div>\n\t\t<\/div>\n\t\t\t\t\t<\/div>\n\t\t<\/section>\n\t\t\t\t<section class=\"elementor-section elementor-top-section elementor-element elementor-element-a609416 elementor-section-boxed elementor-section-height-default elementor-section-height-default\" data-id=\"a609416\" data-element_type=\"section\">\n\t\t\t\t\t\t<div class=\"elementor-container elementor-column-gap-default\">\n\t\t\t\t\t<div class=\"elementor-column elementor-col-100 elementor-top-column elementor-element elementor-element-8b0502c\" data-id=\"8b0502c\" data-element_type=\"column\">\n\t\t\t<div class=\"elementor-widget-wrap elementor-element-populated\">\n\t\t\t\t\t\t<div class=\"elementor-element elementor-element-3d5aeec elementor-widget elementor-widget-video\" data-id=\"3d5aeec\" data-element_type=\"widget\" data-settings=\"{&quot;video_type&quot;:&quot;hosted&quot;,&quot;mute&quot;:&quot;yes&quot;,&quot;controls&quot;:&quot;yes&quot;}\" data-widget_type=\"video.default\">\n\t\t\t\t<div class=\"elementor-widget-container\">\n\t\t\t\t\t\t\t<div class=\"e-hosted-video elementor-wrapper elementor-open-inline\">\n\t\t\t\t\t<video class=\"elementor-video\" src=\"https:\/\/pc.sc.gov.br\/wp-content\/uploads\/2024\/09\/WhatsApp-Video-2024-09-17-at-17.12.13.mp4\" controls=\"\" preload=\"metadata\" muted=\"muted\"><\/video>\n\t\t\t\t<\/div>\n\t\t\t\t\t\t<\/div>\n\t\t\t\t<\/div>\n\t\t\t\t\t<\/div>\n\t\t<\/div>\n\t\t\t\t\t<\/div>\n\t\t<\/section>\n\t\t\t\t<\/div>\n\t\t","protected":false},"excerpt":{"rendered":"<p>Pol\u00edcia Civil recupera carga furtada de medicamentos avaliada em cerca de R$ 150 mil Nesta ter\u00e7a-feira (17\/09), a Pol\u00edcia Civil de Santa Catarina, por meio da Delegacia de Pol\u00edcia da Comarca de Palho\u00e7a, cumpriu mandado de busca e apreens\u00e3o no bairro S\u00e3o Jo\u00e3o do Rio Vermelho, em Florian\u00f3polis, visando recuperar uma carga de medicamento \u201ccanabidiol\u201d, [&hellip;]<\/p>\n","protected":false},"author":5,"featured_media":23500,"comment_status":"closed","ping_status":"open","sticky":false,"template":"","format":"standard","meta":{"_monsterinsights_skip_tracking":false,"_monsterinsights_sitenote_active":false,"_monsterinsights_sitenote_note":"","_monsterinsights_sitenote_category":0,"footnotes":""},"categories":[1],"tags":[],"class_list":["post-23498","post","type-post","status-publish","format-standard","has-post-thumbnail","hentry","category-sem-categoria"],"_links":{"self":[{"href":"https:\/\/pc.sc.gov.br\/index.php?rest_route=\/wp\/v2\/posts\/23498","targetHints":{"allow":["GET"]}}],"collection":[{"href":"https:\/\/pc.sc.gov.br\/index.php?rest_route=\/wp\/v2\/posts"}],"about":[{"href":"https:\/\/pc.sc.gov.br\/index.php?rest_route=\/wp\/v2\/types\/post"}],"author":[{"embeddable":true,"href":"https:\/\/pc.sc.gov.br\/index.php?rest_route=\/wp\/v2\/users\/5"}],"replies":[{"embeddable":true,"href":"https:\/\/pc.sc.gov.br\/index.php?rest_route=%2Fwp%2Fv2%2Fcomments&post=23498"}],"version-history":[{"count":10,"href":"https:\/\/pc.sc.gov.br\/index.php?rest_route=\/wp\/v2\/posts\/23498\/revisions"}],"predecessor-version":[{"id":23512,"href":"https:\/\/pc.sc.gov.br\/index.php?rest_route=\/wp\/v2\/posts\/23498\/revisions\/23512"}],"wp:featuredmedia":[{"embeddable":true,"href":"https:\/\/pc.sc.gov.br\/index.php?rest_route=\/wp\/v2\/media\/23500"}],"wp:attachment":[{"href":"https:\/\/pc.sc.gov.br\/index.php?rest_route=%2Fwp%2Fv2%2Fmedia&parent=23498"}],"wp:term":[{"taxonomy":"category","embeddable":true,"href":"https:\/\/pc.sc.gov.br\/index.php?rest_route=%2Fwp%2Fv2%2Fcategories&post=23498"},{"taxonomy":"post_tag","embeddable":true,"href":"https:\/\/pc.sc.gov.br\/index.php?rest_route=%2Fwp%2Fv2%2Ftags&post=23498"}],"curies":[{"name":"wp","href":"https:\/\/api.w.org\/{rel}","templated":true}]}}