{"id":23513,"date":"2024-09-17T19:55:56","date_gmt":"2024-09-17T22:55:56","guid":{"rendered":"https:\/\/pc.sc.gov.br\/?p=23513"},"modified":"2024-09-17T19:57:44","modified_gmt":"2024-09-17T22:57:44","slug":"acao-integrada-entre-forcas-de-seguranca-publica-resulta-em-prisao-de-homem-em-flagrante-pelo-homicidio-de-uma-mulher-na-capital","status":"publish","type":"post","link":"https:\/\/pc.sc.gov.br\/?p=23513","title":{"rendered":"A\u00e7\u00e3o integrada entre For\u00e7as de Seguran\u00e7a P\u00fablica resulta em pris\u00e3o de homem em flagrante pelo homic\u00eddio de uma mulher na Capital"},"content":{"rendered":"\t\t<div data-elementor-type=\"wp-post\" data-elementor-id=\"23513\" class=\"elementor elementor-23513\" data-elementor-post-type=\"post\">\n\t\t\t\t\t\t<section class=\"elementor-section elementor-top-section elementor-element elementor-element-6df4891 elementor-section-boxed elementor-section-height-default elementor-section-height-default\" data-id=\"6df4891\" data-element_type=\"section\">\n\t\t\t\t\t\t<div class=\"elementor-container elementor-column-gap-default\">\n\t\t\t\t\t<div class=\"elementor-column elementor-col-100 elementor-top-column elementor-element elementor-element-0ccd5f1\" data-id=\"0ccd5f1\" data-element_type=\"column\">\n\t\t\t<div class=\"elementor-widget-wrap elementor-element-populated\">\n\t\t\t\t\t\t<div class=\"elementor-element elementor-element-9ee445a elementor-widget elementor-widget-heading\" data-id=\"9ee445a\" data-element_type=\"widget\" data-widget_type=\"heading.default\">\n\t\t\t\t<div class=\"elementor-widget-container\">\n\t\t\t\t\t<h2 class=\"elementor-heading-title elementor-size-default\">A\u00e7\u00e3o integrada entre For\u00e7as de Seguran\u00e7a P\u00fablica resulta em pris\u00e3o de homem em flagrante pelo homic\u00eddio de uma mulher na Capital<\/h2>\t\t\t\t<\/div>\n\t\t\t\t<\/div>\n\t\t\t\t\t<\/div>\n\t\t<\/div>\n\t\t\t\t\t<\/div>\n\t\t<\/section>\n\t\t\t\t<section class=\"elementor-section elementor-top-section elementor-element elementor-element-d36a2eb elementor-section-boxed elementor-section-height-default elementor-section-height-default\" data-id=\"d36a2eb\" data-element_type=\"section\">\n\t\t\t\t\t\t<div class=\"elementor-container elementor-column-gap-default\">\n\t\t\t\t\t<div class=\"elementor-column elementor-col-100 elementor-top-column elementor-element elementor-element-1c3903b\" data-id=\"1c3903b\" data-element_type=\"column\">\n\t\t\t<div class=\"elementor-widget-wrap elementor-element-populated\">\n\t\t\t\t\t\t<div class=\"elementor-element elementor-element-021aa35 elementor-widget elementor-widget-image\" data-id=\"021aa35\" data-element_type=\"widget\" data-widget_type=\"image.default\">\n\t\t\t\t<div class=\"elementor-widget-container\">\n\t\t\t\t\t\t\t\t\t\t\t\t\t\t\t<img fetchpriority=\"high\" decoding=\"async\" width=\"696\" height=\"353\" src=\"https:\/\/pc.sc.gov.br\/\/wp-content\/uploads\/2023\/12\/VIATURA_HOMICIDIOS_CAPITAL.jpg\" class=\"attachment-large size-large wp-image-15721\" alt=\"\" srcset=\"https:\/\/pc.sc.gov.br\/\/wp-content\/uploads\/2023\/12\/VIATURA_HOMICIDIOS_CAPITAL.jpg 704w, https:\/\/pc.sc.gov.br\/\/wp-content\/uploads\/2023\/12\/VIATURA_HOMICIDIOS_CAPITAL-300x152.jpg 300w\" sizes=\"(max-width: 696px) 100vw, 696px\" \/>\t\t\t\t\t\t\t\t\t\t\t\t\t\t\t<\/div>\n\t\t\t\t<\/div>\n\t\t\t\t\t<\/div>\n\t\t<\/div>\n\t\t\t\t\t<\/div>\n\t\t<\/section>\n\t\t\t\t<section class=\"elementor-section elementor-top-section elementor-element elementor-element-b28df73 elementor-section-boxed elementor-section-height-default elementor-section-height-default\" data-id=\"b28df73\" data-element_type=\"section\">\n\t\t\t\t\t\t<div class=\"elementor-container elementor-column-gap-default\">\n\t\t\t\t\t<div class=\"elementor-column elementor-col-100 elementor-top-column elementor-element elementor-element-0626261\" data-id=\"0626261\" data-element_type=\"column\">\n\t\t\t<div class=\"elementor-widget-wrap elementor-element-populated\">\n\t\t\t\t\t\t<div class=\"elementor-element elementor-element-a252372 elementor-widget elementor-widget-text-editor\" data-id=\"a252372\" data-element_type=\"widget\" data-widget_type=\"text-editor.default\">\n\t\t\t\t<div class=\"elementor-widget-container\">\n\t\t\t\t\t\t\t\t\t<p>Nesta quinta-feira (17\/09), a Pol\u00edcia Civil de Santa Catarina, por meio da Delegacia de Homic\u00eddios da Capital, participou de uma a\u00e7\u00e3o integrada entre as For\u00e7as de Seguran\u00e7a P\u00fablica, que resultou na pris\u00e3o em flagrante de um homem pelo homic\u00eddio de uma mulher no bairro Canasvieiras, na Capital. O homem, de nacionalidade uruguaia, foi preso em Bag\u00e9, no Rio Grande do Sul, ap\u00f3s troca de informa\u00e7\u00f5es com a Pol\u00edcia Civil ga\u00facha. A a\u00e7\u00e3o contou tamb\u00e9m com a participa\u00e7\u00e3o da Ag\u00eancia de Intelig\u00eancia da Pol\u00edcia Militar de Santa Catarina, da Brigada da Pol\u00edcia Militar Ga\u00facha, da Pol\u00edcia Civil do Rio Grande do Sul e da Pol\u00edcia Federal.<\/p>\n<p><b>Entenda o caso<\/b><\/p>\n<p>Na noite da segunda-feira (16\/09), a equipe da DH da Capital foi acionada para atender o caso, que vitimou a mulher, de nacionalidade chilena, que morava na Capital. Chegando ao apto que a mulher alugava para morar, no bairro Canasvieiras, encontraram o seu corpo com marcas de estrangulamento.<\/p>\n<p>O corpo havia sido descoberto pelo porteiro do edif\u00edcio que estranhou que os cachorros da v\u00edtima estavam na rua, o que geralmente n\u00e3o acontecia. Ele tentou bater \u00e0 porta do apto, mas n\u00e3o teve resposta. Achando a situa\u00e7\u00e3o cada vez mais estranha, olhou as c\u00e2meras de monitoramento do pr\u00e9dio e percebeu que um homem tinha sa\u00eddo antes do meio-dia do mesmo dia do apto.<\/p>\n<p>O porteiro entrou em contato com o propriet\u00e1rio do apto e foi chamado um chaveiro para abrir a porta. Foi quando o corpo foi encontrado e a Pol\u00edcia Civil acionada.<\/p>\n<p><b>Dilig\u00eancias<\/b><\/p>\n<p>A equipe de investiga\u00e7\u00e3o da DH come\u00e7ou a diligenciar para identificar o homem e descobriu que, ao sair do apto da v\u00edtima, ele tinha ido para o Terminal Rodovi\u00e1rio de Florian\u00f3polis em dire\u00e7\u00e3o ao Rio Grande do Sul. Com apoio da PM\/SC e da Brigada Ga\u00facha, o homem foi localizado em Bag\u00e9, capturado e encaminhado para a Delegacia de Pronto Atendimento de Bag\u00e9 da PCRS.&nbsp;&nbsp;<\/p>\n<p>Agora, a Pol\u00edcia Civil aguarda os laudos periciais dos exames realizados pela Pol\u00edcia Cientifica e ir\u00e1 levantar outras informa\u00e7\u00f5es de interesse \u00e0s investiga\u00e7\u00f5es, para que o caso seja totalmente elucidado e encaminhado ao Minist\u00e9rio P\u00fablico.&nbsp;<\/p>\t\t\t\t\t\t\t\t<\/div>\n\t\t\t\t<\/div>\n\t\t\t\t\t<\/div>\n\t\t<\/div>\n\t\t\t\t\t<\/div>\n\t\t<\/section>\n\t\t\t\t<\/div>\n\t\t","protected":false},"excerpt":{"rendered":"<p>A\u00e7\u00e3o integrada entre For\u00e7as de Seguran\u00e7a P\u00fablica resulta em pris\u00e3o de homem em flagrante pelo homic\u00eddio de uma mulher na Capital Nesta quinta-feira (17\/09), a Pol\u00edcia Civil de Santa Catarina, por meio da Delegacia de Homic\u00eddios da Capital, participou de uma a\u00e7\u00e3o integrada entre as For\u00e7as de Seguran\u00e7a P\u00fablica, que resultou na pris\u00e3o em flagrante [&hellip;]<\/p>\n","protected":false},"author":5,"featured_media":15721,"comment_status":"closed","ping_status":"open","sticky":false,"template":"","format":"standard","meta":{"_monsterinsights_skip_tracking":false,"_monsterinsights_sitenote_active":false,"_monsterinsights_sitenote_note":"","_monsterinsights_sitenote_category":0,"footnotes":""},"categories":[1],"tags":[],"class_list":["post-23513","post","type-post","status-publish","format-standard","has-post-thumbnail","hentry","category-sem-categoria"],"_links":{"self":[{"href":"https:\/\/pc.sc.gov.br\/index.php?rest_route=\/wp\/v2\/posts\/23513","targetHints":{"allow":["GET"]}}],"collection":[{"href":"https:\/\/pc.sc.gov.br\/index.php?rest_route=\/wp\/v2\/posts"}],"about":[{"href":"https:\/\/pc.sc.gov.br\/index.php?rest_route=\/wp\/v2\/types\/post"}],"author":[{"embeddable":true,"href":"https:\/\/pc.sc.gov.br\/index.php?rest_route=\/wp\/v2\/users\/5"}],"replies":[{"embeddable":true,"href":"https:\/\/pc.sc.gov.br\/index.php?rest_route=%2Fwp%2Fv2%2Fcomments&post=23513"}],"version-history":[{"count":7,"href":"https:\/\/pc.sc.gov.br\/index.php?rest_route=\/wp\/v2\/posts\/23513\/revisions"}],"predecessor-version":[{"id":23520,"href":"https:\/\/pc.sc.gov.br\/index.php?rest_route=\/wp\/v2\/posts\/23513\/revisions\/23520"}],"wp:featuredmedia":[{"embeddable":true,"href":"https:\/\/pc.sc.gov.br\/index.php?rest_route=\/wp\/v2\/media\/15721"}],"wp:attachment":[{"href":"https:\/\/pc.sc.gov.br\/index.php?rest_route=%2Fwp%2Fv2%2Fmedia&parent=23513"}],"wp:term":[{"taxonomy":"category","embeddable":true,"href":"https:\/\/pc.sc.gov.br\/index.php?rest_route=%2Fwp%2Fv2%2Fcategories&post=23513"},{"taxonomy":"post_tag","embeddable":true,"href":"https:\/\/pc.sc.gov.br\/index.php?rest_route=%2Fwp%2Fv2%2Ftags&post=23513"}],"curies":[{"name":"wp","href":"https:\/\/api.w.org\/{rel}","templated":true}]}}