{"id":23521,"date":"2024-09-17T20:04:29","date_gmt":"2024-09-17T23:04:29","guid":{"rendered":"https:\/\/pc.sc.gov.br\/?p=23521"},"modified":"2024-09-17T20:05:13","modified_gmt":"2024-09-17T23:05:13","slug":"na-capital-policia-civil-prende-estelionatarios-do-rio-grande-do-sul-em-flagrante","status":"publish","type":"post","link":"https:\/\/pc.sc.gov.br\/?p=23521","title":{"rendered":"Na Capital, Pol\u00edcia Civil prende estelionat\u00e1rios do Rio Grande do Sul em flagrante"},"content":{"rendered":"\t\t<div data-elementor-type=\"wp-post\" data-elementor-id=\"23521\" class=\"elementor elementor-23521\" data-elementor-post-type=\"post\">\n\t\t\t\t\t\t<section class=\"elementor-section elementor-top-section elementor-element elementor-element-17b0e8a elementor-section-boxed elementor-section-height-default elementor-section-height-default\" data-id=\"17b0e8a\" data-element_type=\"section\">\n\t\t\t\t\t\t<div class=\"elementor-container elementor-column-gap-default\">\n\t\t\t\t\t<div class=\"elementor-column elementor-col-100 elementor-top-column elementor-element elementor-element-37a997f\" data-id=\"37a997f\" data-element_type=\"column\">\n\t\t\t<div class=\"elementor-widget-wrap elementor-element-populated\">\n\t\t\t\t\t\t<div class=\"elementor-element elementor-element-a0bccfd elementor-widget elementor-widget-heading\" data-id=\"a0bccfd\" data-element_type=\"widget\" data-widget_type=\"heading.default\">\n\t\t\t\t<div class=\"elementor-widget-container\">\n\t\t\t\t\t<h2 class=\"elementor-heading-title elementor-size-default\">Na Capital, Pol\u00edcia Civil prende estelionat\u00e1rios do Rio Grande do Sul em flagrante\n<\/h2>\t\t\t\t<\/div>\n\t\t\t\t<\/div>\n\t\t\t\t\t<\/div>\n\t\t<\/div>\n\t\t\t\t\t<\/div>\n\t\t<\/section>\n\t\t\t\t<section class=\"elementor-section elementor-top-section elementor-element elementor-element-2976bca elementor-section-boxed elementor-section-height-default elementor-section-height-default\" data-id=\"2976bca\" data-element_type=\"section\">\n\t\t\t\t\t\t<div class=\"elementor-container elementor-column-gap-default\">\n\t\t\t\t\t<div class=\"elementor-column elementor-col-100 elementor-top-column elementor-element elementor-element-6855c13\" data-id=\"6855c13\" data-element_type=\"column\">\n\t\t\t<div class=\"elementor-widget-wrap elementor-element-populated\">\n\t\t\t\t\t\t<div class=\"elementor-element elementor-element-78b9973 elementor-widget elementor-widget-image\" data-id=\"78b9973\" data-element_type=\"widget\" data-widget_type=\"image.default\">\n\t\t\t\t<div class=\"elementor-widget-container\">\n\t\t\t\t\t\t\t\t\t\t\t\t\t\t\t<img fetchpriority=\"high\" decoding=\"async\" width=\"696\" height=\"928\" src=\"https:\/\/pc.sc.gov.br\/\/wp-content\/uploads\/2024\/09\/WhatsApp-Image-2024-09-17-at-19.48.27-768x1024.jpeg\" class=\"attachment-large size-large wp-image-23522\" alt=\"\" srcset=\"https:\/\/pc.sc.gov.br\/\/wp-content\/uploads\/2024\/09\/WhatsApp-Image-2024-09-17-at-19.48.27-768x1024.jpeg 768w, https:\/\/pc.sc.gov.br\/\/wp-content\/uploads\/2024\/09\/WhatsApp-Image-2024-09-17-at-19.48.27-225x300.jpeg 225w, https:\/\/pc.sc.gov.br\/\/wp-content\/uploads\/2024\/09\/WhatsApp-Image-2024-09-17-at-19.48.27.jpeg 960w\" sizes=\"(max-width: 696px) 100vw, 696px\" \/>\t\t\t\t\t\t\t\t\t\t\t\t\t\t\t<\/div>\n\t\t\t\t<\/div>\n\t\t\t\t\t<\/div>\n\t\t<\/div>\n\t\t\t\t\t<\/div>\n\t\t<\/section>\n\t\t\t\t<section class=\"elementor-section elementor-top-section elementor-element elementor-element-10a678f elementor-section-boxed elementor-section-height-default elementor-section-height-default\" data-id=\"10a678f\" data-element_type=\"section\">\n\t\t\t\t\t\t<div class=\"elementor-container elementor-column-gap-default\">\n\t\t\t\t\t<div class=\"elementor-column elementor-col-100 elementor-top-column elementor-element elementor-element-a1e5926\" data-id=\"a1e5926\" data-element_type=\"column\">\n\t\t\t<div class=\"elementor-widget-wrap elementor-element-populated\">\n\t\t\t\t\t\t<div class=\"elementor-element elementor-element-dfee49b elementor-widget elementor-widget-text-editor\" data-id=\"dfee49b\" data-element_type=\"widget\" data-widget_type=\"text-editor.default\">\n\t\t\t\t<div class=\"elementor-widget-container\">\n\t\t\t\t\t\t\t\t\t<p>Nesta ter\u00e7a-feira (17\/09), a Pol\u00edcia Civil de Santa Catarina, por meio da Divis\u00e3o de Combate a Estelionatos do Departamento de Investiga\u00e7\u00f5es Criminais da Capital (DCE\/DIC), prendeu em flagrante tr\u00eas pessoas envolvidas em crimes de estelionato e associa\u00e7\u00e3o criminosa.<\/p><p>As investiga\u00e7\u00f5es come\u00e7aram h\u00e1 cerca de vinte dias, quando foi identificado um ve\u00edculo utilizado em golpes do &#8220;bilhete premiado&#8221;. Ap\u00f3s monitorar os suspeitos, constatou-se que eles haviam feito uma v\u00edtima na segunda-feira (16\/09), em S\u00e3o Jos\u00e9.<\/p><p>Nesta ter\u00e7a-feira (17\/09), os autores retornaram a Florian\u00f3polis e foram acompanhados pelos policiais, que realizaram a pris\u00e3o no bairro Trindade. Durante a abordagem, foram identificadas tr\u00eas pessoas. Al\u00e9m disso, foi apreendido farto material relacionado ao golpe, incluindo uma bolsa com cadeado, bilhete de loteria e um documento falsificado de uma institui\u00e7\u00e3o banc\u00e1ria que prometia um suposto pr\u00eamio de R$ 2.500.000,00.<\/p><p>Os presos foram reconhecidos pela v\u00edtima, que tamb\u00e9m identificou o ve\u00edculo e os documentos usados no crime. O Auto de Pris\u00e3o em Flagrante Delito foi lavrado na DCE e os envolvidos responder\u00e3o pelos crimes de estelionato e associa\u00e7\u00e3o criminosa. Ap\u00f3s os procedimentos, foram encaminhados \u00e0 CPP de S\u00e3o Jos\u00e9, onde permanecem \u00e0 disposi\u00e7\u00e3o da Justi\u00e7a.<\/p>\t\t\t\t\t\t\t\t<\/div>\n\t\t\t\t<\/div>\n\t\t\t\t\t<\/div>\n\t\t<\/div>\n\t\t\t\t\t<\/div>\n\t\t<\/section>\n\t\t\t\t<\/div>\n\t\t","protected":false},"excerpt":{"rendered":"<p>Na Capital, Pol\u00edcia Civil prende estelionat\u00e1rios do Rio Grande do Sul em flagrante Nesta ter\u00e7a-feira (17\/09), a Pol\u00edcia Civil de Santa Catarina, por meio da Divis\u00e3o de Combate a Estelionatos do Departamento de Investiga\u00e7\u00f5es Criminais da Capital (DCE\/DIC), prendeu em flagrante tr\u00eas pessoas envolvidas em crimes de estelionato e associa\u00e7\u00e3o criminosa. As investiga\u00e7\u00f5es come\u00e7aram h\u00e1 [&hellip;]<\/p>\n","protected":false},"author":5,"featured_media":23522,"comment_status":"closed","ping_status":"open","sticky":false,"template":"","format":"standard","meta":{"_monsterinsights_skip_tracking":false,"_monsterinsights_sitenote_active":false,"_monsterinsights_sitenote_note":"","_monsterinsights_sitenote_category":0,"footnotes":""},"categories":[1],"tags":[],"class_list":["post-23521","post","type-post","status-publish","format-standard","has-post-thumbnail","hentry","category-sem-categoria"],"_links":{"self":[{"href":"https:\/\/pc.sc.gov.br\/index.php?rest_route=\/wp\/v2\/posts\/23521","targetHints":{"allow":["GET"]}}],"collection":[{"href":"https:\/\/pc.sc.gov.br\/index.php?rest_route=\/wp\/v2\/posts"}],"about":[{"href":"https:\/\/pc.sc.gov.br\/index.php?rest_route=\/wp\/v2\/types\/post"}],"author":[{"embeddable":true,"href":"https:\/\/pc.sc.gov.br\/index.php?rest_route=\/wp\/v2\/users\/5"}],"replies":[{"embeddable":true,"href":"https:\/\/pc.sc.gov.br\/index.php?rest_route=%2Fwp%2Fv2%2Fcomments&post=23521"}],"version-history":[{"count":4,"href":"https:\/\/pc.sc.gov.br\/index.php?rest_route=\/wp\/v2\/posts\/23521\/revisions"}],"predecessor-version":[{"id":23526,"href":"https:\/\/pc.sc.gov.br\/index.php?rest_route=\/wp\/v2\/posts\/23521\/revisions\/23526"}],"wp:featuredmedia":[{"embeddable":true,"href":"https:\/\/pc.sc.gov.br\/index.php?rest_route=\/wp\/v2\/media\/23522"}],"wp:attachment":[{"href":"https:\/\/pc.sc.gov.br\/index.php?rest_route=%2Fwp%2Fv2%2Fmedia&parent=23521"}],"wp:term":[{"taxonomy":"category","embeddable":true,"href":"https:\/\/pc.sc.gov.br\/index.php?rest_route=%2Fwp%2Fv2%2Fcategories&post=23521"},{"taxonomy":"post_tag","embeddable":true,"href":"https:\/\/pc.sc.gov.br\/index.php?rest_route=%2Fwp%2Fv2%2Ftags&post=23521"}],"curies":[{"name":"wp","href":"https:\/\/api.w.org\/{rel}","templated":true}]}}