{"id":23545,"date":"2024-09-18T16:41:50","date_gmt":"2024-09-18T19:41:50","guid":{"rendered":"https:\/\/pc.sc.gov.br\/?p=23545"},"modified":"2024-09-19T13:58:10","modified_gmt":"2024-09-19T16:58:10","slug":"em-lages-parceria-entre-policia-civil-e-udesc-garante-atendimento-gratuito-aos-caes-do-plantel-da-coordenadoria-de-operacoes-policiais-com-caes","status":"publish","type":"post","link":"https:\/\/pc.sc.gov.br\/?p=23545","title":{"rendered":"Em Lages, parceria entre Pol\u00edcia Civil e Udesc garante atendimento gratuito aos c\u00e3es do plantel da Coordenadoria de Opera\u00e7\u00f5es Policiais com C\u00e3es"},"content":{"rendered":"\t\t<div data-elementor-type=\"wp-post\" data-elementor-id=\"23545\" class=\"elementor elementor-23545\" data-elementor-post-type=\"post\">\n\t\t\t\t\t\t<section class=\"elementor-section elementor-top-section elementor-element elementor-element-bd419a5 elementor-section-boxed elementor-section-height-default elementor-section-height-default\" data-id=\"bd419a5\" data-element_type=\"section\">\n\t\t\t\t\t\t<div class=\"elementor-container elementor-column-gap-default\">\n\t\t\t\t\t<div class=\"elementor-column elementor-col-100 elementor-top-column elementor-element elementor-element-521a9c3\" data-id=\"521a9c3\" data-element_type=\"column\">\n\t\t\t<div class=\"elementor-widget-wrap elementor-element-populated\">\n\t\t\t\t\t\t<div class=\"elementor-element elementor-element-2c71ff9 elementor-widget elementor-widget-heading\" data-id=\"2c71ff9\" data-element_type=\"widget\" data-widget_type=\"heading.default\">\n\t\t\t\t<div class=\"elementor-widget-container\">\n\t\t\t\t\t<h2 class=\"elementor-heading-title elementor-size-default\">Em Lages, parceria entre Pol\u00edcia Civil e Udesc garante atendimento gratuito aos c\u00e3es do plantel da Coordenadoria de Opera\u00e7\u00f5es Policiais com C\u00e3es<\/h2>\t\t\t\t<\/div>\n\t\t\t\t<\/div>\n\t\t\t\t\t<\/div>\n\t\t<\/div>\n\t\t\t\t\t<\/div>\n\t\t<\/section>\n\t\t\t\t<section class=\"elementor-section elementor-top-section elementor-element elementor-element-f087b94 elementor-section-boxed elementor-section-height-default elementor-section-height-default\" data-id=\"f087b94\" data-element_type=\"section\">\n\t\t\t\t\t\t<div class=\"elementor-container elementor-column-gap-default\">\n\t\t\t\t\t<div class=\"elementor-column elementor-col-100 elementor-top-column elementor-element elementor-element-05ac371\" data-id=\"05ac371\" data-element_type=\"column\">\n\t\t\t<div class=\"elementor-widget-wrap elementor-element-populated\">\n\t\t\t\t\t\t<div class=\"elementor-element elementor-element-fada232 elementor-widget elementor-widget-image\" data-id=\"fada232\" data-element_type=\"widget\" data-widget_type=\"image.default\">\n\t\t\t\t<div class=\"elementor-widget-container\">\n\t\t\t\t\t\t\t\t\t\t\t\t\t\t\t<img fetchpriority=\"high\" decoding=\"async\" width=\"696\" height=\"468\" src=\"https:\/\/pc.sc.gov.br\/\/wp-content\/uploads\/2024\/09\/WhatsApp-Image-2024-09-18-at-16.27.41-1-1024x689.jpeg\" class=\"attachment-large size-large wp-image-23547\" alt=\"\" srcset=\"https:\/\/pc.sc.gov.br\/\/wp-content\/uploads\/2024\/09\/WhatsApp-Image-2024-09-18-at-16.27.41-1-1024x689.jpeg 1024w, https:\/\/pc.sc.gov.br\/\/wp-content\/uploads\/2024\/09\/WhatsApp-Image-2024-09-18-at-16.27.41-1-300x202.jpeg 300w, https:\/\/pc.sc.gov.br\/\/wp-content\/uploads\/2024\/09\/WhatsApp-Image-2024-09-18-at-16.27.41-1-768x517.jpeg 768w, https:\/\/pc.sc.gov.br\/\/wp-content\/uploads\/2024\/09\/WhatsApp-Image-2024-09-18-at-16.27.41-1.jpeg 1080w\" sizes=\"(max-width: 696px) 100vw, 696px\" \/>\t\t\t\t\t\t\t\t\t\t\t\t\t\t\t<\/div>\n\t\t\t\t<\/div>\n\t\t\t\t\t<\/div>\n\t\t<\/div>\n\t\t\t\t\t<\/div>\n\t\t<\/section>\n\t\t\t\t<section class=\"elementor-section elementor-top-section elementor-element elementor-element-f8e0401 elementor-section-boxed elementor-section-height-default elementor-section-height-default\" data-id=\"f8e0401\" data-element_type=\"section\">\n\t\t\t\t\t\t<div class=\"elementor-container elementor-column-gap-default\">\n\t\t\t\t\t<div class=\"elementor-column elementor-col-100 elementor-top-column elementor-element elementor-element-36bbb24\" data-id=\"36bbb24\" data-element_type=\"column\">\n\t\t\t<div class=\"elementor-widget-wrap elementor-element-populated\">\n\t\t\t\t\t\t<div class=\"elementor-element elementor-element-a4d2917 elementor-widget elementor-widget-text-editor\" data-id=\"a4d2917\" data-element_type=\"widget\" data-widget_type=\"text-editor.default\">\n\t\t\t\t<div class=\"elementor-widget-container\">\n\t\t\t\t\t\t\t\t\t<p>A parceria entre a Coordenadoria de Opera\u00e7\u00f5es Policiais com C\u00e3es da Pol\u00edcia Civil de Santa Catarina e o Centro de Ci\u00eancias Agroveterin\u00e1rias da UDESC, em Lages, \u00e9 um exemplo not\u00e1vel de coopera\u00e7\u00e3o entre institui\u00e7\u00f5es que beneficia tanto a Seguran\u00e7a P\u00fablica quanto a forma\u00e7\u00e3o acad\u00eamica. Todos os 24 c\u00e3es da Pol\u00edcia Civil, vindos de diferentes regi\u00f5es de Santa Catarina, est\u00e3o recebendo atendimento veterin\u00e1rio no Hospital de Cl\u00ednicas Veterin\u00e1rias do CAV, refor\u00e7ando o cuidado com esses semoventes fundamentais para diversas opera\u00e7\u00f5es.<\/p><p>O atendimento gratuito oferecido pelo CAV \u00e9 uma demonstra\u00e7\u00e3o de compromisso com o bem-estar dos c\u00e3es policiais, essenciais para o sucesso de a\u00e7\u00f5es de busca e captura de criminosos, de detec\u00e7\u00e3o de drogas e armas, al\u00e9m de outras miss\u00f5es estrat\u00e9gicas. Essa parceria permite que os c\u00e3es estejam sempre em perfeitas condi\u00e7\u00f5es de sa\u00fade, garantindo o bom desempenho em suas atividades operacionais.<\/p><p>Ao mesmo tempo, essa colabora\u00e7\u00e3o proporciona aos estudantes de Medicina Veterin\u00e1ria uma oportunidade \u00fanica de aprendizado pr\u00e1tico, trabalhando diretamente com c\u00e3es altamente treinados e que s\u00e3o empregados diariamente em opera\u00e7\u00f5es policiais.<\/p><p>Essa parceria, que alia conhecimento acad\u00eamico e servi\u00e7o \u00e0 comunidade, fortalece n\u00e3o apenas as opera\u00e7\u00f5es da Pol\u00edcia Civil, mas tamb\u00e9m a forma\u00e7\u00e3o de novos profissionais, unindo esfor\u00e7os em prol da sociedade catarinense.<\/p>\t\t\t\t\t\t\t\t<\/div>\n\t\t\t\t<\/div>\n\t\t\t\t\t<\/div>\n\t\t<\/div>\n\t\t\t\t\t<\/div>\n\t\t<\/section>\n\t\t\t\t<\/div>\n\t\t","protected":false},"excerpt":{"rendered":"<p>Em Lages, parceria entre Pol\u00edcia Civil e Udesc garante atendimento gratuito aos c\u00e3es do plantel da Coordenadoria de Opera\u00e7\u00f5es Policiais com C\u00e3es A parceria entre a Coordenadoria de Opera\u00e7\u00f5es Policiais com C\u00e3es da Pol\u00edcia Civil de Santa Catarina e o Centro de Ci\u00eancias Agroveterin\u00e1rias da UDESC, em Lages, \u00e9 um exemplo not\u00e1vel de coopera\u00e7\u00e3o entre [&hellip;]<\/p>\n","protected":false},"author":5,"featured_media":23547,"comment_status":"closed","ping_status":"open","sticky":false,"template":"","format":"standard","meta":{"_monsterinsights_skip_tracking":false,"_monsterinsights_sitenote_active":false,"_monsterinsights_sitenote_note":"","_monsterinsights_sitenote_category":0,"footnotes":""},"categories":[1],"tags":[],"class_list":["post-23545","post","type-post","status-publish","format-standard","has-post-thumbnail","hentry","category-sem-categoria"],"_links":{"self":[{"href":"https:\/\/pc.sc.gov.br\/index.php?rest_route=\/wp\/v2\/posts\/23545","targetHints":{"allow":["GET"]}}],"collection":[{"href":"https:\/\/pc.sc.gov.br\/index.php?rest_route=\/wp\/v2\/posts"}],"about":[{"href":"https:\/\/pc.sc.gov.br\/index.php?rest_route=\/wp\/v2\/types\/post"}],"author":[{"embeddable":true,"href":"https:\/\/pc.sc.gov.br\/index.php?rest_route=\/wp\/v2\/users\/5"}],"replies":[{"embeddable":true,"href":"https:\/\/pc.sc.gov.br\/index.php?rest_route=%2Fwp%2Fv2%2Fcomments&post=23545"}],"version-history":[{"count":3,"href":"https:\/\/pc.sc.gov.br\/index.php?rest_route=\/wp\/v2\/posts\/23545\/revisions"}],"predecessor-version":[{"id":23550,"href":"https:\/\/pc.sc.gov.br\/index.php?rest_route=\/wp\/v2\/posts\/23545\/revisions\/23550"}],"wp:featuredmedia":[{"embeddable":true,"href":"https:\/\/pc.sc.gov.br\/index.php?rest_route=\/wp\/v2\/media\/23547"}],"wp:attachment":[{"href":"https:\/\/pc.sc.gov.br\/index.php?rest_route=%2Fwp%2Fv2%2Fmedia&parent=23545"}],"wp:term":[{"taxonomy":"category","embeddable":true,"href":"https:\/\/pc.sc.gov.br\/index.php?rest_route=%2Fwp%2Fv2%2Fcategories&post=23545"},{"taxonomy":"post_tag","embeddable":true,"href":"https:\/\/pc.sc.gov.br\/index.php?rest_route=%2Fwp%2Fv2%2Ftags&post=23545"}],"curies":[{"name":"wp","href":"https:\/\/api.w.org\/{rel}","templated":true}]}}