{"id":23551,"date":"2024-09-18T16:47:08","date_gmt":"2024-09-18T19:47:08","guid":{"rendered":"https:\/\/pc.sc.gov.br\/?p=23551"},"modified":"2024-09-18T16:47:44","modified_gmt":"2024-09-18T19:47:44","slug":"policia-civil-prende-homem-que-estava-foragido-ha-11-anos-pela-morte-da-esposa-e-que-residia-em-mafra-usando-nome-falso","status":"publish","type":"post","link":"https:\/\/pc.sc.gov.br\/?p=23551","title":{"rendered":"Pol\u00edcia Civil prende homem que estava foragido h\u00e1 11 anos pela morte da esposa e que residia em Mafra usando nome falso"},"content":{"rendered":"\t\t<div data-elementor-type=\"wp-post\" data-elementor-id=\"23551\" class=\"elementor elementor-23551\" data-elementor-post-type=\"post\">\n\t\t\t\t\t\t<section class=\"elementor-section elementor-top-section elementor-element elementor-element-85f6727 elementor-section-boxed elementor-section-height-default elementor-section-height-default\" data-id=\"85f6727\" data-element_type=\"section\">\n\t\t\t\t\t\t<div class=\"elementor-container elementor-column-gap-default\">\n\t\t\t\t\t<div class=\"elementor-column elementor-col-100 elementor-top-column elementor-element elementor-element-c8083a5\" data-id=\"c8083a5\" data-element_type=\"column\">\n\t\t\t<div class=\"elementor-widget-wrap elementor-element-populated\">\n\t\t\t\t\t\t<div class=\"elementor-element elementor-element-5635b47 elementor-widget elementor-widget-heading\" data-id=\"5635b47\" data-element_type=\"widget\" data-widget_type=\"heading.default\">\n\t\t\t\t<div class=\"elementor-widget-container\">\n\t\t\t\t\t<h2 class=\"elementor-heading-title elementor-size-default\">Pol\u00edcia Civil prende homem que estava foragido h\u00e1 11 anos pela morte da esposa e que residia em Mafra usando nome falso<\/h2>\t\t\t\t<\/div>\n\t\t\t\t<\/div>\n\t\t\t\t\t<\/div>\n\t\t<\/div>\n\t\t\t\t\t<\/div>\n\t\t<\/section>\n\t\t\t\t<section class=\"elementor-section elementor-top-section elementor-element elementor-element-239be54 elementor-section-boxed elementor-section-height-default elementor-section-height-default\" data-id=\"239be54\" data-element_type=\"section\">\n\t\t\t\t\t\t<div class=\"elementor-container elementor-column-gap-default\">\n\t\t\t\t\t<div class=\"elementor-column elementor-col-100 elementor-top-column elementor-element elementor-element-9d75fcd\" data-id=\"9d75fcd\" data-element_type=\"column\">\n\t\t\t<div class=\"elementor-widget-wrap elementor-element-populated\">\n\t\t\t\t\t\t<div class=\"elementor-element elementor-element-3d39729 elementor-widget elementor-widget-image\" data-id=\"3d39729\" data-element_type=\"widget\" data-widget_type=\"image.default\">\n\t\t\t\t<div class=\"elementor-widget-container\">\n\t\t\t\t\t\t\t\t\t\t\t\t\t\t\t<img fetchpriority=\"high\" decoding=\"async\" width=\"696\" height=\"392\" src=\"https:\/\/pc.sc.gov.br\/\/wp-content\/uploads\/2024\/09\/WhatsApp-Image-2024-09-18-at-13.59.46-1-1024x576.jpeg\" class=\"attachment-large size-large wp-image-23552\" alt=\"\" srcset=\"https:\/\/pc.sc.gov.br\/\/wp-content\/uploads\/2024\/09\/WhatsApp-Image-2024-09-18-at-13.59.46-1-1024x576.jpeg 1024w, https:\/\/pc.sc.gov.br\/\/wp-content\/uploads\/2024\/09\/WhatsApp-Image-2024-09-18-at-13.59.46-1-300x169.jpeg 300w, https:\/\/pc.sc.gov.br\/\/wp-content\/uploads\/2024\/09\/WhatsApp-Image-2024-09-18-at-13.59.46-1-768x432.jpeg 768w, https:\/\/pc.sc.gov.br\/\/wp-content\/uploads\/2024\/09\/WhatsApp-Image-2024-09-18-at-13.59.46-1.jpeg 1280w\" sizes=\"(max-width: 696px) 100vw, 696px\" \/>\t\t\t\t\t\t\t\t\t\t\t\t\t\t\t<\/div>\n\t\t\t\t<\/div>\n\t\t\t\t\t<\/div>\n\t\t<\/div>\n\t\t\t\t\t<\/div>\n\t\t<\/section>\n\t\t\t\t<section class=\"elementor-section elementor-top-section elementor-element elementor-element-e5ef0ca elementor-section-boxed elementor-section-height-default elementor-section-height-default\" data-id=\"e5ef0ca\" data-element_type=\"section\">\n\t\t\t\t\t\t<div class=\"elementor-container elementor-column-gap-default\">\n\t\t\t\t\t<div class=\"elementor-column elementor-col-100 elementor-top-column elementor-element elementor-element-19e9360\" data-id=\"19e9360\" data-element_type=\"column\">\n\t\t\t<div class=\"elementor-widget-wrap elementor-element-populated\">\n\t\t\t\t\t\t<div class=\"elementor-element elementor-element-bbbf6c6 elementor-widget elementor-widget-text-editor\" data-id=\"bbbf6c6\" data-element_type=\"widget\" data-widget_type=\"text-editor.default\">\n\t\t\t\t<div class=\"elementor-widget-container\">\n\t\t\t\t\t\t\t\t\t<p>Na sexta-feira (13\/09), a Pol\u00edcia Civil de Santa Catarina, por meio da Delegacia de Prote\u00e7\u00e3o \u00e0 Crian\u00e7a, Adolescente, Mulher e Idoso de Mafra, prendeu um homem que estava foragido h\u00e1 11 anos pela morte de sua esposa. O homem foi preso na cidade de Campo do Tenente, no Paran\u00e1. A a\u00e7\u00e3o contou com o apoio da Divis\u00e3o de Investiga\u00e7\u00e3o Criminal de Mafra e de policiais da Delegacia da Comarca de Mafra.<\/p><p>O homem come\u00e7ou a ser investigado pela DPCAMI de Mafra em virtude da den\u00fancia de sua enteada, que relatou que, quando ela tinha entre 14 a 17 anos, foi estuprada pelo padrasto \u2013 at\u00e9 ent\u00e3o denominado &#8220;Paulo S\u00e9rgio&#8221;. Durante as investiga\u00e7\u00f5es foi constatado que esse n\u00e3o era o nome verdadeiro do autor.<\/p><p>A Pol\u00edcia Civil descobriu que ele era, na verdade, foragido da Justi\u00e7a do estado do Paran\u00e1, acusado pelos crimes de feminic\u00eddio contra a esposa, tentativa de feminic\u00eddio e sequestro contra a sogra, todos ocorridos no ano de 2013 na cidade de Campina Grande do Sul\/PR.<\/p><p>Ap\u00f3s cometer os crimes, o homem passou a morar em Mafra e a utilizar nome falso. Isso aconteceu por aproximadamente sete anos, per\u00edodo no qual o homem come\u00e7ou um relacionamento com outra companheira e praticou estupro contra uma de suas enteadas em diversos per\u00edodos. Al\u00e9m disso, ele \u00e9 suspeito tamb\u00e9m de praticar crime de extors\u00e3o, quando exigiu o valor de 10 mil reais para deixar a casa onde residia com a ex-companheira.<\/p>\t\t\t\t\t\t\t\t<\/div>\n\t\t\t\t<\/div>\n\t\t\t\t\t<\/div>\n\t\t<\/div>\n\t\t\t\t\t<\/div>\n\t\t<\/section>\n\t\t\t\t<\/div>\n\t\t","protected":false},"excerpt":{"rendered":"<p>Pol\u00edcia Civil prende homem que estava foragido h\u00e1 11 anos pela morte da esposa e que residia em Mafra usando nome falso Na sexta-feira (13\/09), a Pol\u00edcia Civil de Santa Catarina, por meio da Delegacia de Prote\u00e7\u00e3o \u00e0 Crian\u00e7a, Adolescente, Mulher e Idoso de Mafra, prendeu um homem que estava foragido h\u00e1 11 anos pela [&hellip;]<\/p>\n","protected":false},"author":5,"featured_media":23552,"comment_status":"closed","ping_status":"open","sticky":false,"template":"","format":"standard","meta":{"_monsterinsights_skip_tracking":false,"_monsterinsights_sitenote_active":false,"_monsterinsights_sitenote_note":"","_monsterinsights_sitenote_category":0,"footnotes":""},"categories":[1],"tags":[],"class_list":["post-23551","post","type-post","status-publish","format-standard","has-post-thumbnail","hentry","category-sem-categoria"],"_links":{"self":[{"href":"https:\/\/pc.sc.gov.br\/index.php?rest_route=\/wp\/v2\/posts\/23551","targetHints":{"allow":["GET"]}}],"collection":[{"href":"https:\/\/pc.sc.gov.br\/index.php?rest_route=\/wp\/v2\/posts"}],"about":[{"href":"https:\/\/pc.sc.gov.br\/index.php?rest_route=\/wp\/v2\/types\/post"}],"author":[{"embeddable":true,"href":"https:\/\/pc.sc.gov.br\/index.php?rest_route=\/wp\/v2\/users\/5"}],"replies":[{"embeddable":true,"href":"https:\/\/pc.sc.gov.br\/index.php?rest_route=%2Fwp%2Fv2%2Fcomments&post=23551"}],"version-history":[{"count":4,"href":"https:\/\/pc.sc.gov.br\/index.php?rest_route=\/wp\/v2\/posts\/23551\/revisions"}],"predecessor-version":[{"id":23556,"href":"https:\/\/pc.sc.gov.br\/index.php?rest_route=\/wp\/v2\/posts\/23551\/revisions\/23556"}],"wp:featuredmedia":[{"embeddable":true,"href":"https:\/\/pc.sc.gov.br\/index.php?rest_route=\/wp\/v2\/media\/23552"}],"wp:attachment":[{"href":"https:\/\/pc.sc.gov.br\/index.php?rest_route=%2Fwp%2Fv2%2Fmedia&parent=23551"}],"wp:term":[{"taxonomy":"category","embeddable":true,"href":"https:\/\/pc.sc.gov.br\/index.php?rest_route=%2Fwp%2Fv2%2Fcategories&post=23551"},{"taxonomy":"post_tag","embeddable":true,"href":"https:\/\/pc.sc.gov.br\/index.php?rest_route=%2Fwp%2Fv2%2Ftags&post=23551"}],"curies":[{"name":"wp","href":"https:\/\/api.w.org\/{rel}","templated":true}]}}