{"id":23557,"date":"2024-09-18T17:11:45","date_gmt":"2024-09-18T20:11:45","guid":{"rendered":"https:\/\/pc.sc.gov.br\/?p=23557"},"modified":"2024-09-18T17:12:37","modified_gmt":"2024-09-18T20:12:37","slug":"policia-civil-prende-integrante-de-organizacao-criminosa-envolvido-no-vazamento-de-informacoes-juntamente-com-ex-estagiaria-do-forum","status":"publish","type":"post","link":"https:\/\/pc.sc.gov.br\/?p=23557","title":{"rendered":"Pol\u00edcia Civil prende integrante de organiza\u00e7\u00e3o criminosa envolvido no vazamento de informa\u00e7\u00f5es juntamente com ex-estagi\u00e1ria do F\u00f3rum"},"content":{"rendered":"\t\t<div data-elementor-type=\"wp-post\" data-elementor-id=\"23557\" class=\"elementor elementor-23557\" data-elementor-post-type=\"post\">\n\t\t\t\t\t\t<section class=\"elementor-section elementor-top-section elementor-element elementor-element-bc0beb6 elementor-section-boxed elementor-section-height-default elementor-section-height-default\" data-id=\"bc0beb6\" data-element_type=\"section\">\n\t\t\t\t\t\t<div class=\"elementor-container elementor-column-gap-default\">\n\t\t\t\t\t<div class=\"elementor-column elementor-col-100 elementor-top-column elementor-element elementor-element-4c6848b\" data-id=\"4c6848b\" data-element_type=\"column\">\n\t\t\t<div class=\"elementor-widget-wrap elementor-element-populated\">\n\t\t\t\t\t\t<div class=\"elementor-element elementor-element-6d254da elementor-widget elementor-widget-heading\" data-id=\"6d254da\" data-element_type=\"widget\" data-widget_type=\"heading.default\">\n\t\t\t\t<div class=\"elementor-widget-container\">\n\t\t\t\t\t<h2 class=\"elementor-heading-title elementor-size-default\">Pol\u00edcia Civil prende integrante de organiza\u00e7\u00e3o criminosa envolvido no vazamento de informa\u00e7\u00f5es juntamente com ex-estagi\u00e1ria do F\u00f3rum<\/h2>\t\t\t\t<\/div>\n\t\t\t\t<\/div>\n\t\t\t\t\t<\/div>\n\t\t<\/div>\n\t\t\t\t\t<\/div>\n\t\t<\/section>\n\t\t\t\t<section class=\"elementor-section elementor-top-section elementor-element elementor-element-d0f41e8 elementor-section-boxed elementor-section-height-default elementor-section-height-default\" data-id=\"d0f41e8\" data-element_type=\"section\">\n\t\t\t\t\t\t<div class=\"elementor-container elementor-column-gap-default\">\n\t\t\t\t\t<div class=\"elementor-column elementor-col-100 elementor-top-column elementor-element elementor-element-37b57c3\" data-id=\"37b57c3\" data-element_type=\"column\">\n\t\t\t<div class=\"elementor-widget-wrap elementor-element-populated\">\n\t\t\t\t\t\t<div class=\"elementor-element elementor-element-51e7e8f elementor-widget elementor-widget-image\" data-id=\"51e7e8f\" data-element_type=\"widget\" data-widget_type=\"image.default\">\n\t\t\t\t<div class=\"elementor-widget-container\">\n\t\t\t\t\t\t\t\t\t\t\t\t\t\t\t<img fetchpriority=\"high\" decoding=\"async\" width=\"696\" height=\"521\" src=\"https:\/\/pc.sc.gov.br\/\/wp-content\/uploads\/2024\/06\/DEIC-1024x767.jpg\" class=\"attachment-large size-large wp-image-21428\" alt=\"\" srcset=\"https:\/\/pc.sc.gov.br\/\/wp-content\/uploads\/2024\/06\/DEIC-1024x767.jpg 1024w, https:\/\/pc.sc.gov.br\/\/wp-content\/uploads\/2024\/06\/DEIC-300x225.jpg 300w, https:\/\/pc.sc.gov.br\/\/wp-content\/uploads\/2024\/06\/DEIC-768x575.jpg 768w, https:\/\/pc.sc.gov.br\/\/wp-content\/uploads\/2024\/06\/DEIC.jpg 1280w\" sizes=\"(max-width: 696px) 100vw, 696px\" \/>\t\t\t\t\t\t\t\t\t\t\t\t\t\t\t<\/div>\n\t\t\t\t<\/div>\n\t\t\t\t\t<\/div>\n\t\t<\/div>\n\t\t\t\t\t<\/div>\n\t\t<\/section>\n\t\t\t\t<section class=\"elementor-section elementor-top-section elementor-element elementor-element-dd982ea elementor-section-boxed elementor-section-height-default elementor-section-height-default\" data-id=\"dd982ea\" data-element_type=\"section\">\n\t\t\t\t\t\t<div class=\"elementor-container elementor-column-gap-default\">\n\t\t\t\t\t<div class=\"elementor-column elementor-col-100 elementor-top-column elementor-element elementor-element-14154cc\" data-id=\"14154cc\" data-element_type=\"column\">\n\t\t\t<div class=\"elementor-widget-wrap elementor-element-populated\">\n\t\t\t\t\t\t<div class=\"elementor-element elementor-element-395d43c elementor-widget elementor-widget-text-editor\" data-id=\"395d43c\" data-element_type=\"widget\" data-widget_type=\"text-editor.default\">\n\t\t\t\t<div class=\"elementor-widget-container\">\n\t\t\t\t\t\t\t\t\t<p>Nesta quarta-feira (18\/09), a Pol\u00edcia Civil de Santa Catarina, por meio da Delegacia de Repress\u00e3o ao Crime Organizado da Diretoria Estadual de Investiga\u00e7\u00f5es Criminais, prendeu um homem, considerado l\u00edder de uma organiza\u00e7\u00e3o criminosa. Ele est\u00e1 envolvido no vazamento de informa\u00e7\u00f5es sigilosas de investiga\u00e7\u00e3o da DRACO.<\/p><p>Nessa tarde ainda foram cumpridos quatro mandados de busca e apreens\u00e3o, que resultaram na apreens\u00e3o de telefone e anota\u00e7\u00f5es referentes aos fatos investigados. A a\u00e7\u00e3o contou com o apoio das demais especializadas da DEIC.<\/p><p><strong>Entenda o caso<\/strong><\/p><p>Ap\u00f3s a deflagra\u00e7\u00e3o da 2\u00aa fase da opera\u00e7\u00e3o \u201cTio Patinhas\u201d, que visava cumprir 69 mandados de busca e apreens\u00e3o e tr\u00eas ordens de sequestro de bens, chegou ao conhecimento da DRACO\/DEIC in\u00fameros relatos de que a opera\u00e7\u00e3o havia \u201cvazado\u201d e que diversos investigados haviam sido avisados previamente sobre a data da opera\u00e7\u00e3o policial, o que prejudicou o cumprimento das ordens judiciais. Diante de tais informa\u00e7\u00f5es foi instaurado Inqu\u00e9rito Policial para apurar a pratica dos crimes de associa\u00e7\u00e3o ao tr\u00e1fico, participa\u00e7\u00e3o em organiza\u00e7\u00e3o criminosa e viola\u00e7\u00e3o de sigilo funcional.<\/p><p>\u00a0No dia 20\/08 j\u00e1 havia sido presa uma ex-estagi\u00e1ria do f\u00f3rum de capital, respons\u00e1vel por acessar indevidamente os autos daquela investiga\u00e7\u00e3o sigilosa por mais de 25 vezes, realizando grande parte dos acessos no per\u00edodo da madrugada e de sua pr\u00f3pria resid\u00eancia durante o final de semana que antecedeu a opera\u00e7\u00e3o \u201cTio Patinhas 2\u201d.<\/p><p>Diante disso foi acionado o N\u00facleo de Intelig\u00eancia do Tribunal de Justi\u00e7a \u2013 NIS\/TJSC, que prestou total apoio nas investiga\u00e7\u00f5es. As investiga\u00e7\u00f5es continuaram e j\u00e1 foi apurado o envolvimento de outras pessoas, integrantes de organiza\u00e7\u00e3o criminosa que atuam nesse complexo esquema criminoso, associado ao tr\u00e1fico de drogas e \u00e0 organiza\u00e7\u00e3o criminosa, voltado ainda \u00e0 viola\u00e7\u00e3o do sigilo de investiga\u00e7\u00f5es sens\u00edveis.<\/p>\t\t\t\t\t\t\t\t<\/div>\n\t\t\t\t<\/div>\n\t\t\t\t\t<\/div>\n\t\t<\/div>\n\t\t\t\t\t<\/div>\n\t\t<\/section>\n\t\t\t\t<\/div>\n\t\t","protected":false},"excerpt":{"rendered":"<p>Pol\u00edcia Civil prende integrante de organiza\u00e7\u00e3o criminosa envolvido no vazamento de informa\u00e7\u00f5es juntamente com ex-estagi\u00e1ria do F\u00f3rum Nesta quarta-feira (18\/09), a Pol\u00edcia Civil de Santa Catarina, por meio da Delegacia de Repress\u00e3o ao Crime Organizado da Diretoria Estadual de Investiga\u00e7\u00f5es Criminais, prendeu um homem, considerado l\u00edder de uma organiza\u00e7\u00e3o criminosa. Ele est\u00e1 envolvido no vazamento [&hellip;]<\/p>\n","protected":false},"author":5,"featured_media":21428,"comment_status":"closed","ping_status":"open","sticky":false,"template":"","format":"standard","meta":{"_monsterinsights_skip_tracking":false,"_monsterinsights_sitenote_active":false,"_monsterinsights_sitenote_note":"","_monsterinsights_sitenote_category":0,"footnotes":""},"categories":[1],"tags":[],"class_list":["post-23557","post","type-post","status-publish","format-standard","has-post-thumbnail","hentry","category-sem-categoria"],"_links":{"self":[{"href":"https:\/\/pc.sc.gov.br\/index.php?rest_route=\/wp\/v2\/posts\/23557","targetHints":{"allow":["GET"]}}],"collection":[{"href":"https:\/\/pc.sc.gov.br\/index.php?rest_route=\/wp\/v2\/posts"}],"about":[{"href":"https:\/\/pc.sc.gov.br\/index.php?rest_route=\/wp\/v2\/types\/post"}],"author":[{"embeddable":true,"href":"https:\/\/pc.sc.gov.br\/index.php?rest_route=\/wp\/v2\/users\/5"}],"replies":[{"embeddable":true,"href":"https:\/\/pc.sc.gov.br\/index.php?rest_route=%2Fwp%2Fv2%2Fcomments&post=23557"}],"version-history":[{"count":4,"href":"https:\/\/pc.sc.gov.br\/index.php?rest_route=\/wp\/v2\/posts\/23557\/revisions"}],"predecessor-version":[{"id":23561,"href":"https:\/\/pc.sc.gov.br\/index.php?rest_route=\/wp\/v2\/posts\/23557\/revisions\/23561"}],"wp:featuredmedia":[{"embeddable":true,"href":"https:\/\/pc.sc.gov.br\/index.php?rest_route=\/wp\/v2\/media\/21428"}],"wp:attachment":[{"href":"https:\/\/pc.sc.gov.br\/index.php?rest_route=%2Fwp%2Fv2%2Fmedia&parent=23557"}],"wp:term":[{"taxonomy":"category","embeddable":true,"href":"https:\/\/pc.sc.gov.br\/index.php?rest_route=%2Fwp%2Fv2%2Fcategories&post=23557"},{"taxonomy":"post_tag","embeddable":true,"href":"https:\/\/pc.sc.gov.br\/index.php?rest_route=%2Fwp%2Fv2%2Ftags&post=23557"}],"curies":[{"name":"wp","href":"https:\/\/api.w.org\/{rel}","templated":true}]}}