{"id":23573,"date":"2024-09-19T14:00:55","date_gmt":"2024-09-19T17:00:55","guid":{"rendered":"https:\/\/pc.sc.gov.br\/?p=23573"},"modified":"2024-09-19T14:01:50","modified_gmt":"2024-09-19T17:01:50","slug":"delegacia-de-capturas-da-deic-prende-homem-por-estupro-de-vulneravel-e-trafico-de-drogas-em-itapoa","status":"publish","type":"post","link":"https:\/\/pc.sc.gov.br\/?p=23573","title":{"rendered":"Delegacia de Capturas da DEIC prende homem por estupro de vulner\u00e1vel e tr\u00e1fico de drogas em Itapo\u00e1"},"content":{"rendered":"\t\t<div data-elementor-type=\"wp-post\" data-elementor-id=\"23573\" class=\"elementor elementor-23573\" data-elementor-post-type=\"post\">\n\t\t\t\t\t\t<section class=\"elementor-section elementor-top-section elementor-element elementor-element-9184d91 elementor-section-boxed elementor-section-height-default elementor-section-height-default\" data-id=\"9184d91\" data-element_type=\"section\">\n\t\t\t\t\t\t<div class=\"elementor-container elementor-column-gap-default\">\n\t\t\t\t\t<div class=\"elementor-column elementor-col-100 elementor-top-column elementor-element elementor-element-126374d\" data-id=\"126374d\" data-element_type=\"column\">\n\t\t\t<div class=\"elementor-widget-wrap elementor-element-populated\">\n\t\t\t\t\t\t<div class=\"elementor-element elementor-element-3590082 elementor-widget elementor-widget-heading\" data-id=\"3590082\" data-element_type=\"widget\" data-widget_type=\"heading.default\">\n\t\t\t\t<div class=\"elementor-widget-container\">\n\t\t\t\t\t<h2 class=\"elementor-heading-title elementor-size-default\">Delegacia de Capturas da DEIC prende homem por estupro de vulner\u00e1vel e tr\u00e1fico de drogas em Itapo\u00e1 <\/h2>\t\t\t\t<\/div>\n\t\t\t\t<\/div>\n\t\t\t\t\t<\/div>\n\t\t<\/div>\n\t\t\t\t\t<\/div>\n\t\t<\/section>\n\t\t\t\t<section class=\"elementor-section elementor-top-section elementor-element elementor-element-aeadc7b elementor-section-boxed elementor-section-height-default elementor-section-height-default\" data-id=\"aeadc7b\" data-element_type=\"section\">\n\t\t\t\t\t\t<div class=\"elementor-container elementor-column-gap-default\">\n\t\t\t\t\t<div class=\"elementor-column elementor-col-100 elementor-top-column elementor-element elementor-element-36ee71b\" data-id=\"36ee71b\" data-element_type=\"column\">\n\t\t\t<div class=\"elementor-widget-wrap elementor-element-populated\">\n\t\t\t\t\t\t<div class=\"elementor-element elementor-element-ba6b92a elementor-widget elementor-widget-image\" data-id=\"ba6b92a\" data-element_type=\"widget\" data-widget_type=\"image.default\">\n\t\t\t\t<div class=\"elementor-widget-container\">\n\t\t\t\t\t\t\t\t\t\t\t\t\t\t\t<img fetchpriority=\"high\" decoding=\"async\" width=\"696\" height=\"696\" src=\"https:\/\/pc.sc.gov.br\/\/wp-content\/uploads\/2024\/09\/ASCOM-FEED-74-1024x1024.jpg\" class=\"attachment-large size-large wp-image-23574\" alt=\"\" srcset=\"https:\/\/pc.sc.gov.br\/\/wp-content\/uploads\/2024\/09\/ASCOM-FEED-74-1024x1024.jpg 1024w, https:\/\/pc.sc.gov.br\/\/wp-content\/uploads\/2024\/09\/ASCOM-FEED-74-300x300.jpg 300w, https:\/\/pc.sc.gov.br\/\/wp-content\/uploads\/2024\/09\/ASCOM-FEED-74-150x150.jpg 150w, https:\/\/pc.sc.gov.br\/\/wp-content\/uploads\/2024\/09\/ASCOM-FEED-74-768x768.jpg 768w, https:\/\/pc.sc.gov.br\/\/wp-content\/uploads\/2024\/09\/ASCOM-FEED-74.jpg 1080w\" sizes=\"(max-width: 696px) 100vw, 696px\" \/>\t\t\t\t\t\t\t\t\t\t\t\t\t\t\t<\/div>\n\t\t\t\t<\/div>\n\t\t\t\t\t<\/div>\n\t\t<\/div>\n\t\t\t\t\t<\/div>\n\t\t<\/section>\n\t\t\t\t<section class=\"elementor-section elementor-top-section elementor-element elementor-element-309e03e elementor-section-boxed elementor-section-height-default elementor-section-height-default\" data-id=\"309e03e\" data-element_type=\"section\">\n\t\t\t\t\t\t<div class=\"elementor-container elementor-column-gap-default\">\n\t\t\t\t\t<div class=\"elementor-column elementor-col-100 elementor-top-column elementor-element elementor-element-9b4a642\" data-id=\"9b4a642\" data-element_type=\"column\">\n\t\t\t<div class=\"elementor-widget-wrap elementor-element-populated\">\n\t\t\t\t\t\t<div class=\"elementor-element elementor-element-b3a6e13 elementor-widget elementor-widget-text-editor\" data-id=\"b3a6e13\" data-element_type=\"widget\" data-widget_type=\"text-editor.default\">\n\t\t\t\t<div class=\"elementor-widget-container\">\n\t\t\t\t\t\t\t\t\t<p>Na quarta-feira (18\/09), a Pol\u00edcia Civil de Santa Catarina, por meio da Delegacia de Capturas da Diretoria Estadual de Investiga\u00e7\u00f5es Criminais, cumpriu dois mandados de pris\u00e3o em desfavor de um homem pelos crimes de estupro de vulner\u00e1vel e tr\u00e1fico de drogas, ordens judiciais expedidas pelos Ju\u00edzos das comarcas de Corn\u00e9lio Proc\u00f3pio-PR e Macara\u00ed-SP, respectivamente.<\/p><p>A DECAP foi acionada pela Delegacia da Mulher de Corn\u00e9lio Proc\u00f3pio -PR para prestar apoio operacional no sentido de localizar e prender o foragido. Ap\u00f3s diversas dilig\u00eancias e troca de informa\u00e7\u00f5es entre as pol\u00edcias dos dois estados, foi poss\u00edvel identificar um im\u00f3vel situado em Itapo\u00e1, onde o indiv\u00edduo poderia estar homiziado.<\/p><p>Durante a quarta-feira (18\/09), o local foi monitorado pelas equipes da DECAP e o indiv\u00edduo preso no momento em que chegava a casa.<\/p><p>A DECAP\/DEIC refor\u00e7a o seu compromisso em prol da seguran\u00e7a da sociedade catarinense e se compromete com as demais unidades policiais do estado no aux\u00edlio \u00e0 captura de foragidos.<\/p><p>Den\u00fancias e informa\u00e7\u00f5es relacionadas a foragidos da Justi\u00e7a podem ser encaminhadas para o e-mail deic-capturas@pc.sc.gov.br. Al\u00e9m disso, pelo\u00a0<strong><a href=\"https:\/\/sistemas.pc.sc.gov.br\/foragidos\/\">Portal Foragidos\u00a0da PCSC<\/a>\u00a0<\/strong>\u00e9 poss\u00edvel conhecer a rela\u00e7\u00e3o de procurados pela Justi\u00e7a. A Pol\u00edcia Civil de Santa Catarina garante o anonimato de quem prestar informa\u00e7\u00f5es sobre foragidos.<span style=\"font-weight: var( --e-global-typography-primary-font-weight );\">\u00a0<\/span><\/p>\t\t\t\t\t\t\t\t<\/div>\n\t\t\t\t<\/div>\n\t\t\t\t\t<\/div>\n\t\t<\/div>\n\t\t\t\t\t<\/div>\n\t\t<\/section>\n\t\t\t\t<\/div>\n\t\t","protected":false},"excerpt":{"rendered":"<p>Delegacia de Capturas da DEIC prende homem por estupro de vulner\u00e1vel e tr\u00e1fico de drogas em Itapo\u00e1 Na quarta-feira (18\/09), a Pol\u00edcia Civil de Santa Catarina, por meio da Delegacia de Capturas da Diretoria Estadual de Investiga\u00e7\u00f5es Criminais, cumpriu dois mandados de pris\u00e3o em desfavor de um homem pelos crimes de estupro de vulner\u00e1vel e [&hellip;]<\/p>\n","protected":false},"author":5,"featured_media":23574,"comment_status":"closed","ping_status":"open","sticky":false,"template":"","format":"standard","meta":{"_monsterinsights_skip_tracking":false,"_monsterinsights_sitenote_active":false,"_monsterinsights_sitenote_note":"","_monsterinsights_sitenote_category":0,"footnotes":""},"categories":[1],"tags":[],"class_list":["post-23573","post","type-post","status-publish","format-standard","has-post-thumbnail","hentry","category-sem-categoria"],"_links":{"self":[{"href":"https:\/\/pc.sc.gov.br\/index.php?rest_route=\/wp\/v2\/posts\/23573","targetHints":{"allow":["GET"]}}],"collection":[{"href":"https:\/\/pc.sc.gov.br\/index.php?rest_route=\/wp\/v2\/posts"}],"about":[{"href":"https:\/\/pc.sc.gov.br\/index.php?rest_route=\/wp\/v2\/types\/post"}],"author":[{"embeddable":true,"href":"https:\/\/pc.sc.gov.br\/index.php?rest_route=\/wp\/v2\/users\/5"}],"replies":[{"embeddable":true,"href":"https:\/\/pc.sc.gov.br\/index.php?rest_route=%2Fwp%2Fv2%2Fcomments&post=23573"}],"version-history":[{"count":4,"href":"https:\/\/pc.sc.gov.br\/index.php?rest_route=\/wp\/v2\/posts\/23573\/revisions"}],"predecessor-version":[{"id":23578,"href":"https:\/\/pc.sc.gov.br\/index.php?rest_route=\/wp\/v2\/posts\/23573\/revisions\/23578"}],"wp:featuredmedia":[{"embeddable":true,"href":"https:\/\/pc.sc.gov.br\/index.php?rest_route=\/wp\/v2\/media\/23574"}],"wp:attachment":[{"href":"https:\/\/pc.sc.gov.br\/index.php?rest_route=%2Fwp%2Fv2%2Fmedia&parent=23573"}],"wp:term":[{"taxonomy":"category","embeddable":true,"href":"https:\/\/pc.sc.gov.br\/index.php?rest_route=%2Fwp%2Fv2%2Fcategories&post=23573"},{"taxonomy":"post_tag","embeddable":true,"href":"https:\/\/pc.sc.gov.br\/index.php?rest_route=%2Fwp%2Fv2%2Ftags&post=23573"}],"curies":[{"name":"wp","href":"https:\/\/api.w.org\/{rel}","templated":true}]}}