{"id":23579,"date":"2024-09-19T14:24:17","date_gmt":"2024-09-19T17:24:17","guid":{"rendered":"https:\/\/pc.sc.gov.br\/?p=23579"},"modified":"2024-09-19T14:25:36","modified_gmt":"2024-09-19T17:25:36","slug":"lab-ld-da-pcsc-participa-do-xvi-encontro-nacional-de-gestores-da-rede-lab-e-recebe-homenagem-pelos-servicos-prestados","status":"publish","type":"post","link":"https:\/\/pc.sc.gov.br\/?p=23579","title":{"rendered":"LAB-LD da PCSC participa do XVI Encontro Nacional de Gestores da Rede-Lab e recebe homenagem pelos servi\u00e7os prestados"},"content":{"rendered":"\t\t<div data-elementor-type=\"wp-post\" data-elementor-id=\"23579\" class=\"elementor elementor-23579\" data-elementor-post-type=\"post\">\n\t\t\t\t\t\t<section class=\"elementor-section elementor-top-section elementor-element elementor-element-8b8cc41 elementor-section-boxed elementor-section-height-default elementor-section-height-default\" data-id=\"8b8cc41\" data-element_type=\"section\">\n\t\t\t\t\t\t<div class=\"elementor-container elementor-column-gap-default\">\n\t\t\t\t\t<div class=\"elementor-column elementor-col-100 elementor-top-column elementor-element elementor-element-7717739\" data-id=\"7717739\" data-element_type=\"column\">\n\t\t\t<div class=\"elementor-widget-wrap elementor-element-populated\">\n\t\t\t\t\t\t<div class=\"elementor-element elementor-element-bfa7da3 elementor-widget elementor-widget-heading\" data-id=\"bfa7da3\" data-element_type=\"widget\" data-widget_type=\"heading.default\">\n\t\t\t\t<div class=\"elementor-widget-container\">\n\t\t\t\t\t<h2 class=\"elementor-heading-title elementor-size-default\">LAB-LD da PCSC participa do XVI Encontro Nacional de Gestores da Rede-Lab e recebe homenagem pelos servi\u00e7os prestados <\/h2>\t\t\t\t<\/div>\n\t\t\t\t<\/div>\n\t\t\t\t\t<\/div>\n\t\t<\/div>\n\t\t\t\t\t<\/div>\n\t\t<\/section>\n\t\t\t\t<section class=\"elementor-section elementor-top-section elementor-element elementor-element-16be399 elementor-section-boxed elementor-section-height-default elementor-section-height-default\" data-id=\"16be399\" data-element_type=\"section\">\n\t\t\t\t\t\t<div class=\"elementor-container elementor-column-gap-default\">\n\t\t\t\t\t<div class=\"elementor-column elementor-col-100 elementor-top-column elementor-element elementor-element-8a3df9f\" data-id=\"8a3df9f\" data-element_type=\"column\">\n\t\t\t<div class=\"elementor-widget-wrap elementor-element-populated\">\n\t\t\t\t\t\t<div class=\"elementor-element elementor-element-19c95a1 elementor-widget elementor-widget-image\" data-id=\"19c95a1\" data-element_type=\"widget\" data-widget_type=\"image.default\">\n\t\t\t\t<div class=\"elementor-widget-container\">\n\t\t\t\t\t\t\t\t\t\t\t\t\t\t\t<img fetchpriority=\"high\" decoding=\"async\" width=\"696\" height=\"541\" src=\"https:\/\/pc.sc.gov.br\/\/wp-content\/uploads\/2024\/09\/WhatsApp-Image-2024-09-18-at-18.28.32-1-1024x796.jpeg\" class=\"attachment-large size-large wp-image-23581\" alt=\"\" srcset=\"https:\/\/pc.sc.gov.br\/\/wp-content\/uploads\/2024\/09\/WhatsApp-Image-2024-09-18-at-18.28.32-1-1024x796.jpeg 1024w, https:\/\/pc.sc.gov.br\/\/wp-content\/uploads\/2024\/09\/WhatsApp-Image-2024-09-18-at-18.28.32-1-300x233.jpeg 300w, https:\/\/pc.sc.gov.br\/\/wp-content\/uploads\/2024\/09\/WhatsApp-Image-2024-09-18-at-18.28.32-1-768x597.jpeg 768w, https:\/\/pc.sc.gov.br\/\/wp-content\/uploads\/2024\/09\/WhatsApp-Image-2024-09-18-at-18.28.32-1-1536x1194.jpeg 1536w, https:\/\/pc.sc.gov.br\/\/wp-content\/uploads\/2024\/09\/WhatsApp-Image-2024-09-18-at-18.28.32-1.jpeg 1600w\" sizes=\"(max-width: 696px) 100vw, 696px\" \/>\t\t\t\t\t\t\t\t\t\t\t\t\t\t\t<\/div>\n\t\t\t\t<\/div>\n\t\t\t\t<div class=\"elementor-element elementor-element-098afc4 elementor-widget elementor-widget-text-editor\" data-id=\"098afc4\" data-element_type=\"widget\" data-widget_type=\"text-editor.default\">\n\t\t\t\t<div class=\"elementor-widget-container\">\n\t\t\t\t\t\t\t\t\t<p>A Pol\u00edcia Civil de Santa Catarina, por meio do LAB-LD, participa do XVI Encontro Nacional de Gestores da Rede-Lab. O evento ocorre na sede do Minist\u00e9rio P\u00fablico de Minas Gerais, entre os dias 18 a 20 de setembro.<\/p><p>Na oportunidade, o Lab-LD da PCSC foi homenageado por suas valiosas contribui\u00e7\u00f5es para o desenvolvimento da Rede, por compartilhar capacita\u00e7\u00f5es com os demais integrantes. A escriv\u00e3 de pol\u00edcia Michelle Calazans Machado foi reconhecida por seu importante papel no combate \u00e0 lavagem de dinheiro.<\/p><p>Al\u00e9m disso, o encontro promove discuss\u00f5es de temas atuais e desafiadores no enfrentamento a esse delito, tais como: apostas eletr\u00f4nicas, rifas em plataformas digitais; atua\u00e7\u00e3o das intermediadoras de pagamento; e metodologias de an\u00e1lise, visando as melhores pr\u00e1ticas.<\/p>\t\t\t\t\t\t\t\t<\/div>\n\t\t\t\t<\/div>\n\t\t\t\t\t<\/div>\n\t\t<\/div>\n\t\t\t\t\t<\/div>\n\t\t<\/section>\n\t\t\t\t<section class=\"elementor-section elementor-top-section elementor-element elementor-element-4d20161 elementor-section-boxed elementor-section-height-default elementor-section-height-default\" data-id=\"4d20161\" data-element_type=\"section\">\n\t\t\t\t\t\t<div class=\"elementor-container elementor-column-gap-default\">\n\t\t\t\t\t<div class=\"elementor-column elementor-col-100 elementor-top-column elementor-element elementor-element-c33d038\" data-id=\"c33d038\" data-element_type=\"column\">\n\t\t\t<div class=\"elementor-widget-wrap elementor-element-populated\">\n\t\t\t\t\t\t<div class=\"elementor-element elementor-element-cf58a45 elementor-widget elementor-widget-image\" data-id=\"cf58a45\" data-element_type=\"widget\" data-widget_type=\"image.default\">\n\t\t\t\t<div class=\"elementor-widget-container\">\n\t\t\t\t\t\t\t\t\t\t\t\t\t\t\t<img decoding=\"async\" width=\"696\" height=\"445\" src=\"https:\/\/pc.sc.gov.br\/\/wp-content\/uploads\/2024\/09\/WhatsApp-Image-2024-09-18-at-18.28.32-1024x655.jpeg\" class=\"attachment-large size-large wp-image-23580\" alt=\"\" srcset=\"https:\/\/pc.sc.gov.br\/\/wp-content\/uploads\/2024\/09\/WhatsApp-Image-2024-09-18-at-18.28.32-1024x655.jpeg 1024w, https:\/\/pc.sc.gov.br\/\/wp-content\/uploads\/2024\/09\/WhatsApp-Image-2024-09-18-at-18.28.32-300x192.jpeg 300w, https:\/\/pc.sc.gov.br\/\/wp-content\/uploads\/2024\/09\/WhatsApp-Image-2024-09-18-at-18.28.32-768x492.jpeg 768w, https:\/\/pc.sc.gov.br\/\/wp-content\/uploads\/2024\/09\/WhatsApp-Image-2024-09-18-at-18.28.32-1536x983.jpeg 1536w, https:\/\/pc.sc.gov.br\/\/wp-content\/uploads\/2024\/09\/WhatsApp-Image-2024-09-18-at-18.28.32-2048x1311.jpeg 2048w\" sizes=\"(max-width: 696px) 100vw, 696px\" \/>\t\t\t\t\t\t\t\t\t\t\t\t\t\t\t<\/div>\n\t\t\t\t<\/div>\n\t\t\t\t\t<\/div>\n\t\t<\/div>\n\t\t\t\t\t<\/div>\n\t\t<\/section>\n\t\t\t\t<\/div>\n\t\t","protected":false},"excerpt":{"rendered":"<p>LAB-LD da PCSC participa do XVI Encontro Nacional de Gestores da Rede-Lab e recebe homenagem pelos servi\u00e7os prestados A Pol\u00edcia Civil de Santa Catarina, por meio do LAB-LD, participa do XVI Encontro Nacional de Gestores da Rede-Lab. O evento ocorre na sede do Minist\u00e9rio P\u00fablico de Minas Gerais, entre os dias 18 a 20 de [&hellip;]<\/p>\n","protected":false},"author":5,"featured_media":23580,"comment_status":"closed","ping_status":"open","sticky":false,"template":"","format":"standard","meta":{"_monsterinsights_skip_tracking":false,"_monsterinsights_sitenote_active":false,"_monsterinsights_sitenote_note":"","_monsterinsights_sitenote_category":0,"footnotes":""},"categories":[1],"tags":[],"class_list":["post-23579","post","type-post","status-publish","format-standard","has-post-thumbnail","hentry","category-sem-categoria"],"_links":{"self":[{"href":"https:\/\/pc.sc.gov.br\/index.php?rest_route=\/wp\/v2\/posts\/23579","targetHints":{"allow":["GET"]}}],"collection":[{"href":"https:\/\/pc.sc.gov.br\/index.php?rest_route=\/wp\/v2\/posts"}],"about":[{"href":"https:\/\/pc.sc.gov.br\/index.php?rest_route=\/wp\/v2\/types\/post"}],"author":[{"embeddable":true,"href":"https:\/\/pc.sc.gov.br\/index.php?rest_route=\/wp\/v2\/users\/5"}],"replies":[{"embeddable":true,"href":"https:\/\/pc.sc.gov.br\/index.php?rest_route=%2Fwp%2Fv2%2Fcomments&post=23579"}],"version-history":[{"count":4,"href":"https:\/\/pc.sc.gov.br\/index.php?rest_route=\/wp\/v2\/posts\/23579\/revisions"}],"predecessor-version":[{"id":23585,"href":"https:\/\/pc.sc.gov.br\/index.php?rest_route=\/wp\/v2\/posts\/23579\/revisions\/23585"}],"wp:featuredmedia":[{"embeddable":true,"href":"https:\/\/pc.sc.gov.br\/index.php?rest_route=\/wp\/v2\/media\/23580"}],"wp:attachment":[{"href":"https:\/\/pc.sc.gov.br\/index.php?rest_route=%2Fwp%2Fv2%2Fmedia&parent=23579"}],"wp:term":[{"taxonomy":"category","embeddable":true,"href":"https:\/\/pc.sc.gov.br\/index.php?rest_route=%2Fwp%2Fv2%2Fcategories&post=23579"},{"taxonomy":"post_tag","embeddable":true,"href":"https:\/\/pc.sc.gov.br\/index.php?rest_route=%2Fwp%2Fv2%2Ftags&post=23579"}],"curies":[{"name":"wp","href":"https:\/\/api.w.org\/{rel}","templated":true}]}}