{"id":23601,"date":"2024-09-19T17:29:42","date_gmt":"2024-09-19T20:29:42","guid":{"rendered":"https:\/\/pc.sc.gov.br\/?p=23601"},"modified":"2024-09-19T17:30:26","modified_gmt":"2024-09-19T20:30:26","slug":"em-bom-retiro-policia-civil-prende-homem-condenado-a-97-anos-de-prisao-por-estuprar-a-propria-filha","status":"publish","type":"post","link":"https:\/\/pc.sc.gov.br\/?p=23601","title":{"rendered":"Em Bom Retiro, Pol\u00edcia Civil prende homem condenado a 97 anos de pris\u00e3o por estuprar a pr\u00f3pria filha"},"content":{"rendered":"\t\t<div data-elementor-type=\"wp-post\" data-elementor-id=\"23601\" class=\"elementor elementor-23601\" data-elementor-post-type=\"post\">\n\t\t\t\t\t\t<section class=\"elementor-section elementor-top-section elementor-element elementor-element-9eecbbf elementor-section-boxed elementor-section-height-default elementor-section-height-default\" data-id=\"9eecbbf\" data-element_type=\"section\">\n\t\t\t\t\t\t<div class=\"elementor-container elementor-column-gap-default\">\n\t\t\t\t\t<div class=\"elementor-column elementor-col-100 elementor-top-column elementor-element elementor-element-9ff81b1\" data-id=\"9ff81b1\" data-element_type=\"column\">\n\t\t\t<div class=\"elementor-widget-wrap elementor-element-populated\">\n\t\t\t\t\t\t<div class=\"elementor-element elementor-element-a2d1142 elementor-widget elementor-widget-heading\" data-id=\"a2d1142\" data-element_type=\"widget\" data-widget_type=\"heading.default\">\n\t\t\t\t<div class=\"elementor-widget-container\">\n\t\t\t\t\t<h2 class=\"elementor-heading-title elementor-size-default\">Em Bom Retiro, Pol\u00edcia Civil prende homem condenado a 97 anos de pris\u00e3o por estuprar a pr\u00f3pria filha <\/h2>\t\t\t\t<\/div>\n\t\t\t\t<\/div>\n\t\t\t\t\t<\/div>\n\t\t<\/div>\n\t\t\t\t\t<\/div>\n\t\t<\/section>\n\t\t\t\t<section class=\"elementor-section elementor-top-section elementor-element elementor-element-b7809cb elementor-section-boxed elementor-section-height-default elementor-section-height-default\" data-id=\"b7809cb\" data-element_type=\"section\">\n\t\t\t\t\t\t<div class=\"elementor-container elementor-column-gap-default\">\n\t\t\t\t\t<div class=\"elementor-column elementor-col-100 elementor-top-column elementor-element elementor-element-24a163b\" data-id=\"24a163b\" data-element_type=\"column\">\n\t\t\t<div class=\"elementor-widget-wrap elementor-element-populated\">\n\t\t\t\t\t\t<div class=\"elementor-element elementor-element-76ecf92 elementor-widget elementor-widget-image\" data-id=\"76ecf92\" data-element_type=\"widget\" data-widget_type=\"image.default\">\n\t\t\t\t<div class=\"elementor-widget-container\">\n\t\t\t\t\t\t\t\t\t\t\t\t\t\t\t<img fetchpriority=\"high\" decoding=\"async\" width=\"696\" height=\"928\" src=\"https:\/\/pc.sc.gov.br\/\/wp-content\/uploads\/2024\/09\/WhatsApp-Image-2024-09-19-at-16.15.00-768x1024.jpeg\" class=\"attachment-large size-large wp-image-23602\" alt=\"\" srcset=\"https:\/\/pc.sc.gov.br\/\/wp-content\/uploads\/2024\/09\/WhatsApp-Image-2024-09-19-at-16.15.00-768x1024.jpeg 768w, https:\/\/pc.sc.gov.br\/\/wp-content\/uploads\/2024\/09\/WhatsApp-Image-2024-09-19-at-16.15.00-225x300.jpeg 225w, https:\/\/pc.sc.gov.br\/\/wp-content\/uploads\/2024\/09\/WhatsApp-Image-2024-09-19-at-16.15.00.jpeg 960w\" sizes=\"(max-width: 696px) 100vw, 696px\" \/>\t\t\t\t\t\t\t\t\t\t\t\t\t\t\t<\/div>\n\t\t\t\t<\/div>\n\t\t\t\t\t<\/div>\n\t\t<\/div>\n\t\t\t\t\t<\/div>\n\t\t<\/section>\n\t\t\t\t<section class=\"elementor-section elementor-top-section elementor-element elementor-element-3b193a2 elementor-section-boxed elementor-section-height-default elementor-section-height-default\" data-id=\"3b193a2\" data-element_type=\"section\">\n\t\t\t\t\t\t<div class=\"elementor-container elementor-column-gap-default\">\n\t\t\t\t\t<div class=\"elementor-column elementor-col-100 elementor-top-column elementor-element elementor-element-a452e05\" data-id=\"a452e05\" data-element_type=\"column\">\n\t\t\t<div class=\"elementor-widget-wrap elementor-element-populated\">\n\t\t\t\t\t\t<div class=\"elementor-element elementor-element-d316ac8 elementor-widget elementor-widget-text-editor\" data-id=\"d316ac8\" data-element_type=\"widget\" data-widget_type=\"text-editor.default\">\n\t\t\t\t<div class=\"elementor-widget-container\">\n\t\t\t\t\t\t\t\t\t<p>A Pol\u00edcia Civil de Santa Catarina, por meio da Delegacia de Pol\u00edcia de Bom Retiro, realizou no final da tarde desta quinta-feira (19), no bairro S\u00e3o Jos\u00e9, Bom Retiro, a pris\u00e3o de um investigado, condenado a 97 anos de pris\u00e3o em regime fechado, pela pr\u00e1tica de diversos crimes de estupro de vulner\u00e1vel cometidos contra a pr\u00f3pria filha, dos 8 anos at\u00e9 os 18 anos de idade.<\/p><p>As pr\u00e1ticas delitivas foram cometidas no munic\u00edpio de Bom Retiro, por v\u00e1rios anos, at\u00e9 que a equipe de investiga\u00e7\u00e3o da Delegacia de Pol\u00edcia de Bom Retiro descobriu os fatos e realizou investiga\u00e7\u00e3o policial, visando apurar os crimes.<\/p><p>Ap\u00f3s a realiza\u00e7\u00e3o de investiga\u00e7\u00e3o policial, por meio de inqu\u00e9rito policial, o investigado foi indiciado pelas pr\u00e1ticas delitivas, denunciado pelo \u00d3rg\u00e3o do Minist\u00e9rio P\u00fablico e condenado pela Justi\u00e7a a 97 anos e 5 meses de pris\u00e3o, a reclus\u00e3o em regime fechado.<\/p><p>Ap\u00f3s a realiza\u00e7\u00e3o da pris\u00e3o, o investigado foi encaminhado para o Pres\u00eddio de Lages, local onde cumprir\u00e1 a pena.<\/p>\t\t\t\t\t\t\t\t<\/div>\n\t\t\t\t<\/div>\n\t\t\t\t\t<\/div>\n\t\t<\/div>\n\t\t\t\t\t<\/div>\n\t\t<\/section>\n\t\t\t\t<\/div>\n\t\t","protected":false},"excerpt":{"rendered":"<p>Em Bom Retiro, Pol\u00edcia Civil prende homem condenado a 97 anos de pris\u00e3o por estuprar a pr\u00f3pria filha A Pol\u00edcia Civil de Santa Catarina, por meio da Delegacia de Pol\u00edcia de Bom Retiro, realizou no final da tarde desta quinta-feira (19), no bairro S\u00e3o Jos\u00e9, Bom Retiro, a pris\u00e3o de um investigado, condenado a 97 [&hellip;]<\/p>\n","protected":false},"author":5,"featured_media":23602,"comment_status":"closed","ping_status":"open","sticky":false,"template":"","format":"standard","meta":{"_monsterinsights_skip_tracking":false,"_monsterinsights_sitenote_active":false,"_monsterinsights_sitenote_note":"","_monsterinsights_sitenote_category":0,"footnotes":""},"categories":[1],"tags":[],"class_list":["post-23601","post","type-post","status-publish","format-standard","has-post-thumbnail","hentry","category-sem-categoria"],"_links":{"self":[{"href":"https:\/\/pc.sc.gov.br\/index.php?rest_route=\/wp\/v2\/posts\/23601","targetHints":{"allow":["GET"]}}],"collection":[{"href":"https:\/\/pc.sc.gov.br\/index.php?rest_route=\/wp\/v2\/posts"}],"about":[{"href":"https:\/\/pc.sc.gov.br\/index.php?rest_route=\/wp\/v2\/types\/post"}],"author":[{"embeddable":true,"href":"https:\/\/pc.sc.gov.br\/index.php?rest_route=\/wp\/v2\/users\/5"}],"replies":[{"embeddable":true,"href":"https:\/\/pc.sc.gov.br\/index.php?rest_route=%2Fwp%2Fv2%2Fcomments&post=23601"}],"version-history":[{"count":4,"href":"https:\/\/pc.sc.gov.br\/index.php?rest_route=\/wp\/v2\/posts\/23601\/revisions"}],"predecessor-version":[{"id":23606,"href":"https:\/\/pc.sc.gov.br\/index.php?rest_route=\/wp\/v2\/posts\/23601\/revisions\/23606"}],"wp:featuredmedia":[{"embeddable":true,"href":"https:\/\/pc.sc.gov.br\/index.php?rest_route=\/wp\/v2\/media\/23602"}],"wp:attachment":[{"href":"https:\/\/pc.sc.gov.br\/index.php?rest_route=%2Fwp%2Fv2%2Fmedia&parent=23601"}],"wp:term":[{"taxonomy":"category","embeddable":true,"href":"https:\/\/pc.sc.gov.br\/index.php?rest_route=%2Fwp%2Fv2%2Fcategories&post=23601"},{"taxonomy":"post_tag","embeddable":true,"href":"https:\/\/pc.sc.gov.br\/index.php?rest_route=%2Fwp%2Fv2%2Ftags&post=23601"}],"curies":[{"name":"wp","href":"https:\/\/api.w.org\/{rel}","templated":true}]}}