{"id":23607,"date":"2024-09-19T18:17:11","date_gmt":"2024-09-19T21:17:11","guid":{"rendered":"https:\/\/pc.sc.gov.br\/?p=23607"},"modified":"2024-09-20T12:40:06","modified_gmt":"2024-09-20T15:40:06","slug":"policia-civil-deflagra-operacao-cadeiaco-e-prende-8-pessoas-em-investigacao-contra-grupo-com-atuacao-interestadual-em-furtos-de-cargas","status":"publish","type":"post","link":"https:\/\/pc.sc.gov.br\/?p=23607","title":{"rendered":"Pol\u00edcia Civil deflagra opera\u00e7\u00e3o \u201cCadeiA\u00e7o\u201d e prende 9 pessoas em investiga\u00e7\u00e3o contra grupo com atua\u00e7\u00e3o interestadual em furtos de cargas"},"content":{"rendered":"\t\t<div data-elementor-type=\"wp-post\" data-elementor-id=\"23607\" class=\"elementor elementor-23607\" data-elementor-post-type=\"post\">\n\t\t\t\t\t\t<section class=\"elementor-section elementor-top-section elementor-element elementor-element-d8f546d elementor-section-boxed elementor-section-height-default elementor-section-height-default\" data-id=\"d8f546d\" data-element_type=\"section\">\n\t\t\t\t\t\t<div class=\"elementor-container elementor-column-gap-default\">\n\t\t\t\t\t<div class=\"elementor-column elementor-col-100 elementor-top-column elementor-element elementor-element-7a3275a\" data-id=\"7a3275a\" data-element_type=\"column\">\n\t\t\t<div class=\"elementor-widget-wrap elementor-element-populated\">\n\t\t\t\t\t\t<div class=\"elementor-element elementor-element-c714fb3 elementor-widget elementor-widget-heading\" data-id=\"c714fb3\" data-element_type=\"widget\" data-widget_type=\"heading.default\">\n\t\t\t\t<div class=\"elementor-widget-container\">\n\t\t\t\t\t<h2 class=\"elementor-heading-title elementor-size-default\">Pol\u00edcia Civil deflagra opera\u00e7\u00e3o \u201cCadeiA\u00e7o\u201d e prende 8 pessoas em investiga\u00e7\u00e3o contra grupo com atua\u00e7\u00e3o interestadual em furtos de cargas<\/h2>\t\t\t\t<\/div>\n\t\t\t\t<\/div>\n\t\t\t\t\t<\/div>\n\t\t<\/div>\n\t\t\t\t\t<\/div>\n\t\t<\/section>\n\t\t\t\t<section class=\"elementor-section elementor-top-section elementor-element elementor-element-94ef446 elementor-section-boxed elementor-section-height-default elementor-section-height-default\" data-id=\"94ef446\" data-element_type=\"section\">\n\t\t\t\t\t\t<div class=\"elementor-container elementor-column-gap-default\">\n\t\t\t\t\t<div class=\"elementor-column elementor-col-100 elementor-top-column elementor-element elementor-element-ccb4ec7\" data-id=\"ccb4ec7\" data-element_type=\"column\">\n\t\t\t<div class=\"elementor-widget-wrap elementor-element-populated\">\n\t\t\t\t\t\t<div class=\"elementor-element elementor-element-4169d85 elementor-widget elementor-widget-image\" data-id=\"4169d85\" data-element_type=\"widget\" data-widget_type=\"image.default\">\n\t\t\t\t<div class=\"elementor-widget-container\">\n\t\t\t\t\t\t\t\t\t\t\t\t\t\t\t<img fetchpriority=\"high\" decoding=\"async\" width=\"696\" height=\"928\" src=\"https:\/\/pc.sc.gov.br\/\/wp-content\/uploads\/2024\/09\/WhatsApp-Image-2024-09-19-at-14.48.56-1-768x1024.jpeg\" class=\"attachment-large size-large wp-image-23609\" alt=\"\" srcset=\"https:\/\/pc.sc.gov.br\/\/wp-content\/uploads\/2024\/09\/WhatsApp-Image-2024-09-19-at-14.48.56-1-768x1024.jpeg 768w, https:\/\/pc.sc.gov.br\/\/wp-content\/uploads\/2024\/09\/WhatsApp-Image-2024-09-19-at-14.48.56-1-225x300.jpeg 225w, https:\/\/pc.sc.gov.br\/\/wp-content\/uploads\/2024\/09\/WhatsApp-Image-2024-09-19-at-14.48.56-1-1152x1536.jpeg 1152w, https:\/\/pc.sc.gov.br\/\/wp-content\/uploads\/2024\/09\/WhatsApp-Image-2024-09-19-at-14.48.56-1.jpeg 1200w\" sizes=\"(max-width: 696px) 100vw, 696px\" \/>\t\t\t\t\t\t\t\t\t\t\t\t\t\t\t<\/div>\n\t\t\t\t<\/div>\n\t\t\t\t<div class=\"elementor-element elementor-element-f04943a elementor-widget elementor-widget-text-editor\" data-id=\"f04943a\" data-element_type=\"widget\" data-widget_type=\"text-editor.default\">\n\t\t\t\t<div class=\"elementor-widget-container\">\n\t\t\t\t\t\t\t\t\t<p>Nesta quinta-feira (19\/09), a Policia Civil de Santa Catarina, por meio da Delegacia de Furtos e Roubos de Cargas da Diretoria Estadual de Investiga\u00e7\u00f5es Criminais, deflagrou a opera\u00e7\u00e3o \u201cCadeiA\u00e7o\u201d, visando o cumprimento de 10 mandados de busca e apreens\u00e3o e 12 de pris\u00e3o preventiva. No total, nove pessoas foram presas.&nbsp;<\/p>\n<p>As ordens judiciais foram cumpridas nos estados de Santa Catarina, nos munic\u00edpios de Blumenau e Porto Belo; de S\u00e3o Paulo, nos munic\u00edpios de S\u00e3o Carlos, Ibat\u00e9, Araraquara, Igara\u00e7u do Tiet\u00ea e Santa L\u00facia. A a\u00e7\u00e3o desarticulou grupo com atua\u00e7\u00e3o interestadual respons\u00e1vel pela subtra\u00e7\u00e3o de cargas de bobinas de a\u00e7o e vergalh\u00e3o.&nbsp;<\/p>\n<p>A investiga\u00e7\u00e3o iniciou ap\u00f3s a DFRC\/DEIC tomar conhecimento do furto de carga de bobinas de a\u00e7o ocorrido no m\u00eas de mar\u00e7o deste ano na cidade de S\u00e3o Francisco do Sul. Na ocasi\u00e3o, o motorista registrou o fato como roubo, vers\u00e3o inveross\u00edmil conforme a investiga\u00e7\u00e3o realizada.<\/p>\n<p>Foram presos l\u00edderes do grupo e motoristas que realizavam o embarque das cargas e posterior destina\u00e7\u00e3o diversa \u00e0 contratada. Os integrantes da organiza\u00e7\u00e3o criminosa tamb\u00e9m praticaram crimes nos estados de Minas Gerais, Paran\u00e1, Rio de Janeiro e S\u00e3o Paulo. Al\u00e9m disso, o galp\u00e3o onde as cargas furtadas eram armazenadas tamb\u00e9m foi localizado pela Pol\u00edcia Civil.<\/p>\n<p>Durante o cumprimento das buscas, foram apreendidas armas de fogo, muni\u00e7\u00f5es, placas de caminh\u00f5es utilizadas em furtos, documentos e dispositivos eletr\u00f4nicos. Todo material ser\u00e1 analisado pela equipe de investiga\u00e7\u00e3o. Al\u00e9m do cumprimento do mandado de pris\u00e3o contra ele, o l\u00edder do grupo foi autuado em flagrante delito por posse ilegal de arma de fogo.<\/p>\n<p>A a\u00e7\u00e3o contou com apoio operacional da DIC Blumenau, DIC Balne\u00e1rio Cambori\u00fa e Delegacias da DEIC\/SC DRD, DCC, DFRV, DLAV, DRAS e DFAZ. No estado de S\u00e3o Paulo, policiais civis de S\u00e3o Carlos, Am\u00e9rico Brasiliense, Araraquara, Igara\u00e7u do Tiet\u00ea e Ibat\u00e9 tamb\u00e9m prestaram apoio \u00e0 opera\u00e7\u00e3o.<\/p>\n<p>Den\u00fancias relacionadas a Furtos e Roubos de Cargas devem ser encaminhadas para o e-mail deic-dfrc@pc.sc.gov.br da POL\u00cdCIA CIVIL, sendo garantido o anonimato.<\/p>\t\t\t\t\t\t\t\t<\/div>\n\t\t\t\t<\/div>\n\t\t\t\t\t<\/div>\n\t\t<\/div>\n\t\t\t\t\t<\/div>\n\t\t<\/section>\n\t\t\t\t<\/div>\n\t\t","protected":false},"excerpt":{"rendered":"<p>Pol\u00edcia Civil deflagra opera\u00e7\u00e3o \u201cCadeiA\u00e7o\u201d e prende 8 pessoas em investiga\u00e7\u00e3o contra grupo com atua\u00e7\u00e3o interestadual em furtos de cargas Nesta quinta-feira (19\/09), a Policia Civil de Santa Catarina, por meio da Delegacia de Furtos e Roubos de Cargas da Diretoria Estadual de Investiga\u00e7\u00f5es Criminais, deflagrou a opera\u00e7\u00e3o \u201cCadeiA\u00e7o\u201d, visando o cumprimento de 10 mandados [&hellip;]<\/p>\n","protected":false},"author":5,"featured_media":23609,"comment_status":"closed","ping_status":"open","sticky":false,"template":"","format":"standard","meta":{"_monsterinsights_skip_tracking":false,"_monsterinsights_sitenote_active":false,"_monsterinsights_sitenote_note":"","_monsterinsights_sitenote_category":0,"footnotes":""},"categories":[1],"tags":[],"class_list":["post-23607","post","type-post","status-publish","format-standard","has-post-thumbnail","hentry","category-sem-categoria"],"_links":{"self":[{"href":"https:\/\/pc.sc.gov.br\/index.php?rest_route=\/wp\/v2\/posts\/23607","targetHints":{"allow":["GET"]}}],"collection":[{"href":"https:\/\/pc.sc.gov.br\/index.php?rest_route=\/wp\/v2\/posts"}],"about":[{"href":"https:\/\/pc.sc.gov.br\/index.php?rest_route=\/wp\/v2\/types\/post"}],"author":[{"embeddable":true,"href":"https:\/\/pc.sc.gov.br\/index.php?rest_route=\/wp\/v2\/users\/5"}],"replies":[{"embeddable":true,"href":"https:\/\/pc.sc.gov.br\/index.php?rest_route=%2Fwp%2Fv2%2Fcomments&post=23607"}],"version-history":[{"count":8,"href":"https:\/\/pc.sc.gov.br\/index.php?rest_route=\/wp\/v2\/posts\/23607\/revisions"}],"predecessor-version":[{"id":23643,"href":"https:\/\/pc.sc.gov.br\/index.php?rest_route=\/wp\/v2\/posts\/23607\/revisions\/23643"}],"wp:featuredmedia":[{"embeddable":true,"href":"https:\/\/pc.sc.gov.br\/index.php?rest_route=\/wp\/v2\/media\/23609"}],"wp:attachment":[{"href":"https:\/\/pc.sc.gov.br\/index.php?rest_route=%2Fwp%2Fv2%2Fmedia&parent=23607"}],"wp:term":[{"taxonomy":"category","embeddable":true,"href":"https:\/\/pc.sc.gov.br\/index.php?rest_route=%2Fwp%2Fv2%2Fcategories&post=23607"},{"taxonomy":"post_tag","embeddable":true,"href":"https:\/\/pc.sc.gov.br\/index.php?rest_route=%2Fwp%2Fv2%2Ftags&post=23607"}],"curies":[{"name":"wp","href":"https:\/\/api.w.org\/{rel}","templated":true}]}}