{"id":23614,"date":"2024-09-19T18:33:02","date_gmt":"2024-09-19T21:33:02","guid":{"rendered":"https:\/\/pc.sc.gov.br\/?p=23614"},"modified":"2024-09-19T18:34:21","modified_gmt":"2024-09-19T21:34:21","slug":"policia-civil-conclui-inquerito-em-investigacao-as-irregularidades-na-exploracao-dos-estacionamentos-rotativos-na-capital-ate-o-ano-de-2019-e-indicia-12-pessoas","status":"publish","type":"post","link":"https:\/\/pc.sc.gov.br\/?p=23614","title":{"rendered":"Pol\u00edcia Civil conclui inqu\u00e9rito em investiga\u00e7\u00e3o \u00e0s irregularidades na explora\u00e7\u00e3o dos estacionamentos rotativos na Capital at\u00e9 o ano de 2019 e indicia 12 pessoas"},"content":{"rendered":"\t\t<div data-elementor-type=\"wp-post\" data-elementor-id=\"23614\" class=\"elementor elementor-23614\" data-elementor-post-type=\"post\">\n\t\t\t\t\t\t<section class=\"elementor-section elementor-top-section elementor-element elementor-element-015ac4b elementor-section-boxed elementor-section-height-default elementor-section-height-default\" data-id=\"015ac4b\" data-element_type=\"section\">\n\t\t\t\t\t\t<div class=\"elementor-container elementor-column-gap-default\">\n\t\t\t\t\t<div class=\"elementor-column elementor-col-100 elementor-top-column elementor-element elementor-element-415e954\" data-id=\"415e954\" data-element_type=\"column\">\n\t\t\t<div class=\"elementor-widget-wrap elementor-element-populated\">\n\t\t\t\t\t\t<div class=\"elementor-element elementor-element-e88d6d1 elementor-widget elementor-widget-heading\" data-id=\"e88d6d1\" data-element_type=\"widget\" data-widget_type=\"heading.default\">\n\t\t\t\t<div class=\"elementor-widget-container\">\n\t\t\t\t\t<h2 class=\"elementor-heading-title elementor-size-default\">Pol\u00edcia Civil conclui inqu\u00e9rito em investiga\u00e7\u00e3o \u00e0s irregularidades na explora\u00e7\u00e3o dos estacionamentos rotativos na Capital at\u00e9 o ano de 2019 e indicia 12 pessoas<\/h2>\t\t\t\t<\/div>\n\t\t\t\t<\/div>\n\t\t\t\t\t<\/div>\n\t\t<\/div>\n\t\t\t\t\t<\/div>\n\t\t<\/section>\n\t\t\t\t<section class=\"elementor-section elementor-top-section elementor-element elementor-element-f204557 elementor-section-boxed elementor-section-height-default elementor-section-height-default\" data-id=\"f204557\" data-element_type=\"section\">\n\t\t\t\t\t\t<div class=\"elementor-container elementor-column-gap-default\">\n\t\t\t\t\t<div class=\"elementor-column elementor-col-100 elementor-top-column elementor-element elementor-element-9a7ac79\" data-id=\"9a7ac79\" data-element_type=\"column\">\n\t\t\t<div class=\"elementor-widget-wrap elementor-element-populated\">\n\t\t\t\t\t\t<div class=\"elementor-element elementor-element-959ea21 elementor-widget elementor-widget-image\" data-id=\"959ea21\" data-element_type=\"widget\" data-widget_type=\"image.default\">\n\t\t\t\t<div class=\"elementor-widget-container\">\n\t\t\t\t\t\t\t\t\t\t\t\t\t\t\t<img fetchpriority=\"high\" decoding=\"async\" width=\"696\" height=\"391\" src=\"https:\/\/pc.sc.gov.br\/\/wp-content\/uploads\/2024\/09\/WhatsApp-Image-2024-09-19-at-14.36.06-1.jpeg\" class=\"attachment-large size-large wp-image-23615\" alt=\"\" srcset=\"https:\/\/pc.sc.gov.br\/\/wp-content\/uploads\/2024\/09\/WhatsApp-Image-2024-09-19-at-14.36.06-1.jpeg 939w, https:\/\/pc.sc.gov.br\/\/wp-content\/uploads\/2024\/09\/WhatsApp-Image-2024-09-19-at-14.36.06-1-300x168.jpeg 300w, https:\/\/pc.sc.gov.br\/\/wp-content\/uploads\/2024\/09\/WhatsApp-Image-2024-09-19-at-14.36.06-1-768x431.jpeg 768w\" sizes=\"(max-width: 696px) 100vw, 696px\" \/>\t\t\t\t\t\t\t\t\t\t\t\t\t\t\t<\/div>\n\t\t\t\t<\/div>\n\t\t\t\t\t<\/div>\n\t\t<\/div>\n\t\t\t\t\t<\/div>\n\t\t<\/section>\n\t\t\t\t<section class=\"elementor-section elementor-top-section elementor-element elementor-element-989162e elementor-section-boxed elementor-section-height-default elementor-section-height-default\" data-id=\"989162e\" data-element_type=\"section\">\n\t\t\t\t\t\t<div class=\"elementor-container elementor-column-gap-default\">\n\t\t\t\t\t<div class=\"elementor-column elementor-col-100 elementor-top-column elementor-element elementor-element-659364f\" data-id=\"659364f\" data-element_type=\"column\">\n\t\t\t<div class=\"elementor-widget-wrap elementor-element-populated\">\n\t\t\t\t\t\t<div class=\"elementor-element elementor-element-c472bf2 elementor-widget elementor-widget-text-editor\" data-id=\"c472bf2\" data-element_type=\"widget\" data-widget_type=\"text-editor.default\">\n\t\t\t\t<div class=\"elementor-widget-container\">\n\t\t\t\t\t\t\t\t\t<p><span style=\"font-family: var( --e-global-typography-primary-font-family ), Sans-serif; font-size: var( --e-global-typography-primary-font-size ); font-weight: var( --e-global-typography-primary-font-weight ); letter-spacing: var( --e-global-typography-primary-letter-spacing );\">A Pol\u00edcia Civil de Santa Cataria, por meio da Delegacia de\nInvestiga\u00e7\u00e3o \u00e0 Lavagem de Dinheiro da Diretoria Estadual de Investiga\u00e7\u00f5es\nCriminais, concluiu o inqu\u00e9rito polical instaurado para apurar supostas\nirregularidades na contrata\u00e7\u00e3o e execu\u00e7\u00e3o do contrato de explora\u00e7\u00e3o dos\nestacionamentos rotativos da Capital \u2013 a chamada Zona Azul. Foram indiciadas 12\npessoas pelos delitos de peculato, corrup\u00e7\u00e3o ativa, corrup\u00e7\u00e3o passiva, lavagem\nde dinheiro e organiza\u00e7\u00e3o criminosa.<\/span><\/p><p><strong>Entenda o caso<\/strong><\/p>\n<p>A empresa, ent\u00e3o ganhadora da concess\u00e3o para explora\u00e7\u00e3o, celebrou contrato com a municipalidade no ano de 2013, explorando a Zona Azul da Capital at\u00e9 2019. Ocorre que, nos quase oito anos de explora\u00e7\u00e3o, a empresa deixou de efetuar repasses ao munic\u00edpio que somavam aproximadamente R$ 20 milh\u00f5es, sem que o servidor respons\u00e1vel pela fiscaliza\u00e7\u00e3o do contrato tomasse qualquer provid\u00eancia.<\/p>\n<p>No final de 2018, a empresa, de modo temer\u00e1rio, ajuizou a\u00e7\u00e3o c\u00edvel de reequil\u00edbrio econ\u00f4mico, alegando que os pre\u00e7os praticados precisavam ser reajustados, contudo, diferentemente do alegado, a investiga\u00e7\u00e3o apontou que a empresa era extremamente lucrativa e superavit\u00e1ria.<\/p>\n<p>A C\u00e2mara de Vereadores chegou a constituir CPI para a apura\u00e7\u00e3o dos fatos, contudo, em meados de outubro de 2019, os propriet\u00e1rios e gestores da empresa tentaram subtrair computadores e documentos da sede da empresa, sendo impedidos pelos integrantes daquela CPI. Foi quando todo material arrecadado foi apresentado na DEIC e as investiga\u00e7\u00f5es ent\u00e3o tiveram in\u00edcio.<\/p>\n<p><strong>A investiga\u00e7\u00e3o<\/strong><\/p>\n<p>Em apertada s\u00edntese, de acordo com a investiga\u00e7\u00e3o, os gestores da empresa omitiam os valores arrecadados diretamente em esp\u00e9cie, que totalizavam quase que metade do faturamento mensal da empresa (aproximadamente meio milh\u00e3o de reais). Tais recursos eram utilizados pelos gestores para compra de bens luxuosos, pagamentos de diversas despesas e extravag\u00e2ncias pessoais dos propriet\u00e1rios da empresa, assim como para pagamento de propinas \u2013 o que sustentou por oito anos a pr\u00e1tica criminosa sem qualquer repasse ao munic\u00edpio.<\/p>\n<p>Ademais, foram verificadas diversas tipologias de lavagem de dinheiro, tanto para a oculta\u00e7\u00e3o e blindagem dos bens adquiridos com os valores indevidamente apropriados da municipalidade quanto para dissimula\u00e7\u00e3o da movimenta\u00e7\u00e3o dos recursos, tais como a utiliza\u00e7\u00e3o de outras empresas do grupo e o uso de interpostas pessoas (laranjas e testas de ferro).<\/p>\n<p>Durante as investiga\u00e7\u00f5es foram realizadas duas opera\u00e7\u00f5es; analisadas diversos computadores, documentos, aparelhos smartphones, dados banc\u00e1rios, fiscais, telem\u00e1ticos e telef\u00f4nicos; realizadas diversas oitivas; al\u00e9m do cumprimento de 48 mandados de busca e apreens\u00e3o e o sequestro\/arresto cautelar de bens, a fim de garantir a repara\u00e7\u00e3o \u00e0 municipalidade.<\/p>\t\t\t\t\t\t\t\t<\/div>\n\t\t\t\t<\/div>\n\t\t\t\t\t<\/div>\n\t\t<\/div>\n\t\t\t\t\t<\/div>\n\t\t<\/section>\n\t\t\t\t<\/div>\n\t\t","protected":false},"excerpt":{"rendered":"<p>Pol\u00edcia Civil conclui inqu\u00e9rito em investiga\u00e7\u00e3o \u00e0s irregularidades na explora\u00e7\u00e3o dos estacionamentos rotativos na Capital at\u00e9 o ano de 2019 e indicia 12 pessoas A Pol\u00edcia Civil de Santa Cataria, por meio da Delegacia de Investiga\u00e7\u00e3o \u00e0 Lavagem de Dinheiro da Diretoria Estadual de Investiga\u00e7\u00f5es Criminais, concluiu o inqu\u00e9rito polical instaurado para apurar supostas irregularidades [&hellip;]<\/p>\n","protected":false},"author":5,"featured_media":23615,"comment_status":"closed","ping_status":"open","sticky":false,"template":"","format":"standard","meta":{"_monsterinsights_skip_tracking":false,"_monsterinsights_sitenote_active":false,"_monsterinsights_sitenote_note":"","_monsterinsights_sitenote_category":0,"footnotes":""},"categories":[1],"tags":[],"class_list":["post-23614","post","type-post","status-publish","format-standard","has-post-thumbnail","hentry","category-sem-categoria"],"_links":{"self":[{"href":"https:\/\/pc.sc.gov.br\/index.php?rest_route=\/wp\/v2\/posts\/23614","targetHints":{"allow":["GET"]}}],"collection":[{"href":"https:\/\/pc.sc.gov.br\/index.php?rest_route=\/wp\/v2\/posts"}],"about":[{"href":"https:\/\/pc.sc.gov.br\/index.php?rest_route=\/wp\/v2\/types\/post"}],"author":[{"embeddable":true,"href":"https:\/\/pc.sc.gov.br\/index.php?rest_route=\/wp\/v2\/users\/5"}],"replies":[{"embeddable":true,"href":"https:\/\/pc.sc.gov.br\/index.php?rest_route=%2Fwp%2Fv2%2Fcomments&post=23614"}],"version-history":[{"count":4,"href":"https:\/\/pc.sc.gov.br\/index.php?rest_route=\/wp\/v2\/posts\/23614\/revisions"}],"predecessor-version":[{"id":23619,"href":"https:\/\/pc.sc.gov.br\/index.php?rest_route=\/wp\/v2\/posts\/23614\/revisions\/23619"}],"wp:featuredmedia":[{"embeddable":true,"href":"https:\/\/pc.sc.gov.br\/index.php?rest_route=\/wp\/v2\/media\/23615"}],"wp:attachment":[{"href":"https:\/\/pc.sc.gov.br\/index.php?rest_route=%2Fwp%2Fv2%2Fmedia&parent=23614"}],"wp:term":[{"taxonomy":"category","embeddable":true,"href":"https:\/\/pc.sc.gov.br\/index.php?rest_route=%2Fwp%2Fv2%2Fcategories&post=23614"},{"taxonomy":"post_tag","embeddable":true,"href":"https:\/\/pc.sc.gov.br\/index.php?rest_route=%2Fwp%2Fv2%2Ftags&post=23614"}],"curies":[{"name":"wp","href":"https:\/\/api.w.org\/{rel}","templated":true}]}}