{"id":23644,"date":"2024-09-20T12:52:04","date_gmt":"2024-09-20T15:52:04","guid":{"rendered":"https:\/\/pc.sc.gov.br\/?p=23644"},"modified":"2024-09-20T12:54:22","modified_gmt":"2024-09-20T15:54:22","slug":"policia-civil-prende-em-flagrante-homem-por-trafico-em-balneario-camboriu","status":"publish","type":"post","link":"https:\/\/pc.sc.gov.br\/?p=23644","title":{"rendered":"Pol\u00edcia Civil prende em flagrante homem por tr\u00e1fico em Balne\u00e1rio Cambori\u00fa"},"content":{"rendered":"\t\t<div data-elementor-type=\"wp-post\" data-elementor-id=\"23644\" class=\"elementor elementor-23644\" data-elementor-post-type=\"post\">\n\t\t\t\t\t\t<section class=\"elementor-section elementor-top-section elementor-element elementor-element-7db0d3a elementor-section-boxed elementor-section-height-default elementor-section-height-default\" data-id=\"7db0d3a\" data-element_type=\"section\">\n\t\t\t\t\t\t<div class=\"elementor-container elementor-column-gap-default\">\n\t\t\t\t\t<div class=\"elementor-column elementor-col-100 elementor-top-column elementor-element elementor-element-8e76dce\" data-id=\"8e76dce\" data-element_type=\"column\">\n\t\t\t<div class=\"elementor-widget-wrap elementor-element-populated\">\n\t\t\t\t\t\t<div class=\"elementor-element elementor-element-fe4c4ad elementor-widget elementor-widget-heading\" data-id=\"fe4c4ad\" data-element_type=\"widget\" data-widget_type=\"heading.default\">\n\t\t\t\t<div class=\"elementor-widget-container\">\n\t\t\t\t\t<h2 class=\"elementor-heading-title elementor-size-default\">Pol\u00edcia Civil prende em flagrante homem por tr\u00e1fico em Balne\u00e1rio Cambori\u00fa <\/h2>\t\t\t\t<\/div>\n\t\t\t\t<\/div>\n\t\t\t\t\t<\/div>\n\t\t<\/div>\n\t\t\t\t\t<\/div>\n\t\t<\/section>\n\t\t\t\t<section class=\"elementor-section elementor-top-section elementor-element elementor-element-f2c13f5 elementor-section-boxed elementor-section-height-default elementor-section-height-default\" data-id=\"f2c13f5\" data-element_type=\"section\">\n\t\t\t\t\t\t<div class=\"elementor-container elementor-column-gap-default\">\n\t\t\t\t\t<div class=\"elementor-column elementor-col-100 elementor-top-column elementor-element elementor-element-ae6105f\" data-id=\"ae6105f\" data-element_type=\"column\">\n\t\t\t<div class=\"elementor-widget-wrap elementor-element-populated\">\n\t\t\t\t\t\t<div class=\"elementor-element elementor-element-22bd4c4 elementor-widget elementor-widget-image\" data-id=\"22bd4c4\" data-element_type=\"widget\" data-widget_type=\"image.default\">\n\t\t\t\t<div class=\"elementor-widget-container\">\n\t\t\t\t\t\t\t\t\t\t\t\t\t\t\t<img fetchpriority=\"high\" decoding=\"async\" width=\"696\" height=\"485\" src=\"https:\/\/pc.sc.gov.br\/\/wp-content\/uploads\/2024\/09\/617714b3-78c3-4035-9972-9fe379020254-1024x713.jpg\" class=\"attachment-large size-large wp-image-23645\" alt=\"\" srcset=\"https:\/\/pc.sc.gov.br\/\/wp-content\/uploads\/2024\/09\/617714b3-78c3-4035-9972-9fe379020254-1024x713.jpg 1024w, https:\/\/pc.sc.gov.br\/\/wp-content\/uploads\/2024\/09\/617714b3-78c3-4035-9972-9fe379020254-300x209.jpg 300w, https:\/\/pc.sc.gov.br\/\/wp-content\/uploads\/2024\/09\/617714b3-78c3-4035-9972-9fe379020254-768x535.jpg 768w, https:\/\/pc.sc.gov.br\/\/wp-content\/uploads\/2024\/09\/617714b3-78c3-4035-9972-9fe379020254.jpg 1080w\" sizes=\"(max-width: 696px) 100vw, 696px\" \/>\t\t\t\t\t\t\t\t\t\t\t\t\t\t\t<\/div>\n\t\t\t\t<\/div>\n\t\t\t\t\t<\/div>\n\t\t<\/div>\n\t\t\t\t\t<\/div>\n\t\t<\/section>\n\t\t\t\t<section class=\"elementor-section elementor-top-section elementor-element elementor-element-9fc3b39 elementor-section-boxed elementor-section-height-default elementor-section-height-default\" data-id=\"9fc3b39\" data-element_type=\"section\">\n\t\t\t\t\t\t<div class=\"elementor-container elementor-column-gap-default\">\n\t\t\t\t\t<div class=\"elementor-column elementor-col-100 elementor-top-column elementor-element elementor-element-b3fa005\" data-id=\"b3fa005\" data-element_type=\"column\">\n\t\t\t<div class=\"elementor-widget-wrap elementor-element-populated\">\n\t\t\t\t\t\t<div class=\"elementor-element elementor-element-3f46bb9 elementor-widget elementor-widget-text-editor\" data-id=\"3f46bb9\" data-element_type=\"widget\" data-widget_type=\"text-editor.default\">\n\t\t\t\t<div class=\"elementor-widget-container\">\n\t\t\t\t\t\t\t\t\t<p>A Pol\u00edcia Civil de Santa Catarina, por meio da Delegacia de Investiga\u00e7\u00e3o Criminal de Balne\u00e1rio Cambori\u00fa, na manh\u00e3 dessa sexta-feira (20\/09), cumpriu um mandado de busca e apreens\u00e3o em investiga\u00e7\u00e3o que apurava a pr\u00e1tica do tr\u00e1fico de drogas por um homem. Na resid\u00eancia do suspeito, situada no bairro Monte Alegre, em Balne\u00e1rio Cambori\u00fa, foram apreendidas por\u00e7\u00f5es de maconha, coca\u00edna, balan\u00e7a de precis\u00e3o e material para embalar a droga<\/p><p>Ap\u00f3s a lavratura do auto de pris\u00e3o em flagrante o investigado foi conduzido ao Pres\u00eddio do Vale do Itaja\u00ed.<\/p>\t\t\t\t\t\t\t\t<\/div>\n\t\t\t\t<\/div>\n\t\t\t\t\t<\/div>\n\t\t<\/div>\n\t\t\t\t\t<\/div>\n\t\t<\/section>\n\t\t\t\t<section class=\"elementor-section elementor-top-section elementor-element elementor-element-356e626 elementor-section-boxed elementor-section-height-default elementor-section-height-default\" data-id=\"356e626\" data-element_type=\"section\">\n\t\t\t\t\t\t<div class=\"elementor-container elementor-column-gap-default\">\n\t\t\t\t\t<div class=\"elementor-column elementor-col-100 elementor-top-column elementor-element elementor-element-9585773\" data-id=\"9585773\" data-element_type=\"column\">\n\t\t\t<div class=\"elementor-widget-wrap elementor-element-populated\">\n\t\t\t\t\t\t<div class=\"elementor-element elementor-element-3a99791 elementor-widget__width-initial elementor-widget elementor-widget-video\" data-id=\"3a99791\" data-element_type=\"widget\" data-settings=\"{&quot;video_type&quot;:&quot;hosted&quot;,&quot;controls&quot;:&quot;yes&quot;}\" data-widget_type=\"video.default\">\n\t\t\t\t<div class=\"elementor-widget-container\">\n\t\t\t\t\t\t\t<div class=\"e-hosted-video elementor-wrapper elementor-open-inline\">\n\t\t\t\t\t<video class=\"elementor-video\" src=\"https:\/\/pc.sc.gov.br\/wp-content\/uploads\/2024\/09\/WhatsApp-Video-2024-09-20-at-08.40.03.mp4\" controls=\"\" preload=\"metadata\"><\/video>\n\t\t\t\t<\/div>\n\t\t\t\t\t\t<\/div>\n\t\t\t\t<\/div>\n\t\t\t\t\t<\/div>\n\t\t<\/div>\n\t\t\t\t\t<\/div>\n\t\t<\/section>\n\t\t\t\t<\/div>\n\t\t","protected":false},"excerpt":{"rendered":"<p>Pol\u00edcia Civil prende em flagrante homem por tr\u00e1fico em Balne\u00e1rio Cambori\u00fa A Pol\u00edcia Civil de Santa Catarina, por meio da Delegacia de Investiga\u00e7\u00e3o Criminal de Balne\u00e1rio Cambori\u00fa, na manh\u00e3 dessa sexta-feira (20\/09), cumpriu um mandado de busca e apreens\u00e3o em investiga\u00e7\u00e3o que apurava a pr\u00e1tica do tr\u00e1fico de drogas por um homem. Na resid\u00eancia do [&hellip;]<\/p>\n","protected":false},"author":5,"featured_media":23645,"comment_status":"closed","ping_status":"open","sticky":false,"template":"","format":"standard","meta":{"_monsterinsights_skip_tracking":false,"_monsterinsights_sitenote_active":false,"_monsterinsights_sitenote_note":"","_monsterinsights_sitenote_category":0,"footnotes":""},"categories":[1],"tags":[],"class_list":["post-23644","post","type-post","status-publish","format-standard","has-post-thumbnail","hentry","category-sem-categoria"],"_links":{"self":[{"href":"https:\/\/pc.sc.gov.br\/index.php?rest_route=\/wp\/v2\/posts\/23644","targetHints":{"allow":["GET"]}}],"collection":[{"href":"https:\/\/pc.sc.gov.br\/index.php?rest_route=\/wp\/v2\/posts"}],"about":[{"href":"https:\/\/pc.sc.gov.br\/index.php?rest_route=\/wp\/v2\/types\/post"}],"author":[{"embeddable":true,"href":"https:\/\/pc.sc.gov.br\/index.php?rest_route=\/wp\/v2\/users\/5"}],"replies":[{"embeddable":true,"href":"https:\/\/pc.sc.gov.br\/index.php?rest_route=%2Fwp%2Fv2%2Fcomments&post=23644"}],"version-history":[{"count":7,"href":"https:\/\/pc.sc.gov.br\/index.php?rest_route=\/wp\/v2\/posts\/23644\/revisions"}],"predecessor-version":[{"id":23653,"href":"https:\/\/pc.sc.gov.br\/index.php?rest_route=\/wp\/v2\/posts\/23644\/revisions\/23653"}],"wp:featuredmedia":[{"embeddable":true,"href":"https:\/\/pc.sc.gov.br\/index.php?rest_route=\/wp\/v2\/media\/23645"}],"wp:attachment":[{"href":"https:\/\/pc.sc.gov.br\/index.php?rest_route=%2Fwp%2Fv2%2Fmedia&parent=23644"}],"wp:term":[{"taxonomy":"category","embeddable":true,"href":"https:\/\/pc.sc.gov.br\/index.php?rest_route=%2Fwp%2Fv2%2Fcategories&post=23644"},{"taxonomy":"post_tag","embeddable":true,"href":"https:\/\/pc.sc.gov.br\/index.php?rest_route=%2Fwp%2Fv2%2Ftags&post=23644"}],"curies":[{"name":"wp","href":"https:\/\/api.w.org\/{rel}","templated":true}]}}