{"id":23654,"date":"2024-09-20T13:13:27","date_gmt":"2024-09-20T16:13:27","guid":{"rendered":"https:\/\/pc.sc.gov.br\/?p=23654"},"modified":"2024-09-20T13:14:08","modified_gmt":"2024-09-20T16:14:08","slug":"policia-civil-prende-quatro-pedofilos-e-mae-que-aliciava-as-vitimas","status":"publish","type":"post","link":"https:\/\/pc.sc.gov.br\/?p=23654","title":{"rendered":"Pol\u00edcia Civil prende quatro ped\u00f3filos e m\u00e3e que aliciava as v\u00edtimas"},"content":{"rendered":"\t\t<div data-elementor-type=\"wp-post\" data-elementor-id=\"23654\" class=\"elementor elementor-23654\" data-elementor-post-type=\"post\">\n\t\t\t\t\t\t<section class=\"elementor-section elementor-top-section elementor-element elementor-element-efe91eb elementor-section-boxed elementor-section-height-default elementor-section-height-default\" data-id=\"efe91eb\" data-element_type=\"section\">\n\t\t\t\t\t\t<div class=\"elementor-container elementor-column-gap-default\">\n\t\t\t\t\t<div class=\"elementor-column elementor-col-100 elementor-top-column elementor-element elementor-element-57ad38d\" data-id=\"57ad38d\" data-element_type=\"column\">\n\t\t\t<div class=\"elementor-widget-wrap elementor-element-populated\">\n\t\t\t\t\t\t<div class=\"elementor-element elementor-element-9cffd72 elementor-widget elementor-widget-heading\" data-id=\"9cffd72\" data-element_type=\"widget\" data-widget_type=\"heading.default\">\n\t\t\t\t<div class=\"elementor-widget-container\">\n\t\t\t\t\t<h2 class=\"elementor-heading-title elementor-size-default\">Pol\u00edcia Civil prende quatro ped\u00f3filos e m\u00e3e que aliciava as v\u00edtimas <\/h2>\t\t\t\t<\/div>\n\t\t\t\t<\/div>\n\t\t\t\t\t<\/div>\n\t\t<\/div>\n\t\t\t\t\t<\/div>\n\t\t<\/section>\n\t\t\t\t<section class=\"elementor-section elementor-top-section elementor-element elementor-element-e602c43 elementor-section-boxed elementor-section-height-default elementor-section-height-default\" data-id=\"e602c43\" data-element_type=\"section\">\n\t\t\t\t\t\t<div class=\"elementor-container elementor-column-gap-default\">\n\t\t\t\t\t<div class=\"elementor-column elementor-col-100 elementor-top-column elementor-element elementor-element-1f45473\" data-id=\"1f45473\" data-element_type=\"column\">\n\t\t\t<div class=\"elementor-widget-wrap elementor-element-populated\">\n\t\t\t\t\t\t<div class=\"elementor-element elementor-element-c0fed29 elementor-widget elementor-widget-image\" data-id=\"c0fed29\" data-element_type=\"widget\" data-widget_type=\"image.default\">\n\t\t\t\t<div class=\"elementor-widget-container\">\n\t\t\t\t\t\t\t\t\t\t\t\t\t\t\t<img fetchpriority=\"high\" decoding=\"async\" width=\"696\" height=\"522\" src=\"https:\/\/pc.sc.gov.br\/\/wp-content\/uploads\/2024\/07\/PCSC-PADRAO-1.jpg\" class=\"attachment-large size-large wp-image-22161\" alt=\"\" srcset=\"https:\/\/pc.sc.gov.br\/\/wp-content\/uploads\/2024\/07\/PCSC-PADRAO-1.jpg 768w, https:\/\/pc.sc.gov.br\/\/wp-content\/uploads\/2024\/07\/PCSC-PADRAO-1-300x225.jpg 300w\" sizes=\"(max-width: 696px) 100vw, 696px\" \/>\t\t\t\t\t\t\t\t\t\t\t\t\t\t\t<\/div>\n\t\t\t\t<\/div>\n\t\t\t\t\t<\/div>\n\t\t<\/div>\n\t\t\t\t\t<\/div>\n\t\t<\/section>\n\t\t\t\t<section class=\"elementor-section elementor-top-section elementor-element elementor-element-03efeac elementor-section-boxed elementor-section-height-default elementor-section-height-default\" data-id=\"03efeac\" data-element_type=\"section\">\n\t\t\t\t\t\t<div class=\"elementor-container elementor-column-gap-default\">\n\t\t\t\t\t<div class=\"elementor-column elementor-col-100 elementor-top-column elementor-element elementor-element-5caac77\" data-id=\"5caac77\" data-element_type=\"column\">\n\t\t\t<div class=\"elementor-widget-wrap elementor-element-populated\">\n\t\t\t\t\t\t<div class=\"elementor-element elementor-element-d374ee4 elementor-widget elementor-widget-text-editor\" data-id=\"d374ee4\" data-element_type=\"widget\" data-widget_type=\"text-editor.default\">\n\t\t\t\t<div class=\"elementor-widget-container\">\n\t\t\t\t\t\t\t\t\t<p>Em uma opera\u00e7\u00e3o que se iniciou na quarta-feira (18\/09) e teve seguimento na quinta-feira (19\/9), a Pol\u00edcia Civil de Santa Catarina, por meio da Delegacia de Pol\u00edcia da Comarca de Turvo, prendeu quatro homens condenados por estupro de vulner\u00e1vel. As penas somadas totalizam mais de 62 anos de pris\u00e3o. A m\u00e3e das v\u00edtimas, condenada a 23 anos de reclus\u00e3o, tamb\u00e9m foi presa.<\/p><p>As pris\u00f5es s\u00e3o decorrentes de um processo que teve in\u00edcio em uma investiga\u00e7\u00e3o da Delegacia da Comarca de Turvo, na qual se descobriu que a genitora de crian\u00e7as menores de 14 anos aliciava os pr\u00f3prios filhos para que homens abusassem sexualmente deles, quando menores de idade.<\/p><p>A investiga\u00e7\u00e3o revelou que os abusos eram sistematicamente facilitados pela genitora das v\u00edtimas, que incentivava o contato sexual entre os homens e as crian\u00e7as. O caso, que abalou a cidade, levou a condena\u00e7\u00e3o de todos os envolvidos. Os quatro ped\u00f3filos presos foram localizados em diferentes locais da regi\u00e3o, nas cidades de Turvo, Ararangu\u00e1 e Meleiro e foram encaminhados diretamente ao Sistema Prisional, onde ir\u00e3o dar in\u00edcio ao cumprimento de suas penas.<\/p><p>A mulher foi localizada em uma resid\u00eancia no munic\u00edpio de Balne\u00e1rio Arroio do Silva, onde se escondia desde que a Justi\u00e7a emitiu seu mandado de pris\u00e3o. Ap\u00f3s a captura, ela foi levada para a delegacia, e posteriormente ser\u00e1 encaminhada ao Pres\u00eddio Feminino de Crici\u00fama, onde cumprir\u00e1 sua pena.<\/p><p>Apesar do sucesso da opera\u00e7\u00e3o, a Pol\u00edcia Civil ainda est\u00e1 \u00e0 procura de um dos foragidos: um homem de 48 anos, condenado a 13 anos de pris\u00e3o por estupro de vulner\u00e1vel. A Pol\u00edcia pede a colabora\u00e7\u00e3o da popula\u00e7\u00e3o com informa\u00e7\u00f5es que possam levar \u00e0 localiza\u00e7\u00e3o do foragido.<\/p>\t\t\t\t\t\t\t\t<\/div>\n\t\t\t\t<\/div>\n\t\t\t\t\t<\/div>\n\t\t<\/div>\n\t\t\t\t\t<\/div>\n\t\t<\/section>\n\t\t\t\t<\/div>\n\t\t","protected":false},"excerpt":{"rendered":"<p>Pol\u00edcia Civil prende quatro ped\u00f3filos e m\u00e3e que aliciava as v\u00edtimas Em uma opera\u00e7\u00e3o que se iniciou na quarta-feira (18\/09) e teve seguimento na quinta-feira (19\/9), a Pol\u00edcia Civil de Santa Catarina, por meio da Delegacia de Pol\u00edcia da Comarca de Turvo, prendeu quatro homens condenados por estupro de vulner\u00e1vel. As penas somadas totalizam mais [&hellip;]<\/p>\n","protected":false},"author":5,"featured_media":22161,"comment_status":"closed","ping_status":"open","sticky":false,"template":"","format":"standard","meta":{"_monsterinsights_skip_tracking":false,"_monsterinsights_sitenote_active":false,"_monsterinsights_sitenote_note":"","_monsterinsights_sitenote_category":0,"footnotes":""},"categories":[1],"tags":[],"class_list":["post-23654","post","type-post","status-publish","format-standard","has-post-thumbnail","hentry","category-sem-categoria"],"_links":{"self":[{"href":"https:\/\/pc.sc.gov.br\/index.php?rest_route=\/wp\/v2\/posts\/23654","targetHints":{"allow":["GET"]}}],"collection":[{"href":"https:\/\/pc.sc.gov.br\/index.php?rest_route=\/wp\/v2\/posts"}],"about":[{"href":"https:\/\/pc.sc.gov.br\/index.php?rest_route=\/wp\/v2\/types\/post"}],"author":[{"embeddable":true,"href":"https:\/\/pc.sc.gov.br\/index.php?rest_route=\/wp\/v2\/users\/5"}],"replies":[{"embeddable":true,"href":"https:\/\/pc.sc.gov.br\/index.php?rest_route=%2Fwp%2Fv2%2Fcomments&post=23654"}],"version-history":[{"count":4,"href":"https:\/\/pc.sc.gov.br\/index.php?rest_route=\/wp\/v2\/posts\/23654\/revisions"}],"predecessor-version":[{"id":23658,"href":"https:\/\/pc.sc.gov.br\/index.php?rest_route=\/wp\/v2\/posts\/23654\/revisions\/23658"}],"wp:featuredmedia":[{"embeddable":true,"href":"https:\/\/pc.sc.gov.br\/index.php?rest_route=\/wp\/v2\/media\/22161"}],"wp:attachment":[{"href":"https:\/\/pc.sc.gov.br\/index.php?rest_route=%2Fwp%2Fv2%2Fmedia&parent=23654"}],"wp:term":[{"taxonomy":"category","embeddable":true,"href":"https:\/\/pc.sc.gov.br\/index.php?rest_route=%2Fwp%2Fv2%2Fcategories&post=23654"},{"taxonomy":"post_tag","embeddable":true,"href":"https:\/\/pc.sc.gov.br\/index.php?rest_route=%2Fwp%2Fv2%2Ftags&post=23654"}],"curies":[{"name":"wp","href":"https:\/\/api.w.org\/{rel}","templated":true}]}}