{"id":23660,"date":"2024-09-20T15:13:58","date_gmt":"2024-09-20T18:13:58","guid":{"rendered":"https:\/\/pc.sc.gov.br\/?p=23660"},"modified":"2024-09-20T15:15:06","modified_gmt":"2024-09-20T18:15:06","slug":"policia-civil-prende-homem-com-mandado-ativo-por-trafico-de-drogas-e-associacao-para-o-trafico-em-morro-da-fumaca","status":"publish","type":"post","link":"https:\/\/pc.sc.gov.br\/?p=23660","title":{"rendered":"Pol\u00edcia Civil prende homem com mandado ativo por tr\u00e1fico de drogas e associa\u00e7\u00e3o para o tr\u00e1fico em Morro da Fuma\u00e7a"},"content":{"rendered":"\t\t<div data-elementor-type=\"wp-post\" data-elementor-id=\"23660\" class=\"elementor elementor-23660\" data-elementor-post-type=\"post\">\n\t\t\t\t\t\t<section class=\"elementor-section elementor-top-section elementor-element elementor-element-ff53407 elementor-section-boxed elementor-section-height-default elementor-section-height-default\" data-id=\"ff53407\" data-element_type=\"section\">\n\t\t\t\t\t\t<div class=\"elementor-container elementor-column-gap-default\">\n\t\t\t\t\t<div class=\"elementor-column elementor-col-100 elementor-top-column elementor-element elementor-element-271e06a\" data-id=\"271e06a\" data-element_type=\"column\">\n\t\t\t<div class=\"elementor-widget-wrap elementor-element-populated\">\n\t\t\t\t\t\t<div class=\"elementor-element elementor-element-083e8c3 elementor-widget elementor-widget-heading\" data-id=\"083e8c3\" data-element_type=\"widget\" data-widget_type=\"heading.default\">\n\t\t\t\t<div class=\"elementor-widget-container\">\n\t\t\t\t\t<h2 class=\"elementor-heading-title elementor-size-default\">Pol\u00edcia Civil prende homem com mandado ativo por tr\u00e1fico de drogas e associa\u00e7\u00e3o para o tr\u00e1fico em Morro da Fuma\u00e7a<\/h2>\t\t\t\t<\/div>\n\t\t\t\t<\/div>\n\t\t\t\t<div class=\"elementor-element elementor-element-34bee4b elementor-widget elementor-widget-image\" data-id=\"34bee4b\" data-element_type=\"widget\" data-widget_type=\"image.default\">\n\t\t\t\t<div class=\"elementor-widget-container\">\n\t\t\t\t\t\t\t\t\t\t\t\t\t\t\t<img fetchpriority=\"high\" decoding=\"async\" width=\"696\" height=\"763\" src=\"https:\/\/pc.sc.gov.br\/\/wp-content\/uploads\/2024\/09\/WhatsApp-Image-2024-09-20-at-14.56.26-934x1024.jpeg\" class=\"attachment-large size-large wp-image-23662\" alt=\"\" srcset=\"https:\/\/pc.sc.gov.br\/\/wp-content\/uploads\/2024\/09\/WhatsApp-Image-2024-09-20-at-14.56.26-934x1024.jpeg 934w, https:\/\/pc.sc.gov.br\/\/wp-content\/uploads\/2024\/09\/WhatsApp-Image-2024-09-20-at-14.56.26-274x300.jpeg 274w, https:\/\/pc.sc.gov.br\/\/wp-content\/uploads\/2024\/09\/WhatsApp-Image-2024-09-20-at-14.56.26-768x842.jpeg 768w, https:\/\/pc.sc.gov.br\/\/wp-content\/uploads\/2024\/09\/WhatsApp-Image-2024-09-20-at-14.56.26-1401x1536.jpeg 1401w, https:\/\/pc.sc.gov.br\/\/wp-content\/uploads\/2024\/09\/WhatsApp-Image-2024-09-20-at-14.56.26.jpeg 1459w\" sizes=\"(max-width: 696px) 100vw, 696px\" \/>\t\t\t\t\t\t\t\t\t\t\t\t\t\t\t<\/div>\n\t\t\t\t<\/div>\n\t\t\t\t\t<\/div>\n\t\t<\/div>\n\t\t\t\t\t<\/div>\n\t\t<\/section>\n\t\t\t\t<section class=\"elementor-section elementor-top-section elementor-element elementor-element-bdbc9c7 elementor-section-boxed elementor-section-height-default elementor-section-height-default\" data-id=\"bdbc9c7\" data-element_type=\"section\">\n\t\t\t\t\t\t<div class=\"elementor-container elementor-column-gap-default\">\n\t\t\t\t\t<div class=\"elementor-column elementor-col-100 elementor-top-column elementor-element elementor-element-dfde09d\" data-id=\"dfde09d\" data-element_type=\"column\">\n\t\t\t<div class=\"elementor-widget-wrap elementor-element-populated\">\n\t\t\t\t\t\t<div class=\"elementor-element elementor-element-f8101c6 elementor-widget elementor-widget-text-editor\" data-id=\"f8101c6\" data-element_type=\"widget\" data-widget_type=\"text-editor.default\">\n\t\t\t\t<div class=\"elementor-widget-container\">\n\t\t\t\t\t\t\t\t\t<p>A Pol\u00edcia Civil de Santa Catarina, por meio da Delegacia de Repress\u00e3o a Roubos de Crici\u00fama (DRR\/DIC Crici\u00fama), nesta manh\u00e3 (19\/09), ap\u00f3s troca de informa\u00e7\u00f5es de intelig\u00eancia, localizou e capturou um foragido. A pris\u00e3o ocorreu em Morro da Fuma\u00e7a. O mandado de pris\u00e3o foi expedido pela Vara de Execu\u00e7\u00f5es Penais de Crici\u00fama\/SC, em raz\u00e3o de pris\u00e3o definitiva por tr\u00e1fico de drogas e associa\u00e7\u00e3o para o tr\u00e1fico. O homem foi encaminhado ao Pres\u00eddio Regional de Crici\u00fama.<\/p>\t\t\t\t\t\t\t\t<\/div>\n\t\t\t\t<\/div>\n\t\t\t\t\t<\/div>\n\t\t<\/div>\n\t\t\t\t\t<\/div>\n\t\t<\/section>\n\t\t\t\t<\/div>\n\t\t","protected":false},"excerpt":{"rendered":"<p>Pol\u00edcia Civil prende homem com mandado ativo por tr\u00e1fico de drogas e associa\u00e7\u00e3o para o tr\u00e1fico em Morro da Fuma\u00e7a A Pol\u00edcia Civil de Santa Catarina, por meio da Delegacia de Repress\u00e3o a Roubos de Crici\u00fama (DRR\/DIC Crici\u00fama), nesta manh\u00e3 (19\/09), ap\u00f3s troca de informa\u00e7\u00f5es de intelig\u00eancia, localizou e capturou um foragido. A pris\u00e3o ocorreu [&hellip;]<\/p>\n","protected":false},"author":5,"featured_media":23662,"comment_status":"closed","ping_status":"open","sticky":false,"template":"","format":"standard","meta":{"_monsterinsights_skip_tracking":false,"_monsterinsights_sitenote_active":false,"_monsterinsights_sitenote_note":"","_monsterinsights_sitenote_category":0,"footnotes":""},"categories":[1],"tags":[],"class_list":["post-23660","post","type-post","status-publish","format-standard","has-post-thumbnail","hentry","category-sem-categoria"],"_links":{"self":[{"href":"https:\/\/pc.sc.gov.br\/index.php?rest_route=\/wp\/v2\/posts\/23660","targetHints":{"allow":["GET"]}}],"collection":[{"href":"https:\/\/pc.sc.gov.br\/index.php?rest_route=\/wp\/v2\/posts"}],"about":[{"href":"https:\/\/pc.sc.gov.br\/index.php?rest_route=\/wp\/v2\/types\/post"}],"author":[{"embeddable":true,"href":"https:\/\/pc.sc.gov.br\/index.php?rest_route=\/wp\/v2\/users\/5"}],"replies":[{"embeddable":true,"href":"https:\/\/pc.sc.gov.br\/index.php?rest_route=%2Fwp%2Fv2%2Fcomments&post=23660"}],"version-history":[{"count":4,"href":"https:\/\/pc.sc.gov.br\/index.php?rest_route=\/wp\/v2\/posts\/23660\/revisions"}],"predecessor-version":[{"id":23665,"href":"https:\/\/pc.sc.gov.br\/index.php?rest_route=\/wp\/v2\/posts\/23660\/revisions\/23665"}],"wp:featuredmedia":[{"embeddable":true,"href":"https:\/\/pc.sc.gov.br\/index.php?rest_route=\/wp\/v2\/media\/23662"}],"wp:attachment":[{"href":"https:\/\/pc.sc.gov.br\/index.php?rest_route=%2Fwp%2Fv2%2Fmedia&parent=23660"}],"wp:term":[{"taxonomy":"category","embeddable":true,"href":"https:\/\/pc.sc.gov.br\/index.php?rest_route=%2Fwp%2Fv2%2Fcategories&post=23660"},{"taxonomy":"post_tag","embeddable":true,"href":"https:\/\/pc.sc.gov.br\/index.php?rest_route=%2Fwp%2Fv2%2Ftags&post=23660"}],"curies":[{"name":"wp","href":"https:\/\/api.w.org\/{rel}","templated":true}]}}