{"id":23673,"date":"2024-09-23T14:52:19","date_gmt":"2024-09-23T17:52:19","guid":{"rendered":"https:\/\/pc.sc.gov.br\/?p=23673"},"modified":"2024-09-23T14:53:05","modified_gmt":"2024-09-23T17:53:05","slug":"policia-civil-prende-suspeito-por-trafico-de-drogas-e-apreende-mais-de-meio-quilo-de-cocaina-em-tubarao","status":"publish","type":"post","link":"https:\/\/pc.sc.gov.br\/?p=23673","title":{"rendered":"Pol\u00edcia Civil prende suspeito por tr\u00e1fico de drogas e apreende mais de meio quilo de coca\u00edna em Tubar\u00e3o"},"content":{"rendered":"\t\t<div data-elementor-type=\"wp-post\" data-elementor-id=\"23673\" class=\"elementor elementor-23673\" data-elementor-post-type=\"post\">\n\t\t\t\t\t\t<section class=\"elementor-section elementor-top-section elementor-element elementor-element-443dcd8 elementor-section-boxed elementor-section-height-default elementor-section-height-default\" data-id=\"443dcd8\" data-element_type=\"section\">\n\t\t\t\t\t\t<div class=\"elementor-container elementor-column-gap-default\">\n\t\t\t\t\t<div class=\"elementor-column elementor-col-100 elementor-top-column elementor-element elementor-element-6a6a106\" data-id=\"6a6a106\" data-element_type=\"column\">\n\t\t\t<div class=\"elementor-widget-wrap elementor-element-populated\">\n\t\t\t\t\t\t<div class=\"elementor-element elementor-element-1ca6870 elementor-widget elementor-widget-heading\" data-id=\"1ca6870\" data-element_type=\"widget\" data-widget_type=\"heading.default\">\n\t\t\t\t<div class=\"elementor-widget-container\">\n\t\t\t\t\t<h2 class=\"elementor-heading-title elementor-size-default\">Pol\u00edcia Civil prende suspeito por tr\u00e1fico de drogas e apreende mais de meio quilo de coca\u00edna em Tubar\u00e3o <\/h2>\t\t\t\t<\/div>\n\t\t\t\t<\/div>\n\t\t\t\t\t<\/div>\n\t\t<\/div>\n\t\t\t\t\t<\/div>\n\t\t<\/section>\n\t\t\t\t<section class=\"elementor-section elementor-top-section elementor-element elementor-element-81b06c6 elementor-section-boxed elementor-section-height-default elementor-section-height-default\" data-id=\"81b06c6\" data-element_type=\"section\">\n\t\t\t\t\t\t<div class=\"elementor-container elementor-column-gap-default\">\n\t\t\t\t\t<div class=\"elementor-column elementor-col-100 elementor-top-column elementor-element elementor-element-de4c5be\" data-id=\"de4c5be\" data-element_type=\"column\">\n\t\t\t<div class=\"elementor-widget-wrap elementor-element-populated\">\n\t\t\t\t\t\t<div class=\"elementor-element elementor-element-a8582c1 elementor-widget elementor-widget-image\" data-id=\"a8582c1\" data-element_type=\"widget\" data-widget_type=\"image.default\">\n\t\t\t\t<div class=\"elementor-widget-container\">\n\t\t\t\t\t\t\t\t\t\t\t\t\t\t\t<img fetchpriority=\"high\" decoding=\"async\" width=\"696\" height=\"700\" src=\"https:\/\/pc.sc.gov.br\/\/wp-content\/uploads\/2024\/09\/WhatsApp-Image-2024-09-20-at-23.16.13-1018x1024.jpeg\" class=\"attachment-large size-large wp-image-23674\" alt=\"\" srcset=\"https:\/\/pc.sc.gov.br\/\/wp-content\/uploads\/2024\/09\/WhatsApp-Image-2024-09-20-at-23.16.13-1018x1024.jpeg 1018w, https:\/\/pc.sc.gov.br\/\/wp-content\/uploads\/2024\/09\/WhatsApp-Image-2024-09-20-at-23.16.13-298x300.jpeg 298w, https:\/\/pc.sc.gov.br\/\/wp-content\/uploads\/2024\/09\/WhatsApp-Image-2024-09-20-at-23.16.13-150x150.jpeg 150w, https:\/\/pc.sc.gov.br\/\/wp-content\/uploads\/2024\/09\/WhatsApp-Image-2024-09-20-at-23.16.13-768x772.jpeg 768w, https:\/\/pc.sc.gov.br\/\/wp-content\/uploads\/2024\/09\/WhatsApp-Image-2024-09-20-at-23.16.13-1527x1536.jpeg 1527w, https:\/\/pc.sc.gov.br\/\/wp-content\/uploads\/2024\/09\/WhatsApp-Image-2024-09-20-at-23.16.13.jpeg 1591w\" sizes=\"(max-width: 696px) 100vw, 696px\" \/>\t\t\t\t\t\t\t\t\t\t\t\t\t\t\t<\/div>\n\t\t\t\t<\/div>\n\t\t\t\t\t<\/div>\n\t\t<\/div>\n\t\t\t\t\t<\/div>\n\t\t<\/section>\n\t\t\t\t<section class=\"elementor-section elementor-top-section elementor-element elementor-element-381d8ca elementor-section-boxed elementor-section-height-default elementor-section-height-default\" data-id=\"381d8ca\" data-element_type=\"section\">\n\t\t\t\t\t\t<div class=\"elementor-container elementor-column-gap-default\">\n\t\t\t\t\t<div class=\"elementor-column elementor-col-100 elementor-top-column elementor-element elementor-element-a6be0aa\" data-id=\"a6be0aa\" data-element_type=\"column\">\n\t\t\t<div class=\"elementor-widget-wrap elementor-element-populated\">\n\t\t\t\t\t\t<div class=\"elementor-element elementor-element-37630da elementor-widget elementor-widget-text-editor\" data-id=\"37630da\" data-element_type=\"widget\" data-widget_type=\"text-editor.default\">\n\t\t\t\t<div class=\"elementor-widget-container\">\n\t\t\t\t\t\t\t\t\t<p>A Pol\u00edcia Civil, por interm\u00e9dio da Delegacia de Investiga\u00e7\u00e3o Criminal de Tubar\u00e3o, prendeu, na manh\u00e3 da sexta-feira (20\/09), um indiv\u00edduo de 31 anos por tr\u00e1fico de drogas, no bairro S\u00e3o Clemente, em Tubar\u00e3o.<\/p><p>A DIC j\u00e1 vinha investigando o suspeito h\u00e1 consider\u00e1vel tempo e, recentemente, conseguiu identificar sua resid\u00eancia e o local que utilizava para armazenar seus entorpecentes. Com base nos elementos coletados foi representando por busca e apreens\u00e3o domiciliar em dois endere\u00e7os, sendo o pleito deferido pelo ju\u00edzo da 1\u00aa Vara Criminal de Tubar\u00e3o.<\/p><p>Na manh\u00e3 da sexta-feira, os policiais civis da DIC deram cumprimento aos respectivos mandados de busca e apreens\u00e3o, tendo logrado \u00eaxito em apreender mais de meio quilo de coca\u00edna em uma das resid\u00eancias, al\u00e9m de uma balan\u00e7a de precis\u00e3o e sacolas para embalo das drogas.<\/p><p>O suspeito recebeu voz de pris\u00e3o em flagrante e foi conduzido \u00e0 sede da DIC para realiza\u00e7\u00e3o dos procedimentos de Pol\u00edcia Judici\u00e1ria e, em seguida, encaminhado ao Pres\u00eddio Regional de Tubar\u00e3o.<\/p>\t\t\t\t\t\t\t\t<\/div>\n\t\t\t\t<\/div>\n\t\t\t\t\t<\/div>\n\t\t<\/div>\n\t\t\t\t\t<\/div>\n\t\t<\/section>\n\t\t\t\t<\/div>\n\t\t","protected":false},"excerpt":{"rendered":"<p>Pol\u00edcia Civil prende suspeito por tr\u00e1fico de drogas e apreende mais de meio quilo de coca\u00edna em Tubar\u00e3o A Pol\u00edcia Civil, por interm\u00e9dio da Delegacia de Investiga\u00e7\u00e3o Criminal de Tubar\u00e3o, prendeu, na manh\u00e3 da sexta-feira (20\/09), um indiv\u00edduo de 31 anos por tr\u00e1fico de drogas, no bairro S\u00e3o Clemente, em Tubar\u00e3o. A DIC j\u00e1 vinha [&hellip;]<\/p>\n","protected":false},"author":5,"featured_media":23674,"comment_status":"closed","ping_status":"open","sticky":false,"template":"","format":"standard","meta":{"_monsterinsights_skip_tracking":false,"_monsterinsights_sitenote_active":false,"_monsterinsights_sitenote_note":"","_monsterinsights_sitenote_category":0,"footnotes":""},"categories":[1],"tags":[],"class_list":["post-23673","post","type-post","status-publish","format-standard","has-post-thumbnail","hentry","category-sem-categoria"],"_links":{"self":[{"href":"https:\/\/pc.sc.gov.br\/index.php?rest_route=\/wp\/v2\/posts\/23673","targetHints":{"allow":["GET"]}}],"collection":[{"href":"https:\/\/pc.sc.gov.br\/index.php?rest_route=\/wp\/v2\/posts"}],"about":[{"href":"https:\/\/pc.sc.gov.br\/index.php?rest_route=\/wp\/v2\/types\/post"}],"author":[{"embeddable":true,"href":"https:\/\/pc.sc.gov.br\/index.php?rest_route=\/wp\/v2\/users\/5"}],"replies":[{"embeddable":true,"href":"https:\/\/pc.sc.gov.br\/index.php?rest_route=%2Fwp%2Fv2%2Fcomments&post=23673"}],"version-history":[{"count":4,"href":"https:\/\/pc.sc.gov.br\/index.php?rest_route=\/wp\/v2\/posts\/23673\/revisions"}],"predecessor-version":[{"id":23678,"href":"https:\/\/pc.sc.gov.br\/index.php?rest_route=\/wp\/v2\/posts\/23673\/revisions\/23678"}],"wp:featuredmedia":[{"embeddable":true,"href":"https:\/\/pc.sc.gov.br\/index.php?rest_route=\/wp\/v2\/media\/23674"}],"wp:attachment":[{"href":"https:\/\/pc.sc.gov.br\/index.php?rest_route=%2Fwp%2Fv2%2Fmedia&parent=23673"}],"wp:term":[{"taxonomy":"category","embeddable":true,"href":"https:\/\/pc.sc.gov.br\/index.php?rest_route=%2Fwp%2Fv2%2Fcategories&post=23673"},{"taxonomy":"post_tag","embeddable":true,"href":"https:\/\/pc.sc.gov.br\/index.php?rest_route=%2Fwp%2Fv2%2Ftags&post=23673"}],"curies":[{"name":"wp","href":"https:\/\/api.w.org\/{rel}","templated":true}]}}