{"id":23699,"date":"2024-09-24T19:45:39","date_gmt":"2024-09-24T22:45:39","guid":{"rendered":"https:\/\/pc.sc.gov.br\/?p=23699"},"modified":"2024-09-24T19:46:30","modified_gmt":"2024-09-24T22:46:30","slug":"policia-civil-deflagra-operacao-barao-s-a-e-desmantela-grupo-criminoso-voltado-ao-trafico-de-drogas-em-tubarao","status":"publish","type":"post","link":"https:\/\/pc.sc.gov.br\/?p=23699","title":{"rendered":"Pol\u00edcia Civil deflagra opera\u00e7\u00e3o \u201cBar\u00e3o S.A.\u201d e desmantela grupo criminoso voltado ao tr\u00e1fico de drogas em Tubar\u00e3o"},"content":{"rendered":"\t\t<div data-elementor-type=\"wp-post\" data-elementor-id=\"23699\" class=\"elementor elementor-23699\" data-elementor-post-type=\"post\">\n\t\t\t\t\t\t<section class=\"elementor-section elementor-top-section elementor-element elementor-element-9c10a63 elementor-section-boxed elementor-section-height-default elementor-section-height-default\" data-id=\"9c10a63\" data-element_type=\"section\">\n\t\t\t\t\t\t<div class=\"elementor-container elementor-column-gap-default\">\n\t\t\t\t\t<div class=\"elementor-column elementor-col-100 elementor-top-column elementor-element elementor-element-c2f2b3a\" data-id=\"c2f2b3a\" data-element_type=\"column\">\n\t\t\t<div class=\"elementor-widget-wrap elementor-element-populated\">\n\t\t\t\t\t\t<div class=\"elementor-element elementor-element-90dd485 elementor-widget elementor-widget-heading\" data-id=\"90dd485\" data-element_type=\"widget\" data-widget_type=\"heading.default\">\n\t\t\t\t<div class=\"elementor-widget-container\">\n\t\t\t\t\t<h2 class=\"elementor-heading-title elementor-size-default\">Pol\u00edcia Civil deflagra opera\u00e7\u00e3o \u201cBar\u00e3o S.A.\u201d e desmantela grupo criminoso voltado ao tr\u00e1fico de drogas em Tubar\u00e3o <\/h2>\t\t\t\t<\/div>\n\t\t\t\t<\/div>\n\t\t\t\t\t<\/div>\n\t\t<\/div>\n\t\t\t\t\t<\/div>\n\t\t<\/section>\n\t\t\t\t<section class=\"elementor-section elementor-top-section elementor-element elementor-element-660642b elementor-section-boxed elementor-section-height-default elementor-section-height-default\" data-id=\"660642b\" data-element_type=\"section\">\n\t\t\t\t\t\t<div class=\"elementor-container elementor-column-gap-default\">\n\t\t\t\t\t<div class=\"elementor-column elementor-col-100 elementor-top-column elementor-element elementor-element-75dd017\" data-id=\"75dd017\" data-element_type=\"column\">\n\t\t\t<div class=\"elementor-widget-wrap elementor-element-populated\">\n\t\t\t\t\t\t<div class=\"elementor-element elementor-element-de9c39a elementor-widget elementor-widget-image\" data-id=\"de9c39a\" data-element_type=\"widget\" data-widget_type=\"image.default\">\n\t\t\t\t<div class=\"elementor-widget-container\">\n\t\t\t\t\t\t\t\t\t\t\t\t\t\t\t<img fetchpriority=\"high\" decoding=\"async\" width=\"696\" height=\"663\" src=\"https:\/\/pc.sc.gov.br\/\/wp-content\/uploads\/2024\/09\/WhatsApp-Image-2024-09-24-at-15.20.44-1024x975.jpeg\" class=\"attachment-large size-large wp-image-23700\" alt=\"\" srcset=\"https:\/\/pc.sc.gov.br\/\/wp-content\/uploads\/2024\/09\/WhatsApp-Image-2024-09-24-at-15.20.44-1024x975.jpeg 1024w, https:\/\/pc.sc.gov.br\/\/wp-content\/uploads\/2024\/09\/WhatsApp-Image-2024-09-24-at-15.20.44-300x286.jpeg 300w, https:\/\/pc.sc.gov.br\/\/wp-content\/uploads\/2024\/09\/WhatsApp-Image-2024-09-24-at-15.20.44-768x731.jpeg 768w, https:\/\/pc.sc.gov.br\/\/wp-content\/uploads\/2024\/09\/WhatsApp-Image-2024-09-24-at-15.20.44-1536x1462.jpeg 1536w, https:\/\/pc.sc.gov.br\/\/wp-content\/uploads\/2024\/09\/WhatsApp-Image-2024-09-24-at-15.20.44.jpeg 1600w\" sizes=\"(max-width: 696px) 100vw, 696px\" \/>\t\t\t\t\t\t\t\t\t\t\t\t\t\t\t<\/div>\n\t\t\t\t<\/div>\n\t\t\t\t\t<\/div>\n\t\t<\/div>\n\t\t\t\t\t<\/div>\n\t\t<\/section>\n\t\t\t\t<section class=\"elementor-section elementor-top-section elementor-element elementor-element-69bd395 elementor-section-boxed elementor-section-height-default elementor-section-height-default\" data-id=\"69bd395\" data-element_type=\"section\">\n\t\t\t\t\t\t<div class=\"elementor-container elementor-column-gap-default\">\n\t\t\t\t\t<div class=\"elementor-column elementor-col-100 elementor-top-column elementor-element elementor-element-e2d5ce5\" data-id=\"e2d5ce5\" data-element_type=\"column\">\n\t\t\t<div class=\"elementor-widget-wrap elementor-element-populated\">\n\t\t\t\t\t\t<div class=\"elementor-element elementor-element-b837020 elementor-widget elementor-widget-text-editor\" data-id=\"b837020\" data-element_type=\"widget\" data-widget_type=\"text-editor.default\">\n\t\t\t\t<div class=\"elementor-widget-container\">\n\t\t\t\t\t\t\t\t\t<p>Nesta ter\u00e7a-feira (24\/09), a Pol\u00edcia Civil de Santa Catarina, por meio da Delegacia de Investiga\u00e7\u00e3o Criminal de Tubar\u00e3o, deflagrou a opera\u00e7\u00e3o \u201cBar\u00e3o S.A.\u201d, destinada a dar cumprimento a 10 mandados de pris\u00e3o preventiva e 11 mandados de busca e apreens\u00e3o nas cidades de Tubar\u00e3o e Palho\u00e7a.<\/p><p>As investiga\u00e7\u00f5es tramitam h\u00e1 4 meses e a equipe logrou \u00eaxito em identificar todos os integrantes da principal rede de tele-entrega de drogas da cidade de Tubar\u00e3o. O grupo criminoso comercializava grande quantidade de entorpecentes e movimentava vultosas quantias em dinheiro.<\/p><p>Durante a opera\u00e7\u00e3o, foram apreendidos cerca de 13kg de maconha, 700 comprimidos de ecstasy, 340g de skank e por\u00e7\u00f5es de coca\u00edna. Oito investigados foram presos preventivamente e tr\u00eas indiv\u00edduos foram presos em flagrante.<\/p><p>Os presos foram conduzidos \u00e0 sede da DIC e, ap\u00f3s os procedimentos de Pol\u00edcia Judici\u00e1ria, encaminhados ao Pres\u00eddio Regional de Tubar\u00e3o.<\/p><p>Cerca de 50 policiais participaram da opera\u00e7\u00e3o, que contou com o apoio das seguintes unidades: DRP, DPCAMI, 1\u00aa e 3\u00aa DPCo de Tubar\u00e3o, DP de Capivari de Baixo, DP de Jaguaruna e Sang\u00e3o, DPMus de Gravatal e S\u00e3o Martinho, DP de Bra\u00e7o do Norte e de Gr\u00e3o Par\u00e1, N\u00facleo de Opera\u00e7\u00f5es com C\u00e3es de Crici\u00fama e Itajai, DPs de Garopaba e Paulo Lopes, DP de Imaru\u00ed, DPs de I\u00e7ara e Morro da Fuma\u00e7a, DIC de Palho\u00e7a e 1\u00aa DP da Capital.<\/p>\t\t\t\t\t\t\t\t<\/div>\n\t\t\t\t<\/div>\n\t\t\t\t\t<\/div>\n\t\t<\/div>\n\t\t\t\t\t<\/div>\n\t\t<\/section>\n\t\t\t\t<section class=\"elementor-section elementor-top-section elementor-element elementor-element-366e9b6 elementor-section-boxed elementor-section-height-default elementor-section-height-default\" data-id=\"366e9b6\" data-element_type=\"section\">\n\t\t\t\t\t\t<div class=\"elementor-container elementor-column-gap-default\">\n\t\t\t\t\t<div class=\"elementor-column elementor-col-100 elementor-top-column elementor-element elementor-element-501976b\" data-id=\"501976b\" data-element_type=\"column\">\n\t\t\t<div class=\"elementor-widget-wrap elementor-element-populated\">\n\t\t\t\t\t\t<div class=\"elementor-element elementor-element-bc47838 elementor-widget elementor-widget-image\" data-id=\"bc47838\" data-element_type=\"widget\" data-widget_type=\"image.default\">\n\t\t\t\t<div class=\"elementor-widget-container\">\n\t\t\t\t\t\t\t\t\t\t\t\t\t\t\t<img decoding=\"async\" width=\"696\" height=\"522\" src=\"https:\/\/pc.sc.gov.br\/\/wp-content\/uploads\/2024\/09\/WhatsApp-Image-2024-09-24-at-15.20.41-1024x768.jpeg\" class=\"attachment-large size-large wp-image-23702\" alt=\"\" srcset=\"https:\/\/pc.sc.gov.br\/\/wp-content\/uploads\/2024\/09\/WhatsApp-Image-2024-09-24-at-15.20.41-1024x768.jpeg 1024w, https:\/\/pc.sc.gov.br\/\/wp-content\/uploads\/2024\/09\/WhatsApp-Image-2024-09-24-at-15.20.41-300x225.jpeg 300w, https:\/\/pc.sc.gov.br\/\/wp-content\/uploads\/2024\/09\/WhatsApp-Image-2024-09-24-at-15.20.41-768x576.jpeg 768w, https:\/\/pc.sc.gov.br\/\/wp-content\/uploads\/2024\/09\/WhatsApp-Image-2024-09-24-at-15.20.41-1536x1152.jpeg 1536w, https:\/\/pc.sc.gov.br\/\/wp-content\/uploads\/2024\/09\/WhatsApp-Image-2024-09-24-at-15.20.41.jpeg 1600w\" sizes=\"(max-width: 696px) 100vw, 696px\" \/>\t\t\t\t\t\t\t\t\t\t\t\t\t\t\t<\/div>\n\t\t\t\t<\/div>\n\t\t\t\t\t<\/div>\n\t\t<\/div>\n\t\t\t\t\t<\/div>\n\t\t<\/section>\n\t\t\t\t<\/div>\n\t\t","protected":false},"excerpt":{"rendered":"<p>Pol\u00edcia Civil deflagra opera\u00e7\u00e3o \u201cBar\u00e3o S.A.\u201d e desmantela grupo criminoso voltado ao tr\u00e1fico de drogas em Tubar\u00e3o Nesta ter\u00e7a-feira (24\/09), a Pol\u00edcia Civil de Santa Catarina, por meio da Delegacia de Investiga\u00e7\u00e3o Criminal de Tubar\u00e3o, deflagrou a opera\u00e7\u00e3o \u201cBar\u00e3o S.A.\u201d, destinada a dar cumprimento a 10 mandados de pris\u00e3o preventiva e 11 mandados de busca [&hellip;]<\/p>\n","protected":false},"author":5,"featured_media":23700,"comment_status":"closed","ping_status":"open","sticky":false,"template":"","format":"standard","meta":{"_monsterinsights_skip_tracking":false,"_monsterinsights_sitenote_active":false,"_monsterinsights_sitenote_note":"","_monsterinsights_sitenote_category":0,"footnotes":""},"categories":[1],"tags":[],"class_list":["post-23699","post","type-post","status-publish","format-standard","has-post-thumbnail","hentry","category-sem-categoria"],"_links":{"self":[{"href":"https:\/\/pc.sc.gov.br\/index.php?rest_route=\/wp\/v2\/posts\/23699","targetHints":{"allow":["GET"]}}],"collection":[{"href":"https:\/\/pc.sc.gov.br\/index.php?rest_route=\/wp\/v2\/posts"}],"about":[{"href":"https:\/\/pc.sc.gov.br\/index.php?rest_route=\/wp\/v2\/types\/post"}],"author":[{"embeddable":true,"href":"https:\/\/pc.sc.gov.br\/index.php?rest_route=\/wp\/v2\/users\/5"}],"replies":[{"embeddable":true,"href":"https:\/\/pc.sc.gov.br\/index.php?rest_route=%2Fwp%2Fv2%2Fcomments&post=23699"}],"version-history":[{"count":4,"href":"https:\/\/pc.sc.gov.br\/index.php?rest_route=\/wp\/v2\/posts\/23699\/revisions"}],"predecessor-version":[{"id":23705,"href":"https:\/\/pc.sc.gov.br\/index.php?rest_route=\/wp\/v2\/posts\/23699\/revisions\/23705"}],"wp:featuredmedia":[{"embeddable":true,"href":"https:\/\/pc.sc.gov.br\/index.php?rest_route=\/wp\/v2\/media\/23700"}],"wp:attachment":[{"href":"https:\/\/pc.sc.gov.br\/index.php?rest_route=%2Fwp%2Fv2%2Fmedia&parent=23699"}],"wp:term":[{"taxonomy":"category","embeddable":true,"href":"https:\/\/pc.sc.gov.br\/index.php?rest_route=%2Fwp%2Fv2%2Fcategories&post=23699"},{"taxonomy":"post_tag","embeddable":true,"href":"https:\/\/pc.sc.gov.br\/index.php?rest_route=%2Fwp%2Fv2%2Ftags&post=23699"}],"curies":[{"name":"wp","href":"https:\/\/api.w.org\/{rel}","templated":true}]}}