{"id":23706,"date":"2024-09-25T09:28:09","date_gmt":"2024-09-25T12:28:09","guid":{"rendered":"https:\/\/pc.sc.gov.br\/?p=23706"},"modified":"2024-09-25T13:33:01","modified_gmt":"2024-09-25T16:33:01","slug":"com-informacoes-da-delegacia-de-capturas-mais-um-procurado-do-portal-foragidos-e-capturado-no-para","status":"publish","type":"post","link":"https:\/\/pc.sc.gov.br\/?p=23706","title":{"rendered":"No Par\u00e1, investiga\u00e7\u00e3o da Delegacia de Capturas resulta na pris\u00e3o de mais um procurado do Portal de Foragidos"},"content":{"rendered":"\t\t<div data-elementor-type=\"wp-post\" data-elementor-id=\"23706\" class=\"elementor elementor-23706\" data-elementor-post-type=\"post\">\n\t\t\t\t\t\t<section class=\"elementor-section elementor-top-section elementor-element elementor-element-eaf1bfb elementor-section-boxed elementor-section-height-default elementor-section-height-default\" data-id=\"eaf1bfb\" data-element_type=\"section\">\n\t\t\t\t\t\t<div class=\"elementor-container elementor-column-gap-default\">\n\t\t\t\t\t<div class=\"elementor-column elementor-col-100 elementor-top-column elementor-element elementor-element-4e13c2b\" data-id=\"4e13c2b\" data-element_type=\"column\">\n\t\t\t<div class=\"elementor-widget-wrap elementor-element-populated\">\n\t\t\t\t\t\t<div class=\"elementor-element elementor-element-e0dff35 elementor-widget elementor-widget-heading\" data-id=\"e0dff35\" data-element_type=\"widget\" data-widget_type=\"heading.default\">\n\t\t\t\t<div class=\"elementor-widget-container\">\n\t\t\t\t\t<h2 class=\"elementor-heading-title elementor-size-default\">No Par\u00e1, investiga\u00e7\u00e3o da Delegacia de Capturas resulta na pris\u00e3o de mais um procurado do Portal de Foragidos<\/h2>\t\t\t\t<\/div>\n\t\t\t\t<\/div>\n\t\t\t\t\t<\/div>\n\t\t<\/div>\n\t\t\t\t\t<\/div>\n\t\t<\/section>\n\t\t\t\t<section class=\"elementor-section elementor-top-section elementor-element elementor-element-932f36f elementor-section-boxed elementor-section-height-default elementor-section-height-default\" data-id=\"932f36f\" data-element_type=\"section\">\n\t\t\t\t\t\t<div class=\"elementor-container elementor-column-gap-default\">\n\t\t\t\t\t<div class=\"elementor-column elementor-col-100 elementor-top-column elementor-element elementor-element-3f05294\" data-id=\"3f05294\" data-element_type=\"column\">\n\t\t\t<div class=\"elementor-widget-wrap elementor-element-populated\">\n\t\t\t\t\t\t<div class=\"elementor-element elementor-element-68a571e elementor-widget elementor-widget-image\" data-id=\"68a571e\" data-element_type=\"widget\" data-widget_type=\"image.default\">\n\t\t\t\t<div class=\"elementor-widget-container\">\n\t\t\t\t\t\t\t\t\t\t\t\t\t\t\t<img fetchpriority=\"high\" decoding=\"async\" width=\"696\" height=\"696\" src=\"https:\/\/pc.sc.gov.br\/\/wp-content\/uploads\/2024\/09\/ASCOM-FEED-74-1024x1024.jpg\" class=\"attachment-large size-large wp-image-23574\" alt=\"\" srcset=\"https:\/\/pc.sc.gov.br\/\/wp-content\/uploads\/2024\/09\/ASCOM-FEED-74-1024x1024.jpg 1024w, https:\/\/pc.sc.gov.br\/\/wp-content\/uploads\/2024\/09\/ASCOM-FEED-74-300x300.jpg 300w, https:\/\/pc.sc.gov.br\/\/wp-content\/uploads\/2024\/09\/ASCOM-FEED-74-150x150.jpg 150w, https:\/\/pc.sc.gov.br\/\/wp-content\/uploads\/2024\/09\/ASCOM-FEED-74-768x768.jpg 768w, https:\/\/pc.sc.gov.br\/\/wp-content\/uploads\/2024\/09\/ASCOM-FEED-74.jpg 1080w\" sizes=\"(max-width: 696px) 100vw, 696px\" \/>\t\t\t\t\t\t\t\t\t\t\t\t\t\t\t<\/div>\n\t\t\t\t<\/div>\n\t\t\t\t\t<\/div>\n\t\t<\/div>\n\t\t\t\t\t<\/div>\n\t\t<\/section>\n\t\t\t\t<section class=\"elementor-section elementor-top-section elementor-element elementor-element-816fa46 elementor-section-boxed elementor-section-height-default elementor-section-height-default\" data-id=\"816fa46\" data-element_type=\"section\">\n\t\t\t\t\t\t<div class=\"elementor-container elementor-column-gap-default\">\n\t\t\t\t\t<div class=\"elementor-column elementor-col-100 elementor-top-column elementor-element elementor-element-05ad083\" data-id=\"05ad083\" data-element_type=\"column\">\n\t\t\t<div class=\"elementor-widget-wrap elementor-element-populated\">\n\t\t\t\t\t\t<div class=\"elementor-element elementor-element-69c42e3 elementor-widget elementor-widget-text-editor\" data-id=\"69c42e3\" data-element_type=\"widget\" data-widget_type=\"text-editor.default\">\n\t\t\t\t<div class=\"elementor-widget-container\">\n\t\t\t\t\t\t\t\t\t<p>Nesta quarta-feira (25\/09), a Pol\u00edcia Civil de Santa Catarina, por meio da Delegacia de Capturas da Diretoria Estadual de Investiga\u00e7\u00f5es Criminais, em a\u00e7\u00e3o conjunta com a Pol\u00edcia Civil do Par\u00e1, por meio do N\u00facleo de Apoio \u00e0 Investiga\u00e7\u00e3o de Castanhal da Delegacia de Homic\u00eddios, cumpriu dois mandados de pris\u00e3o, expedidos pelo Poder Judici\u00e1rio de Santa Catarina, em desfavor de um homem pelos crimes de homic\u00eddio e roubo.<\/p>\n<p>O homem estava entre os foragidos mais procurados de Santa Catarina, sendo considerado um indiv\u00edduo de alta periculosidade, principalmente em decorr\u00eancia da pr\u00e1tica de um homic\u00eddio qualificado na regi\u00e3o de Joinville, no ano de 2018.<\/p>\n<p>Ele levava uma vida tranquila em uma comunidade no interior do munic\u00edpio de Santa Izabel do Par\u00e1 \u2013 distante de cerca de 40 km da capital Bel\u00e9m. Segundo informa\u00e7\u00f5es levantadas, o homem teria se passado por um irm\u00e3o que reside no estado de Santa Catarina e conseguido, desta forma, trabalhar esporadicamente em uma serraria pr\u00f3xima \u00e0 regi\u00e3o onde foi capturado.<\/p>\n<p>A DECAP\/DEIC refor\u00e7a o seu compromisso em prol da seguran\u00e7a da sociedade catarinense e se compromete com as demais unidades policiais do estado no aux\u00edlio \u00e0 captura de foragidos.<\/p>\n<p>Den\u00fancias e informa\u00e7\u00f5es relacionadas a foragidos da Justi\u00e7a podem ser encaminhadas para o e-mail deic-capturas@pc.sc.gov.br. Al\u00e9m disso, pelo&nbsp;<strong><a href=\"https:\/\/sistemas.pc.sc.gov.br\/foragidos\/\">Portal Foragidos&nbsp;da PCSC<\/a>&nbsp;<\/strong>\u00e9 poss\u00edvel conhecer a rela\u00e7\u00e3o de procurados pela Justi\u00e7a. A Pol\u00edcia Civil de Santa Catarina garante o anonimato de quem prestar informa\u00e7\u00f5es sobre foragidos.<span style=\"font-weight: var( --e-global-typography-primary-font-weight );\">&nbsp;<\/span><\/p>\t\t\t\t\t\t\t\t<\/div>\n\t\t\t\t<\/div>\n\t\t\t\t\t<\/div>\n\t\t<\/div>\n\t\t\t\t\t<\/div>\n\t\t<\/section>\n\t\t\t\t<\/div>\n\t\t","protected":false},"excerpt":{"rendered":"<p>No Par\u00e1, investiga\u00e7\u00e3o da Delegacia de Capturas resulta na pris\u00e3o de mais um procurado do Portal de Foragidos Nesta quarta-feira (25\/09), a Pol\u00edcia Civil de Santa Catarina, por meio da Delegacia de Capturas da Diretoria Estadual de Investiga\u00e7\u00f5es Criminais, em a\u00e7\u00e3o conjunta com a Pol\u00edcia Civil do Par\u00e1, por meio do N\u00facleo de Apoio \u00e0 [&hellip;]<\/p>\n","protected":false},"author":5,"featured_media":23574,"comment_status":"closed","ping_status":"open","sticky":false,"template":"","format":"standard","meta":{"_monsterinsights_skip_tracking":false,"_monsterinsights_sitenote_active":false,"_monsterinsights_sitenote_note":"","_monsterinsights_sitenote_category":0,"footnotes":""},"categories":[1],"tags":[],"class_list":["post-23706","post","type-post","status-publish","format-standard","has-post-thumbnail","hentry","category-sem-categoria"],"_links":{"self":[{"href":"https:\/\/pc.sc.gov.br\/index.php?rest_route=\/wp\/v2\/posts\/23706","targetHints":{"allow":["GET"]}}],"collection":[{"href":"https:\/\/pc.sc.gov.br\/index.php?rest_route=\/wp\/v2\/posts"}],"about":[{"href":"https:\/\/pc.sc.gov.br\/index.php?rest_route=\/wp\/v2\/types\/post"}],"author":[{"embeddable":true,"href":"https:\/\/pc.sc.gov.br\/index.php?rest_route=\/wp\/v2\/users\/5"}],"replies":[{"embeddable":true,"href":"https:\/\/pc.sc.gov.br\/index.php?rest_route=%2Fwp%2Fv2%2Fcomments&post=23706"}],"version-history":[{"count":12,"href":"https:\/\/pc.sc.gov.br\/index.php?rest_route=\/wp\/v2\/posts\/23706\/revisions"}],"predecessor-version":[{"id":23719,"href":"https:\/\/pc.sc.gov.br\/index.php?rest_route=\/wp\/v2\/posts\/23706\/revisions\/23719"}],"wp:featuredmedia":[{"embeddable":true,"href":"https:\/\/pc.sc.gov.br\/index.php?rest_route=\/wp\/v2\/media\/23574"}],"wp:attachment":[{"href":"https:\/\/pc.sc.gov.br\/index.php?rest_route=%2Fwp%2Fv2%2Fmedia&parent=23706"}],"wp:term":[{"taxonomy":"category","embeddable":true,"href":"https:\/\/pc.sc.gov.br\/index.php?rest_route=%2Fwp%2Fv2%2Fcategories&post=23706"},{"taxonomy":"post_tag","embeddable":true,"href":"https:\/\/pc.sc.gov.br\/index.php?rest_route=%2Fwp%2Fv2%2Ftags&post=23706"}],"curies":[{"name":"wp","href":"https:\/\/api.w.org\/{rel}","templated":true}]}}